

{"id":90009,"date":"2023-09-29T13:19:32","date_gmt":"2023-09-29T16:19:32","guid":{"rendered":"https:\/\/www.seguranca.go.gov.br\/?p=90009"},"modified":"2023-09-29T13:19:32","modified_gmt":"2023-09-29T16:19:32","slug":"aviso-de-licitacao-de-tomada-de-precos-no-002-2023-pmgo","status":"publish","type":"post","link":"https:\/\/goias.gov.br\/seguranca\/aviso-de-licitacao-de-tomada-de-precos-no-002-2023-pmgo\/","title":{"rendered":"AVISO DE LICITA\u00c7\u00c3O DE TOMADA DE PRE\u00c7OS N\u00ba 002\/2023\/PMGO."},"content":{"rendered":"<p class=\"western\" lang=\"zxx\" style=\"text-align: justify\"><span style=\"font-family: Arial, sans-serif\"><span style=\"font-size: medium\"><span lang=\"pt-BR\">A Pol\u00edcia Militar do Estado de Goi\u00e1s &#8211; PMGO torna p\u00fablica a realiza\u00e7\u00e3o de procedimento licitat\u00f3rio, em sess\u00e3o p\u00fablica, cuja c\u00f3pia do edital encontra-se \u00e0 disposi\u00e7\u00e3o dos interessados nos sites: <\/span><\/span><\/span><span style=\"color: #0000ff\"><u><a href=\"https:\/\/www.comprasnet.go.gov.br\/\"><span style=\"font-family: Arial, sans-serif\"><span style=\"font-size: medium\"><span lang=\"pt-BR\">www.comprasnet.go.gov.br<\/span><\/span><\/span><\/a><\/u><\/span><span style=\"font-family: Arial, sans-serif\"><span style=\"font-size: medium\"><span lang=\"pt-BR\">, <\/span><\/span><\/span><span style=\"color: #0000ff\"><u><span style=\"font-family: Arial, sans-serif\"><span style=\"font-size: medium\"><span lang=\"pt-BR\"><a href=\"https:\/\/www.pm.go.gov.br\/\">https:\/\/www.pm.go.gov.br<\/a> <\/span><\/span><\/span><\/u><\/span><span style=\"font-family: Arial, sans-serif\"><span style=\"font-size: medium\"><span lang=\"pt-BR\">e https:\/\/siteshom.goias.gov.br\/seguranca.<\/span><\/span><\/span><\/p>\n<p class=\"western\" lang=\"zxx\" style=\"text-align: justify\"><span style=\"font-family: Arial, sans-serif\"><span style=\"font-size: medium\"><span lang=\"pt-BR\"><b>MODALIDADE:<\/b><\/span><\/span><\/span><span style=\"font-family: Arial, sans-serif\"><span style=\"font-size: medium\"><span lang=\"pt-BR\"> Tomada De Pre\u00e7os n\u00ba 002\/2023\/PMGO do <\/span><\/span><\/span><span style=\"font-family: Arial, sans-serif\"><span style=\"font-size: medium\"><span lang=\"pt-BR\"><b>TIPO<\/b><\/span><\/span><\/span><span style=\"font-family: Arial, sans-serif\"><span style=\"font-size: medium\"><span lang=\"pt-BR\"> Menor Pre\u00e7o por LOTE, sob o regime de execu\u00e7\u00e3o EMPREITADA POR PRE\u00c7O GLOBAL, para DISPUTA GERAL. <\/span><\/span><\/span><span style=\"font-family: Arial, sans-serif\"><span style=\"font-size: medium\"><span lang=\"pt-BR\"><b>PROCESSO<\/b><\/span><\/span><\/span><span style=\"font-family: Arial, sans-serif\"><span style=\"font-size: medium\"><span lang=\"pt-BR\">: 202300002099344. <\/span><\/span><\/span><span style=\"font-family: Arial, sans-serif\"><span style=\"font-size: medium\"><span lang=\"pt-BR\"><b>OBJETO:<\/b><\/span><\/span><\/span><span style=\"font-family: Arial, sans-serif\"><span style=\"font-size: medium\"><span lang=\"pt-BR\"> Contrata\u00e7\u00e3o de empresa especializada em obras e servi\u00e7os t\u00e9cnicos de engenharia para a Constru\u00e7\u00e3o da sede da 9\u00aa Companhia Independente de Pol\u00edcia Militar &#8211; 9\u00aa CIPM\/CPE &#8211; 16\u00ba CRPM no munic\u00edpio de Trindade\/GO<\/span><\/span><\/span><strong><span style=\"color: #000000\"><span style=\"font-family: Arial, sans-serif\"><span style=\"font-size: medium\"><span lang=\"pt-BR\">.<\/span><\/span><\/span><\/span><\/strong><span style=\"font-family: Arial, sans-serif\"><span style=\"font-size: medium\"><span lang=\"pt-BR\"> As propostas e documentos ser\u00e3o recebidos presencialmente na sede do CALTI na Rua 115, n\u00ba 04, Setor Sul, Goi\u00e2nia-Goi\u00e1s<\/span><\/span><\/span><span style=\"font-family: Arial, sans-serif\"><span style=\"font-size: medium\"><span lang=\"pt-BR\">. <\/span><\/span><\/span><span style=\"font-family: Arial, sans-serif\"><span style=\"font-size: medium\"><span lang=\"pt-BR\"><b>ABERTURA DA SESS\u00c3O P\u00daBLICA:<\/b><\/span><\/span><\/span><span style=\"font-family: Arial, sans-serif\"><span style=\"font-size: medium\"><span lang=\"pt-BR\"> 26<\/span><\/span><\/span><span style=\"font-family: Arial, sans-serif\"><span style=\"font-size: medium\"><span lang=\"pt-BR\">\/10\/2023. <\/span><\/span><\/span><span style=\"font-family: Arial, sans-serif\"><span style=\"font-size: medium\"><span lang=\"pt-BR\"><b>HORA:<\/b><\/span><\/span><\/span><span style=\"font-family: Arial, sans-serif\"><span style=\"font-size: medium\"><span lang=\"pt-BR\"> 08h45min<\/span><\/span><\/span><span style=\"font-family: Arial, sans-serif\"><span style=\"font-size: medium\"><span lang=\"pt-BR\"> (Hor\u00e1rio de Bras\u00edlia). <\/span><\/span><\/span><span style=\"font-family: Arial, sans-serif\"><span style=\"font-size: medium\"><span lang=\"pt-BR\"><b>Valor Total Estimado:<\/b><\/span><\/span><\/span> <strong><span style=\"color: #000000\"><span style=\"font-family: Arial, sans-serif\"><span style=\"font-size: medium\"><span lang=\"pt-BR\">R$\u00a01.491.476,98 <\/span><\/span><\/span><\/span><\/strong><strong><span style=\"color: #000000\"><span style=\"font-family: Arial, sans-serif\"><span style=\"font-size: medium\"><span lang=\"pt-BR\"><b>(um milh\u00e3o, quatrocentos e noventa e um mil quatrocentos e setenta e seis reais e noventa e oito centavos)<\/b><\/span><\/span><\/span><\/span><\/strong><span style=\"font-family: Arial, sans-serif\"><span style=\"font-size: medium\"><span lang=\"pt-BR\">.<\/span><\/span><\/span><\/p>\n<p class=\"western\">\n<p class=\"western\" align=\"center\"><span style=\"font-family: Arial, sans-serif\"><span style=\"font-size: medium\">ANDR\u00c9 HENRIQUE AVELAR DE SOUSA &#8211; CORONEL PM<\/span><\/span><\/p>\n<p class=\"western\" align=\"center\"><span style=\"font-family: Arial, sans-serif\"><span style=\"font-size: medium\"><b>Comandante-Geral da PMGO<\/b><\/span><\/span><\/p>\n<p class=\"western\" align=\"center\"><span style=\"font-family: Arial, sans-serif\"><span style=\"font-size: medium\"><b>e Ordenador de Despesas<\/b><\/span><\/span><\/p>\n<p align=\"center\">\n<p style=\"text-align: left\" align=\"center\"><strong>ARQUIVOS EM PDF:<\/strong><\/p>\n<p style=\"text-align: left\" align=\"center\"><a href=\"https:\/\/goias.gov.br\/seguranca\/wp-content\/uploads\/sites\/56\/2023\/09\/edital-tomada-de-precos-no-02-2023-pmgo.pdf\" target=\"_blank\" rel=\"noopener\">Edital Tomada de Pre\u00e7os n\u00ba 02-2023-PMGO<\/a><\/p>\n<p style=\"text-align: left\" align=\"center\"><a href=\"https:\/\/goias.gov.br\/seguranca\/wp-content\/uploads\/sites\/56\/2023\/09\/anexo-i--projeto-basico-50743050.pdf\" target=\"_blank\" rel=\"noopener\">ANEXO I \u2013 Projeto B\u00e1sico (50743050)<\/a><\/p>\n<p style=\"text-align: left\" align=\"center\"><a href=\"https:\/\/goias.gov.br\/seguranca\/wp-content\/uploads\/sites\/56\/2023\/09\/anexo-i-a.-memorial-descritivo-sei-51317243.pdf\" target=\"_blank\" rel=\"noopener\">Anexo I-A. Memorial Descritivo &#8211; SEI 51317243<\/a><\/p>\n<p style=\"text-align: left\" align=\"center\"><a href=\"https:\/\/goias.gov.br\/seguranca\/wp-content\/uploads\/sites\/56\/2023\/09\/anexo-i-b.-memorial-de-calculo-sei-51316917.pdf\" target=\"_blank\" rel=\"noopener\">Anexo I-B. Memorial de C\u00e1lculo &#8211; SEI 51316917<\/a><\/p>\n<p style=\"text-align: left\" align=\"center\"><a href=\"https:\/\/goias.gov.br\/seguranca\/wp-content\/uploads\/sites\/56\/2023\/09\/anexo-i-c.-planilha-orcamentaria-sei-51316582.pdf\" target=\"_blank\" rel=\"noopener\">Anexo I-C. Planilha Or\u00e7ament\u00e1ria &#8211; SEI 51316582<\/a><\/p>\n<p style=\"text-align: left\" align=\"center\"><a href=\"https:\/\/goias.gov.br\/seguranca\/wp-content\/uploads\/sites\/56\/2023\/09\/anexo-i-d.-cronograma-fisico-financeiro-sei-51316582.pdf\" target=\"_blank\" rel=\"noopener\">Anexo I-D. Cronograma F\u00edsico Financeiro &#8211; SEI 51316582<\/a><\/p>\n<p style=\"text-align: left\" align=\"center\"><a href=\"https:\/\/goias.gov.br\/seguranca\/wp-content\/uploads\/sites\/56\/2023\/09\/anexo-i-e.-quadro-de-composicao-do-bdi-sei-51316582.pdf\" target=\"_blank\" rel=\"noopener\">Anexo I-E. Quadro de Composi\u00e7\u00e3o do BDI &#8211; SEI 51316582<\/a><\/p>\n<p style=\"text-align: left\" align=\"center\"><a href=\"https:\/\/goias.gov.br\/seguranca\/wp-content\/uploads\/sites\/56\/2023\/09\/anexo-i-f.-p.-composicoes-proprias-sei-51316693.pdf\" target=\"_blank\" rel=\"noopener\">Anexo I-F. P. Composi\u00e7\u00f5es Pr\u00f3prias &#8211; SEI 51316693<\/a><\/p>\n<p style=\"text-align: left\" align=\"center\"><a href=\"https:\/\/goias.gov.br\/seguranca\/wp-content\/uploads\/sites\/56\/2023\/09\/anexo-i-g.-mapa-de-cotacao-sei-51317080.pdf\" target=\"_blank\" rel=\"noopener\">Anexo I-G. Mapa de Cota\u00e7\u00e3o &#8211; SEI 51317080<\/a><\/p>\n<p style=\"text-align: left\" align=\"center\"><a href=\"https:\/\/goias.gov.br\/seguranca\/wp-content\/uploads\/sites\/56\/2023\/09\/anexo-i-h.-projeto-arquitetonico-e-c.-sei-51316098.pdf\" target=\"_blank\" rel=\"noopener\">Anexo I-H. Projeto Arquitet\u00f4nico e C. &#8211; SEI 51316098<\/a><\/p>\n","protected":false},"excerpt":{"rendered":"<p>A Pol\u00edcia Militar do Estado de Goi\u00e1s &#8211; PMGO torna p\u00fablica a realiza\u00e7\u00e3o de procedimento licitat\u00f3rio, em sess\u00e3o p\u00fablica, cuja c\u00f3pia do edital encontra-se \u00e0 disposi\u00e7\u00e3o dos interessados nos sites: www.comprasnet.go.gov.br, https:\/\/www.pm.go.gov.br e https:\/\/siteshom.goias.gov.br\/seguranca. MODALIDADE: Tomada De Pre\u00e7os n\u00ba 002\/2023\/PMGO do TIPO Menor Pre\u00e7o por LOTE, sob o regime de execu\u00e7\u00e3o EMPREITADA POR PRE\u00c7O GLOBAL, [&hellip;]<\/p>\n","protected":false},"author":3,"featured_media":0,"comment_status":"closed","ping_status":"closed","sticky":false,"template":"","format":"standard","meta":{"footnotes":"","_links_to":"","_links_to_target":""},"categories":[14,13,1],"tags":[],"class_list":["post-90009","post","type-post","status-publish","format-standard","hentry","category-aviso-de-licitacao-pm","category-editais-pm","category-sem-categoria"],"rttpg_featured_image_url":null,"rttpg_author":{"display_name":"joanaredator","author_link":"https:\/\/goias.gov.br\/seguranca\/author\/joanaredator\/"},"rttpg_comment":0,"rttpg_category":"<a href=\"https:\/\/goias.gov.br\/seguranca\/categoria\/aviso-de-licitacao-pm\/\" rel=\"category tag\">Aviso de Licita\u00e7\u00e3o<\/a> <a href=\"https:\/\/goias.gov.br\/seguranca\/categoria\/editais-pm\/\" rel=\"category tag\">Editais PM<\/a> <a href=\"https:\/\/goias.gov.br\/seguranca\/categoria\/sem-categoria\/\" rel=\"category tag\">Sem categoria<\/a>","rttpg_excerpt":"A Pol\u00edcia Militar do Estado de Goi\u00e1s &#8211; PMGO torna p\u00fablica a realiza\u00e7\u00e3o de procedimento licitat\u00f3rio, em sess\u00e3o p\u00fablica, cuja c\u00f3pia do edital encontra-se \u00e0 disposi\u00e7\u00e3o dos interessados nos sites: www.comprasnet.go.gov.br, https:\/\/www.pm.go.gov.br e https:\/\/siteshom.goias.gov.br\/seguranca. MODALIDADE: Tomada De Pre\u00e7os n\u00ba 002\/2023\/PMGO do TIPO Menor Pre\u00e7o por LOTE, sob o regime de execu\u00e7\u00e3o EMPREITADA POR PRE\u00c7O GLOBAL,&hellip;","_links":{"self":[{"href":"https:\/\/goias.gov.br\/seguranca\/wp-json\/wp\/v2\/posts\/90009","targetHints":{"allow":["GET"]}}],"collection":[{"href":"https:\/\/goias.gov.br\/seguranca\/wp-json\/wp\/v2\/posts"}],"about":[{"href":"https:\/\/goias.gov.br\/seguranca\/wp-json\/wp\/v2\/types\/post"}],"author":[{"embeddable":true,"href":"https:\/\/goias.gov.br\/seguranca\/wp-json\/wp\/v2\/users\/3"}],"replies":[{"embeddable":true,"href":"https:\/\/goias.gov.br\/seguranca\/wp-json\/wp\/v2\/comments?post=90009"}],"version-history":[{"count":0,"href":"https:\/\/goias.gov.br\/seguranca\/wp-json\/wp\/v2\/posts\/90009\/revisions"}],"wp:attachment":[{"href":"https:\/\/goias.gov.br\/seguranca\/wp-json\/wp\/v2\/media?parent=90009"}],"wp:term":[{"taxonomy":"category","embeddable":true,"href":"https:\/\/goias.gov.br\/seguranca\/wp-json\/wp\/v2\/categories?post=90009"},{"taxonomy":"post_tag","embeddable":true,"href":"https:\/\/goias.gov.br\/seguranca\/wp-json\/wp\/v2\/tags?post=90009"}],"curies":[{"name":"wp","href":"https:\/\/api.w.org\/{rel}","templated":true}]}}