{"id":80801,"date":"2023-03-24T07:27:51","date_gmt":"2023-03-24T10:27:51","guid":{"rendered":"https:\/\/www.seguranca.go.gov.br\/?p=80801"},"modified":"2023-03-24T07:27:51","modified_gmt":"2023-03-24T10:27:51","slug":"ratificacao-de-dispensa-de-licitacao-no-001-2023-pm-go","status":"publish","type":"post","link":"https:\/\/goias.gov.br\/seguranca\/ratificacao-de-dispensa-de-licitacao-no-001-2023-pm-go\/","title":{"rendered":"RATIFICA\u00c7\u00c3O DE DISPENSA DE LICITA\u00c7\u00c3O N\u00ba 001\/2023 &#8211; PM\/GO"},"content":{"rendered":"<p class=\"western\" lang=\"zxx\" style=\"text-align: justify\"><strong><span lang=\"pt-BR\">Nos termos do Artigo 26,\u00a0<\/span><\/strong><em><span lang=\"pt-BR\">caput<\/span><\/em><strong><span lang=\"pt-BR\">, da Lei Federal n\u00ba 8.666 de 21\/06\/1993,\u00a0<\/span><\/strong><strong><span lang=\"pt-BR\">RATIFICO<\/span><\/strong><strong><span lang=\"pt-BR\"><b>\u00a0<\/b><\/span><\/strong><strong><span lang=\"pt-BR\">o inteiro teor da\u00a0<\/span><\/strong><strong><span lang=\"pt-BR\">Declara\u00e7\u00e3o<\/span><\/strong><strong><span lang=\"pt-BR\"><b>\u00a0<\/b><\/span><\/strong><strong><span lang=\"pt-BR\">de<\/span><\/strong><strong><span lang=\"pt-BR\"><b>\u00a0<\/b><\/span><\/strong><strong><span lang=\"pt-BR\">Dispensa<\/span><\/strong><strong><span lang=\"pt-BR\"><b>\u00a0<\/b><\/span><\/strong><strong><span lang=\"pt-BR\">de<\/span><\/strong><strong><span lang=\"pt-BR\"><b>\u00a0<\/b><\/span><\/strong><strong><span lang=\"pt-BR\">Licita\u00e7\u00e3o n\u00ba 001\/2023\/CPL\/PMGO\u200b\u00a0<\/span><\/strong><strong><span lang=\"pt-BR\">exarada pela Presidente da Comiss\u00e3o de Licita\u00e7\u00e3o da da Pol\u00edcia Militar do Estado de Goi\u00e1s (PMGO), em conformidade com os documentos que instruem o processo n\u00ba 202300002011755, com fundamento no Artigo 24, Inciso IV da Lei Federal n\u00ba 8.666 de 21\/06\/1993 c\/c o\u00a0Decreto Estadual n\u00ba 9.666 de 21 de maio de 2020, como medida fundamental e emergente de atendimento a\u00a0iminente risco \u00e0 seguran\u00e7a p\u00fablica<\/span><\/strong><strong><span lang=\"pt-BR\"><b>\u00a0<\/b><\/span><\/strong><strong><span lang=\"pt-BR\">para a contrata\u00e7\u00e3o da empresa\u00a0<\/span><\/strong><strong><span lang=\"pt-BR\">Interam\u00e9rica Helic\u00f3pteros LTDA<\/span><\/strong><strong><span lang=\"pt-BR\">, Pessoa Jur\u00eddica de Direito Privado, inscrita no CNPJ\/ME sob o n\u00ba 37.660.967\/0001-00, para presta\u00e7\u00e3o de servi\u00e7os de manuten\u00e7\u00f5es preventivas e corretivas, incluindo toda m\u00e3o de obra necess\u00e1ria, o fornecimento de pe\u00e7as, acess\u00f3rios, \u00f3leos, graxas, manuais t\u00e9cnicos de manuten\u00e7\u00e3o, cat\u00e1logos de pe\u00e7as, equipamentos e ferramental aeron\u00e1utico para o helic\u00f3ptero Falc\u00e3o 01 (PP-EHO) do Grupo de Radiopatrulha A\u00e9rea (GRAer) da Pol\u00edcia Militar do Estado de Goi\u00e1s, no valor total de\u00a0<\/span><\/strong><strong><span lang=\"pt-BR\"><b>R$\u00a0270.000,00\u00a0(duzentos e setenta mil reais).<\/b><\/span><\/strong><\/p>\n<p class=\"western\" lang=\"zxx\" style=\"text-align: justify\"><strong><span lang=\"pt-BR\">Publique-se na impressa oficial para que surtam os efeitos legais.<\/span><\/strong><\/p>\n<p class=\"western\" lang=\"zxx\">Goi\u00e2nia, 21 de mar\u00e7o de 2023.<\/p>\n<p class=\"western\" style=\"text-align: center\" align=\"center\"><b>ANDR\u00c9 HENRIQUE AVELAR DE SOUSA CORONEL PM<\/b><\/p>\n<p class=\"western\" style=\"text-align: center\" align=\"center\"><b>Comandante Geral da PMGO<\/b><\/p>\n<p class=\"western\" style=\"text-align: center\" align=\"center\"><b>RENATO BRUM DOS SANTOS<\/b><\/p>\n<p class=\"western\" style=\"text-align: center\" align=\"center\"><b>Secret\u00e1rio de Estado da Seguran\u00e7a P\u00fablica<\/b><\/p>\n","protected":false},"excerpt":{"rendered":"<p>Nos termos do Artigo 26,\u00a0caput, da Lei Federal n\u00ba 8.666 de 21\/06\/1993,\u00a0RATIFICO\u00a0o inteiro teor da\u00a0Declara\u00e7\u00e3o\u00a0de\u00a0Dispensa\u00a0de\u00a0Licita\u00e7\u00e3o n\u00ba 001\/2023\/CPL\/PMGO\u200b\u00a0exarada pela Presidente da Comiss\u00e3o de Licita\u00e7\u00e3o da da Pol\u00edcia Militar do Estado de Goi\u00e1s (PMGO), em conformidade com os documentos que instruem o processo n\u00ba 202300002011755, com fundamento no Artigo 24, Inciso IV da Lei Federal n\u00ba 8.666 [&hellip;]<\/p>\n","protected":false},"author":3,"featured_media":0,"comment_status":"closed","ping_status":"closed","sticky":false,"template":"","format":"standard","meta":{"footnotes":"","_links_to":"","_links_to_target":""},"categories":[13,2152,1],"tags":[],"class_list":["post-80801","post","type-post","status-publish","format-standard","hentry","category-editais-pm","category-extratos-pm","category-sem-categoria"],"rttpg_featured_image_url":null,"rttpg_author":{"display_name":"joanaredator","author_link":"https:\/\/goias.gov.br\/seguranca\/author\/joanaredator\/"},"rttpg_comment":0,"rttpg_category":"<a href=\"https:\/\/goias.gov.br\/seguranca\/categoria\/editais-pm\/\" rel=\"category tag\">Editais PM<\/a> <a href=\"https:\/\/goias.gov.br\/seguranca\/categoria\/extratos-pm\/\" rel=\"category tag\">Extratos<\/a> <a href=\"https:\/\/goias.gov.br\/seguranca\/categoria\/sem-categoria\/\" rel=\"category tag\">Sem categoria<\/a>","rttpg_excerpt":"Nos termos do Artigo 26,\u00a0caput, da Lei Federal n\u00ba 8.666 de 21\/06\/1993,\u00a0RATIFICO\u00a0o inteiro teor da\u00a0Declara\u00e7\u00e3o\u00a0de\u00a0Dispensa\u00a0de\u00a0Licita\u00e7\u00e3o n\u00ba 001\/2023\/CPL\/PMGO\u200b\u00a0exarada pela Presidente da Comiss\u00e3o de Licita\u00e7\u00e3o da da Pol\u00edcia Militar do Estado de Goi\u00e1s (PMGO), em conformidade com os documentos que instruem o processo n\u00ba 202300002011755, com fundamento no Artigo 24, Inciso IV da Lei Federal n\u00ba 8.666&hellip;","_links":{"self":[{"href":"https:\/\/goias.gov.br\/seguranca\/wp-json\/wp\/v2\/posts\/80801","targetHints":{"allow":["GET"]}}],"collection":[{"href":"https:\/\/goias.gov.br\/seguranca\/wp-json\/wp\/v2\/posts"}],"about":[{"href":"https:\/\/goias.gov.br\/seguranca\/wp-json\/wp\/v2\/types\/post"}],"author":[{"embeddable":true,"href":"https:\/\/goias.gov.br\/seguranca\/wp-json\/wp\/v2\/users\/3"}],"replies":[{"embeddable":true,"href":"https:\/\/goias.gov.br\/seguranca\/wp-json\/wp\/v2\/comments?post=80801"}],"version-history":[{"count":0,"href":"https:\/\/goias.gov.br\/seguranca\/wp-json\/wp\/v2\/posts\/80801\/revisions"}],"wp:attachment":[{"href":"https:\/\/goias.gov.br\/seguranca\/wp-json\/wp\/v2\/media?parent=80801"}],"wp:term":[{"taxonomy":"category","embeddable":true,"href":"https:\/\/goias.gov.br\/seguranca\/wp-json\/wp\/v2\/categories?post=80801"},{"taxonomy":"post_tag","embeddable":true,"href":"https:\/\/goias.gov.br\/seguranca\/wp-json\/wp\/v2\/tags?post=80801"}],"curies":[{"name":"wp","href":"https:\/\/api.w.org\/{rel}","templated":true}]}}