

{"id":77522,"date":"2022-12-20T10:03:22","date_gmt":"2022-12-20T13:03:22","guid":{"rendered":"https:\/\/www.seguranca.go.gov.br\/?p=77522"},"modified":"2022-12-20T10:03:22","modified_gmt":"2022-12-20T13:03:22","slug":"extrato-da-portaria-no-17-329-de-08-de-dezembro-de-2022-pm-000036095382","status":"publish","type":"post","link":"https:\/\/goias.gov.br\/seguranca\/extrato-da-portaria-no-17-329-de-08-de-dezembro-de-2022-pm-000036095382\/","title":{"rendered":"EXTRATO DA PORTARIA N\u00ba 17.329, DE 08 DE DEZEMBRO DE 2022 &#8211; PM (000036095382)"},"content":{"rendered":"<table width=\"546\" cellspacing=\"0\" cellpadding=\"7\">\n<tbody>\n<tr>\n<td colspan=\"2\" valign=\"top\" width=\"530\">\n<p class=\"western\" lang=\"zxx\" align=\"center\"><span style=\"font-family: Arial, sans-serif\"><span style=\"font-size: xx-small\"><span lang=\"pt-BR\">EXTRATO DA PORTARIA <\/span><\/span><\/span><span style=\"color: #000000\"><span style=\"font-family: Arial, sans-serif\"><span style=\"font-size: xx-small\"><span lang=\"pt-BR\">N\u00ba<\/span><\/span><\/span><\/span> <span style=\"color: #000000\"><span style=\"font-family: Arial, sans-serif\"><span style=\"font-size: xx-small\"><span lang=\"pt-BR\">17.329<\/span><\/span><\/span><\/span><span style=\"color: #000000\"><span style=\"font-family: Arial, sans-serif\"><span style=\"font-size: xx-small\"><span lang=\"pt-BR\">, DE 08 DE DEZEMBRO DE 2022 (000036095382)<\/span><\/span><\/span><\/span><\/p>\n<\/td>\n<\/tr>\n<tr>\n<td colspan=\"2\" valign=\"top\" width=\"530\">\n<p class=\"western\" lang=\"zxx\" align=\"center\"><strong><span style=\"color: #000000\"><span style=\"font-family: Arial, sans-serif\"><span style=\"font-size: xx-small\"><span lang=\"pt-BR\">Designa policiais militares para a\u00a0fun\u00e7\u00e3o\u00a0de\u00a0gestor\u00a0(titular e substituto)\u00a0do\u00a0Contrato P\u00fablico n\u00ba 41\/2022\u00a0&#8211;\u00a0PM (<\/span><\/span><\/span><\/span><\/strong><span style=\"color: #0000ff\"><u><span style=\"color: #000000\"><span style=\"font-family: Arial, sans-serif\"><span style=\"font-size: xx-small\"><span lang=\"pt-BR\">000035107343<\/span><\/span><\/span><\/span><\/u><\/span><strong><span style=\"color: #000000\"><span style=\"font-family: Arial, sans-serif\"><span style=\"font-size: xx-small\"><span lang=\"pt-BR\">) <\/span><\/span><\/span><\/span><\/strong><\/p>\n<\/td>\n<\/tr>\n<tr valign=\"top\">\n<td width=\"111\">\n<p class=\"western\"><span style=\"font-family: Arial, sans-serif\"><span style=\"font-size: xx-small\">Processo SEI n\u00ba <\/span><\/span><\/p>\n<\/td>\n<td width=\"404\">\n<p class=\"western\"><span style=\"font-family: Arial, sans-serif\"><span style=\"font-size: xx-small\">202200016005301;<\/span><\/span><\/p>\n<\/td>\n<\/tr>\n<tr valign=\"top\">\n<td width=\"111\" height=\"27\">\n<p class=\"western\" lang=\"zxx\"><strong><span style=\"font-family: Arial, sans-serif\"><span style=\"font-size: xx-small\"><span lang=\"pt-BR\">Objeto do Contrato:<\/span><\/span><\/span><\/strong><span style=\"color: #000000\"><span style=\"font-family: Arial, sans-serif\"><span style=\"font-size: xx-small\"><span lang=\"pt-BR\">\u00a0<\/span><\/span><\/span><\/span><\/p>\n<\/td>\n<td width=\"404\">\n<p class=\"western\" lang=\"zxx\"><strong><span style=\"color: #000000\"><span style=\"font-family: Arial, sans-serif\"><span style=\"font-size: xx-small\"><span lang=\"pt-BR\">Contrato para aquisi\u00e7\u00e3o de Lixeira e Port\u00f5es com acionamento autom\u00e1tico\u00a0para o<\/span><\/span><\/span><\/span><\/strong><strong><span style=\"color: #000000\"><span style=\"font-family: Arial, sans-serif\"><span style=\"font-size: xx-small\"><span lang=\"pt-BR\">\u00a0<\/span><\/span><\/span><\/span><\/strong><strong><span style=\"color: #000000\"><span style=\"font-family: Arial, sans-serif\"><span style=\"font-size: xx-small\"><span lang=\"pt-BR\">Centro de Pol\u00edcia Comunit\u00e1ria\u00a0&#8211;\u00a0CPCOM da PMGO, que entre si celebram o Estado de Goi\u00e1s, por meio da Pol\u00edcia Militar do Estado de Goi\u00e1s (PMGO) e a Empresa ALFA TELECOM E ENGENHARIA LTDA;<\/span><\/span><\/span><\/span><\/strong><\/p>\n<\/td>\n<\/tr>\n<tr valign=\"top\">\n<td width=\"111\">\n<p class=\"western\" lang=\"zxx\"><strong><span style=\"font-family: Arial, sans-serif\"><span style=\"font-size: xx-small\"><span lang=\"pt-BR\">Gestor Titular<\/span><\/span><\/span><\/strong><\/p>\n<\/td>\n<td width=\"404\">\n<p class=\"western\" lang=\"zxx\"><strong><span style=\"color: #000000\"><span style=\"font-family: Arial, sans-serif\"><span style=\"font-size: xx-small\"><span lang=\"pt-BR\">Capit\u00e3o PM RG 32.759 SAMUEL SILVA ROCHA NEGR\u00c3O,\u00a0inscrito\u00a0no CPF n\u00ba\u00a0***.308.721-** <\/span><\/span><\/span><\/span><\/strong><\/p>\n<\/td>\n<\/tr>\n<tr valign=\"top\">\n<td width=\"111\">\n<p class=\"western\" lang=\"zxx\"><span style=\"font-family: Arial, sans-serif\"><span style=\"font-size: xx-small\">Gestora Substituta<\/span><\/span><\/p>\n<\/td>\n<td width=\"404\">\n<p class=\"western\" lang=\"zxx\" align=\"justify\"><span style=\"color: #000000\"><span style=\"font-family: Arial, sans-serif\"><span style=\"font-size: xx-small\">Tenente-Coronel PM\u00a0RG 29.986\u00a0NEILA DE CASTRO ALVES,\u00a0inscrita\u00a0no CPF n\u00ba ***.213.741-** <\/span><\/span><\/span><\/p>\n<\/td>\n<\/tr>\n<tr>\n<td colspan=\"2\" valign=\"top\" width=\"530\">\n<p class=\"western\" lang=\"zxx\"><span style=\"color: #000000\"><span style=\"font-size: xx-small\"><span style=\"font-family: Arial, sans-serif\"><span lang=\"pt-BR\">Fundamento Legal: artigo 67 da Lei Federal n\u00ba 8.666\/1993, e artigos 51 e 54 da Lei Estadual n\u00ba 17.928\/2012<\/span><\/span><\/span><\/span><\/p>\n<\/td>\n<\/tr>\n<\/tbody>\n<\/table>\n<p align=\"center\"><span style=\"font-family: Arial, sans-serif\"><span style=\"font-size: xx-small\">ANDR\u00c9 HENRIQUE AVELAR DE SOUSA \u2013\u00a0CORONEL PM<br \/>\n<\/span><\/span><span style=\"font-family: Arial, sans-serif\"><span style=\"font-size: xx-small\">Comandante-Geral da PMGO<\/span><\/span><\/p>\n<p style=\"text-align: left\" align=\"center\">ARQUIVO EM PDF: <a href=\"https:\/\/goias.gov.br\/seguranca\/wp-content\/uploads\/sites\/56\/2022\/12\/diario-oficial-no-23.943-2022-pag-11-1.pdf\" target=\"_blank\" rel=\"noopener\">Di\u00e1rio Oficial n\u00ba 23.943_2022_pag-11<\/a><\/p>\n","protected":false},"excerpt":{"rendered":"<p>EXTRATO DA PORTARIA N\u00ba 17.329, DE 08 DE DEZEMBRO DE 2022 (000036095382) Designa policiais militares para a\u00a0fun\u00e7\u00e3o\u00a0de\u00a0gestor\u00a0(titular e substituto)\u00a0do\u00a0Contrato P\u00fablico n\u00ba 41\/2022\u00a0&#8211;\u00a0PM (000035107343) Processo SEI n\u00ba 202200016005301; Objeto do Contrato:\u00a0 Contrato para aquisi\u00e7\u00e3o de Lixeira e Port\u00f5es com acionamento autom\u00e1tico\u00a0para o\u00a0Centro de Pol\u00edcia Comunit\u00e1ria\u00a0&#8211;\u00a0CPCOM da PMGO, que entre si celebram o Estado de Goi\u00e1s, por [&hellip;]<\/p>\n","protected":false},"author":3,"featured_media":0,"comment_status":"closed","ping_status":"closed","sticky":false,"template":"","format":"standard","meta":{"footnotes":"","_links_to":"","_links_to_target":""},"categories":[13,1],"tags":[],"class_list":["post-77522","post","type-post","status-publish","format-standard","hentry","category-editais-pm","category-sem-categoria"],"rttpg_featured_image_url":null,"rttpg_author":{"display_name":"joanaredator","author_link":"https:\/\/goias.gov.br\/seguranca\/author\/joanaredator\/"},"rttpg_comment":0,"rttpg_category":"<a href=\"https:\/\/goias.gov.br\/seguranca\/categoria\/editais-pm\/\" rel=\"category tag\">Editais PM<\/a> <a href=\"https:\/\/goias.gov.br\/seguranca\/categoria\/sem-categoria\/\" rel=\"category tag\">Sem categoria<\/a>","rttpg_excerpt":"EXTRATO DA PORTARIA N\u00ba 17.329, DE 08 DE DEZEMBRO DE 2022 (000036095382) Designa policiais militares para a\u00a0fun\u00e7\u00e3o\u00a0de\u00a0gestor\u00a0(titular e substituto)\u00a0do\u00a0Contrato P\u00fablico n\u00ba 41\/2022\u00a0&#8211;\u00a0PM (000035107343) Processo SEI n\u00ba 202200016005301; Objeto do Contrato:\u00a0 Contrato para aquisi\u00e7\u00e3o de Lixeira e Port\u00f5es com acionamento autom\u00e1tico\u00a0para o\u00a0Centro de Pol\u00edcia Comunit\u00e1ria\u00a0&#8211;\u00a0CPCOM da PMGO, que entre si celebram o Estado de Goi\u00e1s, por&hellip;","_links":{"self":[{"href":"https:\/\/goias.gov.br\/seguranca\/wp-json\/wp\/v2\/posts\/77522","targetHints":{"allow":["GET"]}}],"collection":[{"href":"https:\/\/goias.gov.br\/seguranca\/wp-json\/wp\/v2\/posts"}],"about":[{"href":"https:\/\/goias.gov.br\/seguranca\/wp-json\/wp\/v2\/types\/post"}],"author":[{"embeddable":true,"href":"https:\/\/goias.gov.br\/seguranca\/wp-json\/wp\/v2\/users\/3"}],"replies":[{"embeddable":true,"href":"https:\/\/goias.gov.br\/seguranca\/wp-json\/wp\/v2\/comments?post=77522"}],"version-history":[{"count":0,"href":"https:\/\/goias.gov.br\/seguranca\/wp-json\/wp\/v2\/posts\/77522\/revisions"}],"wp:attachment":[{"href":"https:\/\/goias.gov.br\/seguranca\/wp-json\/wp\/v2\/media?parent=77522"}],"wp:term":[{"taxonomy":"category","embeddable":true,"href":"https:\/\/goias.gov.br\/seguranca\/wp-json\/wp\/v2\/categories?post=77522"},{"taxonomy":"post_tag","embeddable":true,"href":"https:\/\/goias.gov.br\/seguranca\/wp-json\/wp\/v2\/tags?post=77522"}],"curies":[{"name":"wp","href":"https:\/\/api.w.org\/{rel}","templated":true}]}}