

{"id":76817,"date":"2022-12-01T08:15:39","date_gmt":"2022-12-01T11:15:39","guid":{"rendered":"https:\/\/www.seguranca.go.gov.br\/?p=76817"},"modified":"2022-12-01T08:15:39","modified_gmt":"2022-12-01T11:15:39","slug":"aviso-de-licitacao-16","status":"publish","type":"post","link":"https:\/\/goias.gov.br\/seguranca\/aviso-de-licitacao-16\/","title":{"rendered":"AVISO DE LICITA\u00c7\u00c3O"},"content":{"rendered":"<p style=\"text-align: justify\"><span style=\"font-family: Arial, sans-serif\"><span lang=\"pt-BR\">A Pol\u00edcia Militar do Estado de Goi\u00e1s &#8211; PMGO torna p\u00fablica a realiza\u00e7\u00e3o de procedimento licitat\u00f3rio, em sess\u00e3o p\u00fablica, cuja c\u00f3pia do edital encontra-se \u00e0 disposi\u00e7\u00e3o dos interessados nos sites: <\/span><\/span><span style=\"color: #0000ff\"><u><a href=\"https:\/\/www.comprasnet.go.gov.br\/\"><span style=\"font-family: Arial, sans-serif\"><span lang=\"pt-BR\">www.comprasnet.go.gov.br<\/span><\/span><\/a><\/u><\/span><span style=\"font-family: Arial, sans-serif\"><span lang=\"pt-BR\">, <\/span><\/span><span style=\"color: #0000ff\"><u><span style=\"font-family: Arial, sans-serif\"><span lang=\"pt-BR\"><a href=\"https:\/\/www.pm.go.gov.br\/\">https:\/\/www.pm.go.gov.br<\/a><\/span><\/span><\/u><span style=\"font-family: Arial, sans-serif\"><span lang=\"pt-BR\">\u00a0<\/span><\/span><\/span><span style=\"font-family: Arial, sans-serif\"><span lang=\"pt-BR\">e <a href=\"https:\/\/siteshom.goias.gov.br\/seguranca.\">https:\/\/siteshom.goias.gov.br\/seguranca. <\/a><\/span><\/span><span style=\"font-family: Arial, sans-serif\"><span lang=\"pt-BR\">MODALIDADE: Tomada De Pre\u00e7os n\u00ba 03\/2022\/PMGO do TIPO Menor Pre\u00e7o, para Disputa Geral. PROCESSO: 202200002121175. OBJETO<\/span><\/span><strong><span style=\"color: #000000\"><span style=\"font-family: Arial, sans-serif\"><span lang=\"pt-BR\">:<\/span><\/span><\/span><\/strong> <strong><span style=\"font-family: Arial, sans-serif\"><span lang=\"pt-BR\">\u00a0<\/span><\/span><\/strong><strong><span style=\"font-family: Arial, sans-serif\"><span lang=\"pt-BR\">Contrata\u00e7\u00e3o de servi\u00e7os de empresa especializada para reforma, adequa\u00e7\u00e3o e amplia\u00e7\u00e3o da Policl\u00ednica de Valpara\u00edso do Comando de Sa\u00fade da Pol\u00edcia Militar do Estado de Goi\u00e1s, localizada no entorno de Bras\u00edlia<\/span><\/span><\/strong><strong><span style=\"color: #000000\"><span style=\"font-family: Arial, sans-serif\"><span lang=\"pt-BR\">,<\/span><\/span><\/span><\/strong><strong><span style=\"color: #000000\"><span style=\"font-family: Arial, sans-serif\"><span lang=\"pt-BR\"> conforme condi\u00e7\u00f5es, quantidades e exig\u00eancias estabelecidas neste instrumento e seus anexos.<\/span><\/span><\/span><\/strong><span style=\"font-family: Arial, sans-serif\"><span lang=\"pt-BR\"> As propostas e documentos ser\u00e3o recebidos presencialmente na sede do CALTI na Rua 115, n\u00ba 04, Setor Sul, Goi\u00e2nia-Goi\u00e1s. ABERTURA DA SESS\u00c3O P\u00daBLICA: <\/span><\/span><span style=\"font-family: Arial, sans-serif\"><span lang=\"pt-BR\">21\/12\/2022. HORA: 09h30min<\/span><\/span><span style=\"font-family: Arial, sans-serif\"><span lang=\"pt-BR\"> (Hor\u00e1rio de Bras\u00edlia). Valor Total Estimado: <\/span><\/span><strong><span style=\"color: #000000\"><span style=\"font-family: Arial, sans-serif\"><span lang=\"pt-BR\">R$ 600.700,00 (seiscentos mil e setecentos reais)<\/span><\/span><\/span><\/strong><span style=\"font-family: Arial, sans-serif\"><span lang=\"pt-BR\">.<\/span><\/span><\/p>\n<p class=\"western\" align=\"center\"><span style=\"font-family: Arial, sans-serif\">ANDR\u00c9 HENRIQUE AVELAR DE SOUSA &#8211; CORONEL PM<\/span><\/p>\n<p class=\"western\" lang=\"zxx\" align=\"center\"><span style=\"font-family: Arial, sans-serif\"><span lang=\"pt-BR\">Comandante-Geral da PMGO<\/span><\/span><\/p>\n<p lang=\"zxx\" style=\"text-align: left\" align=\"center\"><strong>ARQUIVOS EM PDF:<\/strong><\/p>\n<p lang=\"zxx\" style=\"text-align: left\" align=\"center\"><a href=\"https:\/\/goias.gov.br\/seguranca\/wp-content\/uploads\/sites\/56\/2022\/12\/art-1020210176273-policlinica.pdf\" target=\"_blank\" rel=\"noopener\">ART 1020210176273<\/a><\/p>\n<p lang=\"zxx\" style=\"text-align: left\" align=\"center\"><a href=\"https:\/\/goias.gov.br\/seguranca\/wp-content\/uploads\/sites\/56\/2022\/12\/art-1020210176273-policlinica.pdf\" target=\"_blank\" rel=\"noopener\">POLICLINICA<\/a><\/p>\n<p lang=\"zxx\" style=\"text-align: left\" align=\"center\"><a href=\"https:\/\/goias.gov.br\/seguranca\/wp-content\/uploads\/sites\/56\/2022\/12\/cronograma-valparaiso.pdf\" target=\"_blank\" rel=\"noopener\">CRONOGRAMA VALPARAISO<\/a><\/p>\n<p lang=\"zxx\" style=\"text-align: left\" align=\"center\"><a href=\"https:\/\/goias.gov.br\/seguranca\/wp-content\/uploads\/sites\/56\/2022\/12\/memorial-descritivo-1-policlinica-valparaiso.pdf\" target=\"_blank\" rel=\"noopener\">MEMORIAL DESCRITIVO 1 Policl\u00ednica Valpara\u00edso<\/a><\/p>\n<p lang=\"zxx\" style=\"text-align: left\" align=\"center\"><a href=\"https:\/\/goias.gov.br\/seguranca\/wp-content\/uploads\/sites\/56\/2022\/12\/planilha-orcamentaria-valparaiso-go-01--1-.pdf\" target=\"_blank\" rel=\"noopener\">PLANILHA_ORCAMENTARIA_VALPARAISO_GO_01__1_<\/a><\/p>\n<p lang=\"zxx\" style=\"text-align: left\" align=\"center\"><a href=\"https:\/\/goias.gov.br\/seguranca\/wp-content\/uploads\/sites\/56\/2022\/12\/projeto-basico.pdf\" target=\"_blank\" rel=\"noopener\">Projeto B\u00e1sico<\/a> &#8211;\u00a0<a href=\"https:\/\/goias.gov.br\/seguranca\/wp-content\/uploads\/sites\/56\/2022\/12\/edital-tomada-de-precos-no-03-2022-pmgo.pdf\" target=\"_blank\" rel=\"noopener\">Edital Tomada de Pre\u00e7os n 03\/22 &#8211; PMGO<\/a><\/p>\n<p lang=\"zxx\" style=\"text-align: left\" align=\"center\"><a href=\"https:\/\/goias.gov.br\/seguranca\/wp-content\/uploads\/sites\/56\/2022\/12\/qualificacao-tecnica-capacitacao-tecnica.pdf\" target=\"_blank\" rel=\"noopener\">Qualifica\u00e7\u00e3o T\u00e9cnica &#8211; Capacita\u00e7\u00e3o T\u00e9cnica<\/a><\/p>\n","protected":false},"excerpt":{"rendered":"<p>A Pol\u00edcia Militar do Estado de Goi\u00e1s &#8211; PMGO torna p\u00fablica a realiza\u00e7\u00e3o de procedimento licitat\u00f3rio, em sess\u00e3o p\u00fablica, cuja c\u00f3pia do edital encontra-se \u00e0 disposi\u00e7\u00e3o dos interessados nos sites: www.comprasnet.go.gov.br, https:\/\/www.pm.go.gov.br\u00a0e https:\/\/siteshom.goias.gov.br\/seguranca. MODALIDADE: Tomada De Pre\u00e7os n\u00ba 03\/2022\/PMGO do TIPO Menor Pre\u00e7o, para Disputa Geral. PROCESSO: 202200002121175. OBJETO: \u00a0Contrata\u00e7\u00e3o de servi\u00e7os de empresa especializada [&hellip;]<\/p>\n","protected":false},"author":3,"featured_media":76824,"comment_status":"closed","ping_status":"closed","sticky":false,"template":"","format":"standard","meta":{"footnotes":"","_links_to":"","_links_to_target":""},"categories":[14,13],"tags":[],"class_list":["post-76817","post","type-post","status-publish","format-standard","has-post-thumbnail","hentry","category-aviso-de-licitacao-pm","category-editais-pm"],"rttpg_featured_image_url":null,"rttpg_author":{"display_name":"joanaredator","author_link":"https:\/\/goias.gov.br\/seguranca\/author\/joanaredator\/"},"rttpg_comment":0,"rttpg_category":"<a href=\"https:\/\/goias.gov.br\/seguranca\/categoria\/aviso-de-licitacao-pm\/\" rel=\"category tag\">Aviso de Licita\u00e7\u00e3o<\/a> <a href=\"https:\/\/goias.gov.br\/seguranca\/categoria\/editais-pm\/\" rel=\"category tag\">Editais PM<\/a>","rttpg_excerpt":"A Pol\u00edcia Militar do Estado de Goi\u00e1s &#8211; PMGO torna p\u00fablica a realiza\u00e7\u00e3o de procedimento licitat\u00f3rio, em sess\u00e3o p\u00fablica, cuja c\u00f3pia do edital encontra-se \u00e0 disposi\u00e7\u00e3o dos interessados nos sites: www.comprasnet.go.gov.br, https:\/\/www.pm.go.gov.br\u00a0e https:\/\/siteshom.goias.gov.br\/seguranca. MODALIDADE: Tomada De Pre\u00e7os n\u00ba 03\/2022\/PMGO do TIPO Menor Pre\u00e7o, para Disputa Geral. PROCESSO: 202200002121175. OBJETO: \u00a0Contrata\u00e7\u00e3o de servi\u00e7os de empresa especializada&hellip;","_links":{"self":[{"href":"https:\/\/goias.gov.br\/seguranca\/wp-json\/wp\/v2\/posts\/76817","targetHints":{"allow":["GET"]}}],"collection":[{"href":"https:\/\/goias.gov.br\/seguranca\/wp-json\/wp\/v2\/posts"}],"about":[{"href":"https:\/\/goias.gov.br\/seguranca\/wp-json\/wp\/v2\/types\/post"}],"author":[{"embeddable":true,"href":"https:\/\/goias.gov.br\/seguranca\/wp-json\/wp\/v2\/users\/3"}],"replies":[{"embeddable":true,"href":"https:\/\/goias.gov.br\/seguranca\/wp-json\/wp\/v2\/comments?post=76817"}],"version-history":[{"count":0,"href":"https:\/\/goias.gov.br\/seguranca\/wp-json\/wp\/v2\/posts\/76817\/revisions"}],"wp:featuredmedia":[{"embeddable":true,"href":"https:\/\/goias.gov.br\/seguranca\/wp-json\/"}],"wp:attachment":[{"href":"https:\/\/goias.gov.br\/seguranca\/wp-json\/wp\/v2\/media?parent=76817"}],"wp:term":[{"taxonomy":"category","embeddable":true,"href":"https:\/\/goias.gov.br\/seguranca\/wp-json\/wp\/v2\/categories?post=76817"},{"taxonomy":"post_tag","embeddable":true,"href":"https:\/\/goias.gov.br\/seguranca\/wp-json\/wp\/v2\/tags?post=76817"}],"curies":[{"name":"wp","href":"https:\/\/api.w.org\/{rel}","templated":true}]}}