

{"id":7269,"date":"2013-06-19T11:10:54","date_gmt":"2013-06-19T14:10:54","guid":{"rendered":"http:\/\/www.ssp.go.gov.br\/?p=7269"},"modified":"2013-06-19T11:10:54","modified_gmt":"2013-06-19T14:10:54","slug":"pregao-eletronico-no-1002013-aviso-de-adiamento","status":"publish","type":"post","link":"https:\/\/goias.gov.br\/seguranca\/pregao-eletronico-no-1002013-aviso-de-adiamento\/","title":{"rendered":"Preg\u00e3o Eletr\u00f4nico n\u00ba 100\/2013 &#8211; Aviso de Adiamento"},"content":{"rendered":"<p><strong>ADIAMENTO DE LICITA\u00c7\u00c3O<\/strong><\/p>\n<p><span style=\"text-decoration: underline\"><strong>Preg\u00e3o Eletr\u00f4nico n\u00ba 100\/2013<\/strong><\/span><br \/>\nPROCESSO: 201300016000763<br \/>\nSOLICITANTE: Superintend\u00eancia da Pol\u00edcia T\u00e9cnico-Cient\u00edfica.<br \/>\nOBJETO: Aquisi\u00e7\u00e3o de sistema de captura de imagens e luz forense.<\/p>\n<p>O pregoeiro respons\u00e1vel pelo procedimento em tela comunica aos interessados que a sess\u00e3o p\u00fablica definida para o dia <span style=\"text-decoration: underline\"><strong>28\/06\/2013 ser\u00e1 adiada para 04\/07\/2013<\/strong><\/span>, para fins de cumprimento de formalidades internas.<\/p>\n<p><strong><span style=\"text-decoration: underline\"><a title=\"Preg\u00e3o Eletr\u00f4nico n\u00ba 100\/2013 - Edital\" href=\"https:\/\/goias.gov.br\/seguranca\/wp-content\/uploads\/sites\/56\/2013\/06\/Edital-100-20131.pdf\" target=\"_blank\" rel=\"noopener\">Preg\u00e3o Eletr\u00f4nico n\u00ba 100\/2013 &#8211; Edital<\/a><\/span><\/strong><\/p>\n<p>Germino Alexandre de Oliveira<br \/>\nPregoeiro<\/p>\n","protected":false},"excerpt":{"rendered":"<p>Aquisi\u00e7\u00e3o de sistema de captura de imagens e luz forense.<\/p>\n","protected":false},"author":3,"featured_media":0,"comment_status":"closed","ping_status":"closed","sticky":false,"template":"","format":"standard","meta":{"footnotes":"","_links_to":"","_links_to_target":""},"categories":[21],"tags":[49,57,639,640],"class_list":["post-7269","post","type-post","status-publish","format-standard","hentry","category-editais-em-aberto","tag-adiamento","tag-aviso","tag-captura","tag-imagens"],"rttpg_featured_image_url":null,"rttpg_author":{"display_name":"joanaredator","author_link":"https:\/\/goias.gov.br\/seguranca\/author\/joanaredator\/"},"rttpg_comment":0,"rttpg_category":"<a href=\"https:\/\/goias.gov.br\/seguranca\/categoria\/editais-em-aberto\/\" rel=\"category tag\">Editais em Aberto<\/a>","rttpg_excerpt":"Aquisi\u00e7\u00e3o de sistema de captura de imagens e luz forense.","_links":{"self":[{"href":"https:\/\/goias.gov.br\/seguranca\/wp-json\/wp\/v2\/posts\/7269","targetHints":{"allow":["GET"]}}],"collection":[{"href":"https:\/\/goias.gov.br\/seguranca\/wp-json\/wp\/v2\/posts"}],"about":[{"href":"https:\/\/goias.gov.br\/seguranca\/wp-json\/wp\/v2\/types\/post"}],"author":[{"embeddable":true,"href":"https:\/\/goias.gov.br\/seguranca\/wp-json\/wp\/v2\/users\/3"}],"replies":[{"embeddable":true,"href":"https:\/\/goias.gov.br\/seguranca\/wp-json\/wp\/v2\/comments?post=7269"}],"version-history":[{"count":0,"href":"https:\/\/goias.gov.br\/seguranca\/wp-json\/wp\/v2\/posts\/7269\/revisions"}],"wp:attachment":[{"href":"https:\/\/goias.gov.br\/seguranca\/wp-json\/wp\/v2\/media?parent=7269"}],"wp:term":[{"taxonomy":"category","embeddable":true,"href":"https:\/\/goias.gov.br\/seguranca\/wp-json\/wp\/v2\/categories?post=7269"},{"taxonomy":"post_tag","embeddable":true,"href":"https:\/\/goias.gov.br\/seguranca\/wp-json\/wp\/v2\/tags?post=7269"}],"curies":[{"name":"wp","href":"https:\/\/api.w.org\/{rel}","templated":true}]}}