

{"id":68413,"date":"2022-02-21T15:13:51","date_gmt":"2022-02-21T18:13:51","guid":{"rendered":"https:\/\/www.seguranca.go.gov.br\/?p=68413"},"modified":"2022-02-21T15:13:51","modified_gmt":"2022-02-21T18:13:51","slug":"em-trindade-governador-inaugura-nova-sede-da-central-de-flagrantes-que-ira-atender-20-municipios","status":"publish","type":"post","link":"https:\/\/goias.gov.br\/seguranca\/em-trindade-governador-inaugura-nova-sede-da-central-de-flagrantes-que-ira-atender-20-municipios\/","title":{"rendered":"Em Trindade, governador inaugura nova sede da Central de Flagrantes que ir\u00e1 atender 20 munic\u00edpios"},"content":{"rendered":"<p style=\"text-align: center\"><em>Nova estrutura possibilita aumento do n\u00famero de atendimentos realizados pela Pol\u00edcia Civil na regi\u00e3o. Chefe do Executivo afirma que ir\u00e1 promover a regionaliza\u00e7\u00e3o da Seguran\u00e7a P\u00fablica para dar maior dignidade \u00e0 popula\u00e7\u00e3o<\/em><\/p>\n<p style=\"text-align: justify\">O governador Ronaldo Caiado inaugurou, nesta segunda-feira (21\/02), em Trindade, o novo pr\u00e9dio da Central Geral de Flagrantes e da 1\u00aa Delegacia Distrital de Pol\u00edcia (DDP). \u201cPodem ter certeza que n\u00f3s vamos transformar a seguran\u00e7a p\u00fablica, com estruturas que consolidam o bom atendimento dos policiais \u00e0 toda popula\u00e7\u00e3o\u201d, assegurou o chefe do Executivo. A Central de Flagrantes j\u00e1 funcionava dentro do 1\u00ba DP, que estava localizado em outra \u00e1rea e atendia s\u00f3 algumas cidades espec\u00edficas durante o plant\u00e3o.<\/p>\n<p style=\"text-align: justify\">A partir de agora, a DDP e a Central continuam funcionando juntas, por\u00e9m em um novo local, que abrigava uma escola e foi reformado. Dessa forma, a Central de Flagrantes passa a atender ocorr\u00eancias das 20 cidades que fazem parte da regional de Trindade. O governador destacou que, a exemplo do que houve na sa\u00fade, vai promover a regionaliza\u00e7\u00e3o dos servi\u00e7os nesta \u00e1rea, \u201cpara que os moradores possam viver com dignidade\u201d.<\/p>\n<p style=\"text-align: justify\">A \u00e1rea total do terreno, onde funcionava a escola, foi doada \u00e0 Pol\u00edcia Civil e compreende 6.627 m\u00b2. \u201cForam v\u00e1rias entregas neste formato de parcerias, cada uma contribuindo para um bem maior, em benef\u00edcio da popula\u00e7\u00e3o\u201d, afirmou o secret\u00e1rio de Seguran\u00e7a P\u00fablica, Rodney Miranda, destacando que a f\u00f3rmula est\u00e1 dando certo. \u201cJ\u00e1 estamos colhendo os resultados: redu\u00e7\u00f5es hist\u00f3ricas de viol\u00eancia em Goi\u00e1s\u201d, completou.<\/p>\n<p style=\"text-align: justify\">O pr\u00e9dio reformado conta com 1.087 m\u00b2, sendo 943 m\u00b2 ocupados pela Central de Flagrantes e 144 m\u00b2 pela delegacia. Com a reserva, ainda, de um espa\u00e7o de 42 m\u00b2 para constru\u00e7\u00e3o de celas. \u201cHoje temos uma unidade digna\u201d, afirmou o delegado-Geral, Alexandre Pinto Louren\u00e7o. \u201cA din\u00e2mica do Estado vem se mostrando cada vez mais eficiente, percebendo que era poss\u00edvel, foi feita a readequa\u00e7\u00e3o predial desta unidade, que seguir\u00e1 prestando relevantes servi\u00e7os, agora pelas m\u00e3os da Pol\u00edcia Civil\u201d, justificou.<\/p>\n<p style=\"text-align: justify\">Juiz de direito do F\u00f3rum da comarca, Luciomar Fernandes elogiou a preocupa\u00e7\u00e3o do governador com a qualidade do servi\u00e7o prestado \u00e0 popula\u00e7\u00e3o: \u201cA pol\u00edcia, seja militar ou civil, \u00e9 a primeira autoridade que tem contato com o problema. Uma vez viciado esse primeiro contato, todo restante da persecu\u00e7\u00e3o penal \u00e9 viciada\u201d. J\u00e1 a deputada federal e l\u00edder da bancada goiana na C\u00e2mara dos Deputados, Fl\u00e1via Morais destacou os avan\u00e7os implementados na \u00e1rea pela atual gest\u00e3o. \u201cA seguran\u00e7a p\u00fablica, sem d\u00favidas, mudou com o governo de Ronaldo Caiado\u201d.<\/p>\n<p style=\"text-align: justify\">Tamb\u00e9m compareceram \u00e0 inaugura\u00e7\u00e3o, o prefeito Marden J\u00fanior; deputado federal Delegado Waldir; deputados estaduais Doutor Ant\u00f4nio e Amauri Ribeiro; ex-deputado federal Daniel Vilela; secret\u00e1rio municipal de seguran\u00e7a de Trindade, Juliano Reis; presidente da OAB Trindade, George Neri; delegados, vereadores, comandantes e coordenadores regionais de Educa\u00e7\u00e3o.<\/p>\n<p><em>Fotos: J\u00fanior Guimar\u00e3es<\/em><\/p>\n<p><strong>Secretaria de Comunica\u00e7\u00e3o &#8211; Governo de Goi\u00e1s<\/strong><\/p>\n\n","protected":false},"excerpt":{"rendered":"<p>Nova estrutura possibilita aumento do n\u00famero de atendimentos realizados pela Pol\u00edcia Civil na regi\u00e3o. Chefe do Executivo afirma que ir\u00e1 promover a regionaliza\u00e7\u00e3o da Seguran\u00e7a P\u00fablica para dar maior dignidade \u00e0 popula\u00e7\u00e3o O governador Ronaldo Caiado inaugurou, nesta segunda-feira (21\/02), em Trindade, o novo pr\u00e9dio da Central Geral de Flagrantes e da 1\u00aa Delegacia Distrital [&hellip;]<\/p>\n","protected":false},"author":3,"featured_media":68415,"comment_status":"closed","ping_status":"closed","sticky":false,"template":"","format":"standard","meta":{"footnotes":"","_links_to":"","_links_to_target":""},"categories":[10,1,11],"tags":[],"class_list":["post-68413","post","type-post","status-publish","format-standard","has-post-thumbnail","hentry","category-noticias-da-ssp","category-sem-categoria","category-ultimo-segundo"],"rttpg_featured_image_url":null,"rttpg_author":{"display_name":"joanaredator","author_link":"https:\/\/goias.gov.br\/seguranca\/author\/joanaredator\/"},"rttpg_comment":0,"rttpg_category":"<a href=\"https:\/\/goias.gov.br\/seguranca\/categoria\/noticias-da-ssp\/\" rel=\"category tag\">Not\u00edcias da SSP<\/a> <a href=\"https:\/\/goias.gov.br\/seguranca\/categoria\/sem-categoria\/\" rel=\"category tag\">Sem categoria<\/a> <a href=\"https:\/\/goias.gov.br\/seguranca\/categoria\/ultimo-segundo\/\" rel=\"category tag\">\u00daltimo Segundo<\/a>","rttpg_excerpt":"Nova estrutura possibilita aumento do n\u00famero de atendimentos realizados pela Pol\u00edcia Civil na regi\u00e3o. Chefe do Executivo afirma que ir\u00e1 promover a regionaliza\u00e7\u00e3o da Seguran\u00e7a P\u00fablica para dar maior dignidade \u00e0 popula\u00e7\u00e3o O governador Ronaldo Caiado inaugurou, nesta segunda-feira (21\/02), em Trindade, o novo pr\u00e9dio da Central Geral de Flagrantes e da 1\u00aa Delegacia Distrital&hellip;","_links":{"self":[{"href":"https:\/\/goias.gov.br\/seguranca\/wp-json\/wp\/v2\/posts\/68413","targetHints":{"allow":["GET"]}}],"collection":[{"href":"https:\/\/goias.gov.br\/seguranca\/wp-json\/wp\/v2\/posts"}],"about":[{"href":"https:\/\/goias.gov.br\/seguranca\/wp-json\/wp\/v2\/types\/post"}],"author":[{"embeddable":true,"href":"https:\/\/goias.gov.br\/seguranca\/wp-json\/wp\/v2\/users\/3"}],"replies":[{"embeddable":true,"href":"https:\/\/goias.gov.br\/seguranca\/wp-json\/wp\/v2\/comments?post=68413"}],"version-history":[{"count":0,"href":"https:\/\/goias.gov.br\/seguranca\/wp-json\/wp\/v2\/posts\/68413\/revisions"}],"wp:featuredmedia":[{"embeddable":true,"href":"https:\/\/goias.gov.br\/seguranca\/wp-json\/"}],"wp:attachment":[{"href":"https:\/\/goias.gov.br\/seguranca\/wp-json\/wp\/v2\/media?parent=68413"}],"wp:term":[{"taxonomy":"category","embeddable":true,"href":"https:\/\/goias.gov.br\/seguranca\/wp-json\/wp\/v2\/categories?post=68413"},{"taxonomy":"post_tag","embeddable":true,"href":"https:\/\/goias.gov.br\/seguranca\/wp-json\/wp\/v2\/tags?post=68413"}],"curies":[{"name":"wp","href":"https:\/\/api.w.org\/{rel}","templated":true}]}}