

{"id":6716,"date":"2013-04-03T15:25:41","date_gmt":"2013-04-03T18:25:41","guid":{"rendered":"http:\/\/www.ssp.go.gov.br\/?p=6716"},"modified":"2013-04-03T15:25:41","modified_gmt":"2013-04-03T18:25:41","slug":"pregao-eletronico-no-0372013-aviso-de-adiamento","status":"publish","type":"post","link":"https:\/\/goias.gov.br\/seguranca\/pregao-eletronico-no-0372013-aviso-de-adiamento\/","title":{"rendered":"Preg\u00e3o Eletr\u00f4nico n\u00ba 037\/2013 &#8211; Aviso de Adiamento"},"content":{"rendered":"<p><strong>ADIAMENTO DE LICITA\u00c7\u00c3O<\/strong><\/p>\n<p><span style=\"text-decoration: underline\"><strong>Preg\u00e3o Eletr\u00f4nico n\u00ba 037\/2013<\/strong><\/span><br \/>\nPROCESSO: 201200016002088<br \/>\nSOLICITANTE: Superintend\u00eancia de Pol\u00edcia T\u00e9cnico-Cient\u00edfica.<br \/>\nOBJETO: Aquisi\u00e7\u00e3o de Equipamentos de Prote\u00e7\u00e3o Individual \u2013 Macac\u00e3o de Prote\u00e7\u00e3o Contra Riscos Biol\u00f3gicos e Pro-P\u00e9 Descart\u00e1vel.<\/p>\n<p>O pregoeiro respons\u00e1vel pelo procedimento em tela comunica aos interessados que a sess\u00e3o p\u00fablica definida para o dia <strong>15\/04\/2013 (segunda-feira) ser\u00e1 adiada<\/strong>, <span style=\"text-decoration: underline\"><em>\u201csine die\u201d<\/em><\/span>, para adequa\u00e7\u00f5es no termo de refer\u00eancia \u2013 anexo I do edital, e que a sess\u00e3o p\u00fablica ser\u00e1 marcada em momento oportuno.<\/p>\n<p>Eduardo Tolentino Caldeira<br \/>\nPregoeiro<\/p>\n","protected":false},"excerpt":{"rendered":"<p>Aquisi\u00e7\u00e3o de Equipamentos de Prote\u00e7\u00e3o Individual \u2013 Macac\u00e3o de Prote\u00e7\u00e3o Contra Riscos Biol\u00f3gicos e Pro-P\u00e9 Descart\u00e1vel.<\/p>\n","protected":false},"author":3,"featured_media":0,"comment_status":"closed","ping_status":"closed","sticky":false,"template":"","format":"standard","meta":{"footnotes":"","_links_to":"","_links_to_target":""},"categories":[21],"tags":[49,173,27,512,474],"class_list":["post-6716","post","type-post","status-publish","format-standard","hentry","category-editais-em-aberto","tag-adiamento","tag-aquisicao","tag-licitacao","tag-macacao","tag-suspensao"],"rttpg_featured_image_url":null,"rttpg_author":{"display_name":"joanaredator","author_link":"https:\/\/goias.gov.br\/seguranca\/author\/joanaredator\/"},"rttpg_comment":0,"rttpg_category":"<a href=\"https:\/\/goias.gov.br\/seguranca\/categoria\/editais-em-aberto\/\" rel=\"category tag\">Editais em Aberto<\/a>","rttpg_excerpt":"Aquisi\u00e7\u00e3o de Equipamentos de Prote\u00e7\u00e3o Individual \u2013 Macac\u00e3o de Prote\u00e7\u00e3o Contra Riscos Biol\u00f3gicos e Pro-P\u00e9 Descart\u00e1vel.","_links":{"self":[{"href":"https:\/\/goias.gov.br\/seguranca\/wp-json\/wp\/v2\/posts\/6716","targetHints":{"allow":["GET"]}}],"collection":[{"href":"https:\/\/goias.gov.br\/seguranca\/wp-json\/wp\/v2\/posts"}],"about":[{"href":"https:\/\/goias.gov.br\/seguranca\/wp-json\/wp\/v2\/types\/post"}],"author":[{"embeddable":true,"href":"https:\/\/goias.gov.br\/seguranca\/wp-json\/wp\/v2\/users\/3"}],"replies":[{"embeddable":true,"href":"https:\/\/goias.gov.br\/seguranca\/wp-json\/wp\/v2\/comments?post=6716"}],"version-history":[{"count":0,"href":"https:\/\/goias.gov.br\/seguranca\/wp-json\/wp\/v2\/posts\/6716\/revisions"}],"wp:attachment":[{"href":"https:\/\/goias.gov.br\/seguranca\/wp-json\/wp\/v2\/media?parent=6716"}],"wp:term":[{"taxonomy":"category","embeddable":true,"href":"https:\/\/goias.gov.br\/seguranca\/wp-json\/wp\/v2\/categories?post=6716"},{"taxonomy":"post_tag","embeddable":true,"href":"https:\/\/goias.gov.br\/seguranca\/wp-json\/wp\/v2\/tags?post=6716"}],"curies":[{"name":"wp","href":"https:\/\/api.w.org\/{rel}","templated":true}]}}