

{"id":66040,"date":"2021-11-26T09:41:29","date_gmt":"2021-11-26T12:41:29","guid":{"rendered":"https:\/\/www.seguranca.go.gov.br\/?p=66040"},"modified":"2021-11-26T09:41:29","modified_gmt":"2021-11-26T12:41:29","slug":"notificacao-no-12-2021-ggdp-02898","status":"publish","type":"post","link":"https:\/\/goias.gov.br\/seguranca\/notificacao-no-12-2021-ggdp-02898\/","title":{"rendered":"NOTIFICA\u00c7\u00c3O N\u00ba 12 \/ 2021 GGDP- 02898"},"content":{"rendered":"<p>&nbsp;<\/p>\n<p>NOTIFICA\u00c7\u00c3O N\u00ba 12 \/ 2021 GGDP- 02898<\/p>\n<p>Sra. Andresa Tokumi Franco Yamamoto, Superintendente \u00a0de<\/p>\n<p>Gest\u00e3o Integrada, da Secretaria de Estado da<\/p>\n<p>Seguran\u00e7a P\u00fablica, no uso de suas atribui\u00e7\u00f5es legais,<\/p>\n<p>Notifica a Sra.\u00a0 \u00a0<strong>ELMI\u00a0\u00a0\u00a0 TAVEIRA\u00a0\u00a0\u00a0 SAMAHA,\u00a0\u00a0\u00a0 <\/strong>portadora\u00a0\u00a0 do <strong>CPF n\u00ba: 002.758.671-53, <\/strong>residente e domiciliado \u00e0 Rua 16, n\u00ba 145, Ap &#8211; 301, Setor Central, CEP 74.015-020, Goi\u00e2nia &#8211; Goi\u00e1s, que conforme a Lei n\u00ba 14.067, de 26 de dezembro de 2001, no seu artigo 10-C, a Ger\u00eancia de Gest\u00e3o e Desenvolvimento de Pessoas desta Superintend\u00eancia iniciou processo administrativo de extin\u00e7\u00e3o do benef\u00edcio de Anistiado Pol\u00edtico recebido pela Secretaria de Estado da Seguran\u00e7a P\u00fablica do Estado de Goi\u00e1s.<\/p>\n<p>CONSIDERANDO o artigo 10-A, paragrafo 1\u00ba\u00a0 da Lei n\u00ba 14.067, de 26 de dezembro de 2001 <em>&#8220;A falta de recadastramento previsto neste artigo implicar\u00e1<\/em><em> suspens\u00e3o do pagamento do benef\u00edcio a partir do 3\u00ba (terceiro) m\u00eas subsequente ao do anivers\u00e1rio do pensionista at\u00e9 que a situa\u00e7\u00e3o do faltoso seja regularizada&#8221;<\/em>, esta Ger\u00eancia esclarece que: est\u00e1 sendo aplicado o artigo 10-C ,<strong><em><u>&#8220;Art. 10-C. A n\u00e3o-<\/u> <u>regulariza\u00e7\u00e3o cadastral dentro do prazo de\u00a0 at\u00e9\u00a0 12\u00a0 (doze)\u00a0 meses\u00a0 contados<\/u> <u>a partir do 1\u00ba (primeiro) m\u00eas do bloqueio do pagamento implicar\u00e1<\/u> <u>cancelamento de\ufb01nitivo do benef\u00edcio pension\u00e1rio, mediante processo<\/u> <u>administrativo, desde que assegurados o contradit\u00f3rio e a ampla defesa&#8221;.<\/u><\/em><\/strong><\/p>\n<p>Em consulta ao contracheque da Pensionista de Anistiado Pol\u00edtico constam que o \u00faltimo benef\u00edcio recebido foi em dezembro de 2019, portanto tendo em vista a n\u00e3o regulariza\u00e7\u00e3o cadastral superior a 12 (doze) meses, a Secretaria de Estado da Seguran\u00e7a P\u00fablica em aplicabilidade ao artigo 10-C da Lei n\u00ba 14.067, de 26 de dezembro de 2001, noti\ufb01ca a pensionista de anistiado pol\u00edtico a apresentar defesa na Ger\u00eancia de Gest\u00e3o e Desenvolvimento de Pessoas, situada na Rua 17, Qd 01, Lt 01, Setor Aerovi\u00e1rio, Goi\u00e2nia-GO \u2013 CEP: 74435-300.<\/p>\n<p><strong><em>Fica cienti\ufb01cado(a), a apresenta\u00e7\u00e3o de defesa no prazo de 10 (dez) dias do recebimento desta, a n\u00e3o apresenta\u00e7\u00e3o de defesa no prazo estabelecido,\u00a0\u00a0\u00a0\u00a0\u00a0\u00a0\u00a0\u00a0\u00a0\u00a0 o <\/em><\/strong><strong>processo <em>ter\u00e1 <\/em>continuidade\u00a0\u00a0\u00a0\u00a0\u00a0\u00a0\u00a0\u00a0\u00a0\u00a0\u00a0\u00a0\u00a0\u00a0\u00a0\u00a0\u00a0\u00a0\u00a0\u00a0\u00a0 independentemente do comparecimento da <em>notificada.<\/em><\/strong><\/p>\n<p><strong><em><a href=\"https:\/\/goias.gov.br\/seguranca\/wp-content\/uploads\/sites\/56\/2021\/11\/sei-202100016028265.pdf\">NOTIFICA\u00c7\u00c3O N\u00ba 12 \/ 2021 GGDP- 02898\u00a0<\/a><\/em><\/strong><\/p>\n<p>Andresa Tokumi Franco Yamamoto<\/p>\n<p><strong>Superintend\u00eancia<\/strong> <strong>de<\/strong> <strong>Gest\u00e3o<\/strong> <strong>Integrada<\/strong><\/p>\n<p>GOIANIA, 24 de novembro de 2021.<\/p>\n<p>&nbsp;<\/p>\n<p>&nbsp;<\/p>\n","protected":false},"excerpt":{"rendered":"<p>&nbsp; NOTIFICA\u00c7\u00c3O N\u00ba 12 \/ 2021 GGDP- 02898 Sra. Andresa Tokumi Franco Yamamoto, Superintendente \u00a0de Gest\u00e3o Integrada, da Secretaria de Estado da Seguran\u00e7a P\u00fablica, no uso de suas atribui\u00e7\u00f5es legais, Notifica a Sra.\u00a0 \u00a0ELMI\u00a0\u00a0\u00a0 TAVEIRA\u00a0\u00a0\u00a0 SAMAHA,\u00a0\u00a0\u00a0 portadora\u00a0\u00a0 do CPF n\u00ba: 002.758.671-53, residente e domiciliado \u00e0 Rua 16, n\u00ba 145, Ap &#8211; 301, Setor Central, CEP [&hellip;]<\/p>\n","protected":false},"author":3,"featured_media":0,"comment_status":"closed","ping_status":"closed","sticky":false,"template":"","format":"standard","meta":{"footnotes":"","_links_to":"","_links_to_target":""},"categories":[16,1],"tags":[],"class_list":["post-66040","post","type-post","status-publish","format-standard","hentry","category-extratos","category-sem-categoria"],"rttpg_featured_image_url":null,"rttpg_author":{"display_name":"joanaredator","author_link":"https:\/\/goias.gov.br\/seguranca\/author\/joanaredator\/"},"rttpg_comment":0,"rttpg_category":"<a href=\"https:\/\/goias.gov.br\/seguranca\/categoria\/extratos\/\" rel=\"category tag\">Extratos<\/a> <a href=\"https:\/\/goias.gov.br\/seguranca\/categoria\/sem-categoria\/\" rel=\"category tag\">Sem categoria<\/a>","rttpg_excerpt":"&nbsp; NOTIFICA\u00c7\u00c3O N\u00ba 12 \/ 2021 GGDP- 02898 Sra. Andresa Tokumi Franco Yamamoto, Superintendente \u00a0de Gest\u00e3o Integrada, da Secretaria de Estado da Seguran\u00e7a P\u00fablica, no uso de suas atribui\u00e7\u00f5es legais, Notifica a Sra.\u00a0 \u00a0ELMI\u00a0\u00a0\u00a0 TAVEIRA\u00a0\u00a0\u00a0 SAMAHA,\u00a0\u00a0\u00a0 portadora\u00a0\u00a0 do CPF n\u00ba: 002.758.671-53, residente e domiciliado \u00e0 Rua 16, n\u00ba 145, Ap &#8211; 301, Setor Central, CEP&hellip;","_links":{"self":[{"href":"https:\/\/goias.gov.br\/seguranca\/wp-json\/wp\/v2\/posts\/66040","targetHints":{"allow":["GET"]}}],"collection":[{"href":"https:\/\/goias.gov.br\/seguranca\/wp-json\/wp\/v2\/posts"}],"about":[{"href":"https:\/\/goias.gov.br\/seguranca\/wp-json\/wp\/v2\/types\/post"}],"author":[{"embeddable":true,"href":"https:\/\/goias.gov.br\/seguranca\/wp-json\/wp\/v2\/users\/3"}],"replies":[{"embeddable":true,"href":"https:\/\/goias.gov.br\/seguranca\/wp-json\/wp\/v2\/comments?post=66040"}],"version-history":[{"count":0,"href":"https:\/\/goias.gov.br\/seguranca\/wp-json\/wp\/v2\/posts\/66040\/revisions"}],"wp:attachment":[{"href":"https:\/\/goias.gov.br\/seguranca\/wp-json\/wp\/v2\/media?parent=66040"}],"wp:term":[{"taxonomy":"category","embeddable":true,"href":"https:\/\/goias.gov.br\/seguranca\/wp-json\/wp\/v2\/categories?post=66040"},{"taxonomy":"post_tag","embeddable":true,"href":"https:\/\/goias.gov.br\/seguranca\/wp-json\/wp\/v2\/tags?post=66040"}],"curies":[{"name":"wp","href":"https:\/\/api.w.org\/{rel}","templated":true}]}}