

{"id":5818,"date":"2012-10-31T16:10:23","date_gmt":"2012-10-31T18:10:23","guid":{"rendered":"http:\/\/www.ssp.go.gov.br\/?p=5818"},"modified":"2012-10-31T16:10:23","modified_gmt":"2012-10-31T18:10:23","slug":"pregao-eletronico-no-1722012-aviso-de-adiamento","status":"publish","type":"post","link":"https:\/\/goias.gov.br\/seguranca\/pregao-eletronico-no-1722012-aviso-de-adiamento\/","title":{"rendered":"Preg\u00e3o Eletr\u00f4nico n\u00ba. 172\/2012 &#8211; Aviso de Adiamento"},"content":{"rendered":"<p><strong>ADIAMENTO DE LICITA\u00c7\u00c3O<\/strong><\/p>\n<p><span style=\"text-decoration: underline\"><strong>Preg\u00e3o Eletr\u00f4nico n\u00ba. 172\/2012<\/strong><\/span><br \/>\nPROCESSO: 201200002000526<br \/>\nSOLICITANTE: Pol\u00edcia Militar do Estado de Goi\u00e1s \u2013 PMGO.<br \/>\nOBJETO: Aquisi\u00e7\u00e3o de coletes a prova de balas n\u00edvel II.<\/p>\n<p>O pregoeiro respons\u00e1vel pelo procedimento em tela comunica aos interessados que a sess\u00e3o p\u00fablica definida para o dia 01\/11\/2012 (quinta-feira) <strong>ser\u00e1 adiada<\/strong>, <span style=\"text-decoration: underline\"><em>\u201csine die\u201d<\/em><\/span>, para adequa\u00e7\u00f5es no edital e seus anexos, e que a sess\u00e3o p\u00fablica ser\u00e1 marcada em momento oportuno.<\/p>\n<p>Flamarion Ferreira de Ara\u00fajo<br \/>\nPregoeiro<\/p>\n","protected":false},"excerpt":{"rendered":"<p>Aquisi\u00e7\u00e3o de coletes a prova de balas n\u00edvel II.<\/p>\n","protected":false},"author":3,"featured_media":0,"comment_status":"closed","ping_status":"closed","sticky":false,"template":"","format":"standard","meta":{"footnotes":"","_links_to":"","_links_to_target":""},"categories":[21],"tags":[49,57,140,27,33,297],"class_list":["post-5818","post","type-post","status-publish","format-standard","hentry","category-editais-em-aberto","tag-adiamento","tag-aviso","tag-coletes","tag-licitacao","tag-pregao-eletronico","tag-prova-de-balas"],"rttpg_featured_image_url":null,"rttpg_author":{"display_name":"joanaredator","author_link":"https:\/\/goias.gov.br\/seguranca\/author\/joanaredator\/"},"rttpg_comment":0,"rttpg_category":"<a href=\"https:\/\/goias.gov.br\/seguranca\/categoria\/editais-em-aberto\/\" rel=\"category tag\">Editais em Aberto<\/a>","rttpg_excerpt":"Aquisi\u00e7\u00e3o de coletes a prova de balas n\u00edvel II.","_links":{"self":[{"href":"https:\/\/goias.gov.br\/seguranca\/wp-json\/wp\/v2\/posts\/5818","targetHints":{"allow":["GET"]}}],"collection":[{"href":"https:\/\/goias.gov.br\/seguranca\/wp-json\/wp\/v2\/posts"}],"about":[{"href":"https:\/\/goias.gov.br\/seguranca\/wp-json\/wp\/v2\/types\/post"}],"author":[{"embeddable":true,"href":"https:\/\/goias.gov.br\/seguranca\/wp-json\/wp\/v2\/users\/3"}],"replies":[{"embeddable":true,"href":"https:\/\/goias.gov.br\/seguranca\/wp-json\/wp\/v2\/comments?post=5818"}],"version-history":[{"count":0,"href":"https:\/\/goias.gov.br\/seguranca\/wp-json\/wp\/v2\/posts\/5818\/revisions"}],"wp:attachment":[{"href":"https:\/\/goias.gov.br\/seguranca\/wp-json\/wp\/v2\/media?parent=5818"}],"wp:term":[{"taxonomy":"category","embeddable":true,"href":"https:\/\/goias.gov.br\/seguranca\/wp-json\/wp\/v2\/categories?post=5818"},{"taxonomy":"post_tag","embeddable":true,"href":"https:\/\/goias.gov.br\/seguranca\/wp-json\/wp\/v2\/tags?post=5818"}],"curies":[{"name":"wp","href":"https:\/\/api.w.org\/{rel}","templated":true}]}}