

{"id":56901,"date":"2021-05-31T10:46:23","date_gmt":"2021-05-31T13:46:23","guid":{"rendered":"https:\/\/www.seguranca.go.gov.br\/?p=56901"},"modified":"2021-05-31T10:46:23","modified_gmt":"2021-05-31T13:46:23","slug":"etica-publica-e-o-nosso-novo-codigo-de-etica","status":"publish","type":"post","link":"https:\/\/goias.gov.br\/seguranca\/etica-publica-e-o-nosso-novo-codigo-de-etica\/","title":{"rendered":"\u00c9TICA P\u00daBLICA E O NOSSO NOVO C\u00d3DIGO DE \u00c9TICA"},"content":{"rendered":"<p><img fetchpriority=\"high\" decoding=\"async\" class=\"wp-image-56902 size-large aligncenter\" src=\"https:\/\/goias.gov.br\/seguranca\/wp-content\/uploads\/sites\/56\/2021\/05\/whatsapp-image-2021-05-31-at-08.36.09-710x333.jpeg\" alt=\"\" width=\"710\" height=\"333\" \/><\/p>\n<p style=\"text-align: justify\">O Eixo I \u2013 \u00c9tica do Programa de Compliance P\u00fablico do Poder Executivo do Estado de Goi\u00e1s busca a estrutura\u00e7\u00e3o de regras e dos instrumentos referentes aos padr\u00f5es de \u00e9tica e de conduta. Dentre estes instrumentos est\u00e1 o nosso novo C\u00f3digo de \u00c9tica e Conduta Profissional do Servidor e da Alta Administra\u00e7\u00e3o do Poder Executivo Estadual, elaborado a partir de uma consulta p\u00fablica na qual o cidad\u00e3o apresentou valores e comportamentos que considera desej\u00e1veis e indesej\u00e1veis na rela\u00e7\u00e3o com os servidores p\u00fablicos.<\/p>\n<p style=\"text-align: justify\">Conforme o Decreto n\u00ba 9.837, de 23 de mar\u00e7o de 2021, o Poder Executivo do Estado de Goi\u00e1s adota como valores fundamentais, a predomin\u00e2ncia do atendimento ao interesse p\u00fablico em rela\u00e7\u00e3o ao interesse particular; a boa e regular utiliza\u00e7\u00e3o do recurso p\u00fablico, com a obten\u00e7\u00e3o dos resultados esperados da execu\u00e7\u00e3o das pol\u00edticas p\u00fablicas; e a promo\u00e7\u00e3o da confian\u00e7a como fundamento das rela\u00e7\u00f5es de trabalho entre os servidores e os demais cidad\u00e3os.<\/p>\n<p style=\"text-align: justify\">De acordo com o referido instrumento, o servidor p\u00fablico deve valorizar a \u00e9tica como forma de aprimorar comportamentos, buscando fundamentar suas a\u00e7\u00f5es em princ\u00edpios como o da justi\u00e7a, da honestidade, da responsabilidade, da transpar\u00eancia e da imparcialidade. Ent\u00e3o, percebemos uma \u00c9tica equivalente a h\u00e1bito, car\u00e1ter, modo de ser de uma pessoa e um comportamento \u00e9tico definido como aquele comportamento socialmente bom, justo e correto.<\/p>\n<p style=\"text-align: justify\">Quando falamos em \u00c9tica P\u00fablica, n\u00e3o basta conhecer o que \u00e9 certo e pratic\u00e1-lo. \u00c9 preciso que o ato praticado pelo servidor p\u00fablico seja \u00edntegro e coerente, entre o que se pensa ou acredita e o que se diz ou faz, n\u00e3o havendo nenhum espa\u00e7o para prefer\u00eancias ou interesses privados. E, pelo pr\u00f3prio texto do nosso novo C\u00f3digo de \u00c9tica, verificamos que a \u00e9tica p\u00fablica projeta-se nos valores, nas virtudes e, tamb\u00e9m, nas consequ\u00eancias dos padr\u00f5es de conduta exigidos no servi\u00e7o p\u00fablico, em termos institucionais e individuais, pois, se de um lado cabe ao servidor observar princ\u00edpios gerais (valores), tamb\u00e9m cabe a ele agir conforme o seu car\u00e1ter individual (ou seja, suas pr\u00f3prias virtudes).<\/p>\n<p style=\"text-align: justify\">Enfim, a \u00e9tica da responsabilidade, de protocolos bem cumpridos, hor\u00e1rios de trabalho bem observados e a consci\u00eancia tranquila de que fizemos nada mais do que dever\u00edamos fazer, de acordo com os nossos valores e virtudes, deve evoluir, dia ap\u00f3s dia, ampliando-se para a \u00e9tica do cuidado com a coisa p\u00fablica, para a \u00e9tica que o nosso C\u00f3digo de \u00c9tica espera de n\u00f3s, para a \u00e9tica cobrada por nossa pr\u00f3pria consci\u00eancia. Esta \u00e9 a verdadeira \u00c9tica P\u00fablica.<\/p>\n<p><strong>Ger\u00eancia de Planejamento Institucional<\/strong><\/p>\n<p><strong>Superintend\u00eancia de Gest\u00e3o Integrada<\/strong><br \/>\n<strong>Secretaria de Seguran\u00e7a P\u00fablica<\/strong><\/p>\n","protected":false},"excerpt":{"rendered":"<p>O Eixo I \u2013 \u00c9tica do Programa de Compliance P\u00fablico do Poder Executivo do Estado de Goi\u00e1s busca a estrutura\u00e7\u00e3o de regras e dos instrumentos referentes aos padr\u00f5es de \u00e9tica e de conduta. Dentre estes instrumentos est\u00e1 o nosso novo C\u00f3digo de \u00c9tica e Conduta Profissional do Servidor e da Alta Administra\u00e7\u00e3o do Poder Executivo [&hellip;]<\/p>\n","protected":false},"author":3,"featured_media":56902,"comment_status":"closed","ping_status":"closed","sticky":false,"template":"","format":"standard","meta":{"footnotes":"","_links_to":"","_links_to_target":""},"categories":[10,2113],"tags":[],"class_list":["post-56901","post","type-post","status-publish","format-standard","has-post-thumbnail","hentry","category-noticias-da-ssp","category-programa-de-compliance-publico"],"rttpg_featured_image_url":null,"rttpg_author":{"display_name":"joanaredator","author_link":"https:\/\/goias.gov.br\/seguranca\/author\/joanaredator\/"},"rttpg_comment":0,"rttpg_category":"<a href=\"https:\/\/goias.gov.br\/seguranca\/categoria\/noticias-da-ssp\/\" rel=\"category tag\">Not\u00edcias da SSP<\/a> <a href=\"https:\/\/goias.gov.br\/seguranca\/categoria\/programa-de-compliance-publico\/\" rel=\"category tag\">Programa de Compliance P\u00fablico<\/a>","rttpg_excerpt":"O Eixo I \u2013 \u00c9tica do Programa de Compliance P\u00fablico do Poder Executivo do Estado de Goi\u00e1s busca a estrutura\u00e7\u00e3o de regras e dos instrumentos referentes aos padr\u00f5es de \u00e9tica e de conduta. Dentre estes instrumentos est\u00e1 o nosso novo C\u00f3digo de \u00c9tica e Conduta Profissional do Servidor e da Alta Administra\u00e7\u00e3o do Poder Executivo&hellip;","_links":{"self":[{"href":"https:\/\/goias.gov.br\/seguranca\/wp-json\/wp\/v2\/posts\/56901","targetHints":{"allow":["GET"]}}],"collection":[{"href":"https:\/\/goias.gov.br\/seguranca\/wp-json\/wp\/v2\/posts"}],"about":[{"href":"https:\/\/goias.gov.br\/seguranca\/wp-json\/wp\/v2\/types\/post"}],"author":[{"embeddable":true,"href":"https:\/\/goias.gov.br\/seguranca\/wp-json\/wp\/v2\/users\/3"}],"replies":[{"embeddable":true,"href":"https:\/\/goias.gov.br\/seguranca\/wp-json\/wp\/v2\/comments?post=56901"}],"version-history":[{"count":0,"href":"https:\/\/goias.gov.br\/seguranca\/wp-json\/wp\/v2\/posts\/56901\/revisions"}],"wp:featuredmedia":[{"embeddable":true,"href":"https:\/\/goias.gov.br\/seguranca\/wp-json\/"}],"wp:attachment":[{"href":"https:\/\/goias.gov.br\/seguranca\/wp-json\/wp\/v2\/media?parent=56901"}],"wp:term":[{"taxonomy":"category","embeddable":true,"href":"https:\/\/goias.gov.br\/seguranca\/wp-json\/wp\/v2\/categories?post=56901"},{"taxonomy":"post_tag","embeddable":true,"href":"https:\/\/goias.gov.br\/seguranca\/wp-json\/wp\/v2\/tags?post=56901"}],"curies":[{"name":"wp","href":"https:\/\/api.w.org\/{rel}","templated":true}]}}