

{"id":53241,"date":"2021-02-10T08:00:11","date_gmt":"2021-02-10T11:00:11","guid":{"rendered":"https:\/\/www.seguranca.go.gov.br\/?p=53241"},"modified":"2021-02-10T08:00:11","modified_gmt":"2021-02-10T11:00:11","slug":"portaria-n-0071-21-designacao-da-comissao-de-gestao-integrada-de-atencao-a-saude-dos-servidores-de-seguranca-publica-cgias","status":"publish","type":"post","link":"https:\/\/goias.gov.br\/seguranca\/portaria-n-0071-21-designacao-da-comissao-de-gestao-integrada-de-atencao-a-saude-dos-servidores-de-seguranca-publica-cgias\/","title":{"rendered":"PORTARIA N\u00b0 0071 &#8211; 21 Designa\u00e7\u00e3o da Comissao de Gest\u00e3o  Integrada de Aten\u00e7\u00e3o a Saude dos Servidores de Seguran\u00e7a Publica CGIAS"},"content":{"rendered":"<p>&nbsp;<\/p>\n<p style=\"text-align: left\">Portaria n\u00ba 0071\/2021 &#8211; SSP<\/p>\n<p>O Secret\u00e1rio de Estado da Seguran\u00e7a P\u00fablica de Goi\u00e1s nomeado pelo Decreto de 02 de janeiro de 2019, publicado no Di\u00e1rio Oficial do Estado n. 22.963 &#8211; Suplemento, no uso de suas atribui\u00e7\u00f5es legais, e tendo em vista o que consta do Processo n\u00b0 201900016027826;<\/p>\n<p>Considerando a Portaria n\u00ba 790, de 24 de outubro de 2019, publicada no Di\u00e1rio Oficial da Uni\u00e3o, Edi\u00e7\u00e3o 208, Se\u00e7\u00e3o 01, P\u00e1gina 53, do Minist\u00e9rio da Justi\u00e7a e Seguran\u00e7a P\u00fablica, a qual regulamenta o incentivo financeiro das a\u00e7\u00f5es do Eixo Valoriza\u00e7\u00e3o dos Profissionais de Seguran\u00e7a P\u00fablica, no \u00e2mbito da Pol\u00edtica Nacional de Seguran\u00e7a P\u00fablica e Defesa Social e do Sistema \u00danico de Seguran\u00e7a P\u00fablica, com os recursos do Fundo Nacional de Seguran\u00e7a P\u00fablica, previstos no inciso I do art. 7\u00ba da Lei n\u00ba 13.756, de 12 de dezembro de 2018;<\/p>\n<p>Considerando a Portaria n\u00ba 0793\/2019, publicada no Di\u00e1rio Oficial\/GO n\u00b0 23.229, de 31 de janeiro de 2020, a qual disp\u00f5e sobre Projeto Qualidade de Vida dos Profissionais de Seguran\u00e7a P\u00fablica &#8211; Pr\u00f3-Vida no \u00e2mbito da Secretaria da Seguran\u00e7a P\u00fablica do Estado de Goi\u00e1s.<\/p>\n<p>RESOLVE:<\/p>\n<p>Art. 1\u00ba Instituir a Comiss\u00e3o de Gest\u00e3o Integrada de Aten\u00e7\u00e3o \u00e0 Sa\u00fade dos Servidores de Seguran\u00e7a P\u00fablica \u2013 CGIAS, conforme determina\u00e7\u00e3o encontrada na Portaria 0793\/2019 \u2013\u00a0SSP, para mandato bienal, prorrog\u00e1vel por igual per\u00edodo a crit\u00e9rio do\u00a0Titular da Secretaria de Estado da Seguran\u00e7a P\u00fablica, em especial em rela\u00e7\u00e3o aos seguintes pontos:<\/p>\n<p>I \u2013 Acompanhar, supervisionar e propor diretrizes referentes \u00e0s pol\u00edticas de qualidade de vida, sa\u00fade e valoriza\u00e7\u00e3o dos profissionais de seguran\u00e7a p\u00fablica;<\/p>\n<p>II \u2013 Fomentar a capacita\u00e7\u00e3o dos profissionais de seguran\u00e7a p\u00fablica, visando o desenvolvimento das atividades inerentes ao Projeto Qualidade de Vida;<\/p>\n<p>III \u2013 Incentivar a realiza\u00e7\u00e3o e divulga\u00e7\u00e3o de pesquisas, estudos e levantamentos de dados que contribuam para a an\u00e1lise e avalia\u00e7\u00e3o da realidade dos profissionais de seguran\u00e7a p\u00fablica, bem como de informa\u00e7\u00f5es sobre o projeto;<\/p>\n<p>IV \u2013 Analisar e propor conv\u00eanios e outras parcerias com \u00f3rg\u00e3os e entidades do setor p\u00fablico e privado que possam contribuir para o projeto;<\/p>\n<p>V \u2013 Elaborar informa\u00e7\u00f5es, relat\u00f3rios e pareceres sobre assuntos de sua compet\u00eancia.<\/p>\n<p>Art. 2\u00ba Designar, sem preju\u00edzo das suas atribui\u00e7\u00f5es, para a composi\u00e7\u00e3o dessa Comiss\u00e3o, os servidores abaixo relacionados:<\/p>\n<p>&nbsp;<\/p>\n<table width=\"100%\">\n<tbody>\n<tr>\n<td width=\"16%\">\u00d3RG\u00c3O<\/td>\n<td width=\"11%\"><\/td>\n<td width=\"25%\">NOME COMPLETO<\/td>\n<td width=\"16%\">CPF\/RG<\/td>\n<td width=\"17%\">CARGO<\/td>\n<td width=\"14%\">TELEFONE<\/td>\n<\/tr>\n<tr>\n<td rowspan=\"2\" width=\"16%\">Secretaria de Estado da Seguran\u00e7a P\u00fablica<\/td>\n<td width=\"11%\">Titular<\/td>\n<td width=\"25%\"><strong>Andresa Tokumi Franco Yamamoto<\/strong><\/td>\n<td width=\"16%\"><strong>073.946.817-00<\/strong><\/td>\n<td width=\"17%\">Superintendente de Gest\u00e3o Integrada &#8211; SSP<\/td>\n<td width=\"14%\">(62) 3201-1483<\/td>\n<\/tr>\n<tr>\n<td width=\"11%\">Suplente<\/td>\n<td width=\"25%\">Jo\u00e3o Divino Louren\u00e7o J\u00fanior<\/td>\n<td width=\"16%\">697.636.071-91<\/td>\n<td width=\"17%\">Gerente de Capta\u00e7\u00e3o de Recursos &#8211; SSP<\/td>\n<td width=\"14%\">(62) 3201-1012<\/td>\n<\/tr>\n<tr>\n<td rowspan=\"2\" width=\"16%\">Corpo de Bombeiros Militar<\/td>\n<td width=\"11%\">Titular<\/td>\n<td width=\"25%\">TC QOS 02.611 ALINE\u00a0CHADUD\u00a0MATOSO<\/td>\n<td width=\"16%\">CPF: 921.884.191-20<\/td>\n<td width=\"17%\">Chefe do Servi\u00e7o\u00a0Odontol\u00f3gico<\/td>\n<td width=\"14%\">(62) 99957-5127<\/td>\n<\/tr>\n<tr>\n<td width=\"11%\">Suplente<\/td>\n<td width=\"25%\">2\u00ba TEN QOA 01.084 DALTON COSTA MARTINS<\/td>\n<td width=\"16%\">CPF: 624.380.421-68<\/td>\n<td width=\"17%\">Chefe do N\u00facleo Integrado de Aten\u00e7\u00e3o Biopsicossocial \u2013 NIAB<\/td>\n<td width=\"14%\">(62) 98585-3075<\/td>\n<\/tr>\n<tr>\n<td rowspan=\"2\" width=\"16%\">Pol\u00edcia Civil<\/td>\n<td width=\"11%\">Titular<\/td>\n<td width=\"25%\"><strong>Eliane Beppu de Oliveira Fernandes<\/strong><\/td>\n<td width=\"16%\">934.394.821-20<\/td>\n<td width=\"17%\">Agente de Pol\u00edcia<\/td>\n<td width=\"14%\">(62) 98415-7726 \/ 3201-9585<\/td>\n<\/tr>\n<tr>\n<td width=\"11%\">Suplente<\/td>\n<td width=\"25%\"><strong>Fernando Ricardo Barbosa Rodrigues<\/strong><\/td>\n<td width=\"16%\">003.197.211-08<\/td>\n<td width=\"17%\">Agente de Pol\u00edcia<\/td>\n<td width=\"14%\">(62) 98259-5466 \/ 3201-9585<\/td>\n<\/tr>\n<tr>\n<td rowspan=\"2\" width=\"16%\">Pol\u00edcia Militar<\/td>\n<td width=\"11%\">Titular<\/td>\n<td width=\"25%\"><strong>M\u00edriam<\/strong>\u00a0Terezinha Bueno Nogueira Bel\u00e9m<\/td>\n<td width=\"16%\">RG: 27.758<\/td>\n<td width=\"17%\">Tenente Coronel QOSPM<\/td>\n<td width=\"14%\">(62) 99978-6683<\/td>\n<\/tr>\n<tr>\n<td width=\"11%\">Suplente<\/td>\n<td width=\"25%\">Maria\u00a0<strong>B\u00e1rbara<\/strong>\u00a0Franco Gomes<\/td>\n<td width=\"16%\">RG: 27.764<\/td>\n<td width=\"17%\">Tenente Coronel QOSPM<\/td>\n<td width=\"14%\">(62) 99971-1635<\/td>\n<\/tr>\n<tr>\n<td rowspan=\"2\" width=\"16%\">Superintend\u00eancia de Pol\u00edcia T\u00e9cnico-Cient\u00edfica<\/td>\n<td width=\"11%\">Titular<\/td>\n<td width=\"25%\">Daniel Carvalho de Toledo<\/td>\n<td width=\"16%\">CPF: 871.704.001-97<\/td>\n<td width=\"17%\">Auxiliar de Aut\u00f3psia<\/td>\n<td width=\"14%\">(62) 98113-2163<\/td>\n<\/tr>\n<tr>\n<td width=\"11%\">Suplente<\/td>\n<td width=\"25%\">Veronice Elizabeth Abrahao dos Santos<\/td>\n<td width=\"16%\">CPF: 648.275.770-72<\/td>\n<td width=\"17%\">Analista de Gest\u00e3o Administrativa<\/td>\n<td width=\"14%\">(62) 99638-9434<\/td>\n<\/tr>\n<tr>\n<td rowspan=\"2\" width=\"16%\">Superintend\u00eancia de Prote\u00e7\u00e3o aos Direitos do Consumidor<\/td>\n<td width=\"11%\">Titular<\/td>\n<td width=\"25%\">Helder Ribeiro de Andrade<\/td>\n<td width=\"16%\">CPF: 243.210.441-20<\/td>\n<td width=\"17%\">Assistente de Gest\u00e3o Administrativa<\/td>\n<td width=\"14%\">3201-7116<\/td>\n<\/tr>\n<tr>\n<td width=\"11%\">Suplente<\/td>\n<td width=\"25%\">Silvio Jos\u00e9 Machado<\/td>\n<td width=\"16%\">CPF: 260.761.101-63<\/td>\n<td width=\"17%\">Assistente de Gest\u00e3o Administrativa<\/td>\n<td width=\"14%\">3201&#8211;7127<\/td>\n<\/tr>\n<tr>\n<td rowspan=\"2\" width=\"16%\">Diretoria-Geral da Administra\u00e7\u00e3o Penitenci\u00e1ria<\/td>\n<td width=\"11%\">Titular<\/td>\n<td width=\"25%\">Ana Maria T\u00e1vora Fund\u00e3o<\/td>\n<td width=\"16%\">CPF: 497.963.211-49<\/p>\n<p>&nbsp;<\/td>\n<td width=\"17%\">Agente de Seguran\u00e7a Prisional<\/td>\n<td width=\"14%\">3201-2743<\/td>\n<\/tr>\n<tr>\n<td width=\"11%\">Suplente<\/td>\n<td width=\"25%\">Denizard Diniz<\/td>\n<td width=\"16%\">CPF: 397.227.911-68<\/td>\n<td width=\"17%\">Agente de Seguran\u00e7a Prisional<\/td>\n<td width=\"14%\">3201-2743<\/td>\n<\/tr>\n<tr>\n<td rowspan=\"2\" width=\"16%\">SESMT<\/td>\n<td width=\"11%\">Titular<\/td>\n<td width=\"25%\">Cleumar Bonif\u00e1cio Cardoso<\/td>\n<td width=\"16%\">CPF: 533.315.911-49<\/td>\n<td width=\"17%\">T\u00e9cnico de Gest\u00e3o Governamental \/ T\u00e9cnico de Seguran\u00e7a do Trabalho<\/td>\n<td width=\"14%\">&nbsp;<\/p>\n<p>(62) 98437-9648<\/td>\n<\/tr>\n<tr>\n<td width=\"11%\">Suplente<\/td>\n<td width=\"25%\">Serafim Pereira Xavier<\/td>\n<td width=\"16%\">CPF: 508.169.771-00<\/td>\n<td width=\"17%\">T\u00e9cnico de Gest\u00e3o P\u00fablica\/T\u00e9cnico em Seguran\u00e7a do Trabalho<\/td>\n<td width=\"14%\">(62) 99127-8716<\/td>\n<\/tr>\n<\/tbody>\n<\/table>\n<p>Art. 3\u00ba Determinar o encaminhamento desta Portaria ao Gabinete do Delegado-Geral da Pol\u00edcia Civil, ao Comando-Geral da Pol\u00edcia Militar, \u00e0 Superintend\u00eancia de Pol\u00edcia T\u00e9cnico-Cient\u00edfica, ao\u00a0Comando-Geral do Corpo de Bombeiros Militar,\u00a0\u00e0 Diretoria-Geral da\u00a0Administra\u00e7\u00e3o Penitenci\u00e1ria, \u00e0 Superintend\u00eancia de Gest\u00e3o Integrada\/SSP, \u00e0\u00a0Superintend\u00eancia de Prote\u00e7\u00e3o aos Direitos do Consumidor, e ao Servi\u00e7o Especializado em Engenharia de Seguran\u00e7a e Medicina do Trabalho SESMT\/SSP, para conhecimento e demais provid\u00eancias.<\/p>\n<p>Art. 4\u00ba Esta Portaria entra\u00a0em vig\u00eancia na data de sua publica\u00e7\u00e3o.<\/p>\n<p>CUMPRA-SE e PUBLIQUE-SE.<\/p>\n<p>Gabinete do Secret\u00e1rio da Seguran\u00e7a P\u00fablica do Estado de Goi\u00e1s, Goi\u00e2nia, 09 de fevereiro de 2021.<\/p>\n<p><strong><a href=\"https:\/\/goias.gov.br\/seguranca\/wp-content\/uploads\/sites\/56\/2021\/02\/portaria-n-0071-21-designacao-da-comissao-de-gestao-integrada-de-atencao-a-saude-dos-servidores-de-seguranca-publica-cgias-processo-201900016027826.pdf\" target=\"_blank\" rel=\"noopener noreferrer\">PORTARIA N\u00b0 0071 &#8211; 21 Designa\u00e7\u00e3o da Comiss\u00e3o\u00a0 de Gest\u00e3o I<\/a><a href=\"https:\/\/goias.gov.br\/seguranca\/wp-content\/uploads\/sites\/56\/2021\/02\/portaria-n-0071-21-designacao-da-comissao-de-gestao-integrada-de-atencao-a-saude-dos-servidores-de-seguranca-publica-cgias-processo-201900016027826.pdf\" target=\"_blank\" rel=\"noopener noreferrer\">ntegrada de Aten\u00e7\u00e3o a Saude dos Servidores de Seguran\u00e7a Publica CGIAS<\/a><\/strong><\/p>\n<p>RODNEY ROCHA MIRANDA<\/p>\n<p>Secret\u00e1rio<\/p>\n<p>&nbsp;<\/p>\n","protected":false},"excerpt":{"rendered":"<p>&nbsp; Portaria n\u00ba 0071\/2021 &#8211; SSP O Secret\u00e1rio de Estado da Seguran\u00e7a P\u00fablica de Goi\u00e1s nomeado pelo Decreto de 02 de janeiro de 2019, publicado no Di\u00e1rio Oficial do Estado n. 22.963 &#8211; Suplemento, no uso de suas atribui\u00e7\u00f5es legais, e tendo em vista o que consta do Processo n\u00b0 201900016027826; Considerando a Portaria n\u00ba [&hellip;]<\/p>\n","protected":false},"author":3,"featured_media":0,"comment_status":"closed","ping_status":"closed","sticky":false,"template":"","format":"standard","meta":{"footnotes":"","_links_to":"","_links_to_target":""},"categories":[12],"tags":[],"class_list":["post-53241","post","type-post","status-publish","format-standard","hentry","category-portarias"],"rttpg_featured_image_url":null,"rttpg_author":{"display_name":"joanaredator","author_link":"https:\/\/goias.gov.br\/seguranca\/author\/joanaredator\/"},"rttpg_comment":0,"rttpg_category":"<a href=\"https:\/\/goias.gov.br\/seguranca\/categoria\/portarias\/\" rel=\"category tag\">Portarias<\/a>","rttpg_excerpt":"&nbsp; Portaria n\u00ba 0071\/2021 &#8211; SSP O Secret\u00e1rio de Estado da Seguran\u00e7a P\u00fablica de Goi\u00e1s nomeado pelo Decreto de 02 de janeiro de 2019, publicado no Di\u00e1rio Oficial do Estado n. 22.963 &#8211; Suplemento, no uso de suas atribui\u00e7\u00f5es legais, e tendo em vista o que consta do Processo n\u00b0 201900016027826; Considerando a Portaria n\u00ba&hellip;","_links":{"self":[{"href":"https:\/\/goias.gov.br\/seguranca\/wp-json\/wp\/v2\/posts\/53241","targetHints":{"allow":["GET"]}}],"collection":[{"href":"https:\/\/goias.gov.br\/seguranca\/wp-json\/wp\/v2\/posts"}],"about":[{"href":"https:\/\/goias.gov.br\/seguranca\/wp-json\/wp\/v2\/types\/post"}],"author":[{"embeddable":true,"href":"https:\/\/goias.gov.br\/seguranca\/wp-json\/wp\/v2\/users\/3"}],"replies":[{"embeddable":true,"href":"https:\/\/goias.gov.br\/seguranca\/wp-json\/wp\/v2\/comments?post=53241"}],"version-history":[{"count":0,"href":"https:\/\/goias.gov.br\/seguranca\/wp-json\/wp\/v2\/posts\/53241\/revisions"}],"wp:attachment":[{"href":"https:\/\/goias.gov.br\/seguranca\/wp-json\/wp\/v2\/media?parent=53241"}],"wp:term":[{"taxonomy":"category","embeddable":true,"href":"https:\/\/goias.gov.br\/seguranca\/wp-json\/wp\/v2\/categories?post=53241"},{"taxonomy":"post_tag","embeddable":true,"href":"https:\/\/goias.gov.br\/seguranca\/wp-json\/wp\/v2\/tags?post=53241"}],"curies":[{"name":"wp","href":"https:\/\/api.w.org\/{rel}","templated":true}]}}