

{"id":5272,"date":"2012-07-31T10:39:27","date_gmt":"2012-07-31T13:39:27","guid":{"rendered":"http:\/\/www.ssp.go.gov.br\/?p=5272"},"modified":"2012-07-31T10:39:27","modified_gmt":"2012-07-31T13:39:27","slug":"pregao-eletronico-no-0982012-aviso-de-adiamento","status":"publish","type":"post","link":"https:\/\/goias.gov.br\/seguranca\/pregao-eletronico-no-0982012-aviso-de-adiamento\/","title":{"rendered":"Preg\u00e3o Eletr\u00f4nico n\u00ba. 098\/2012 &#8211; Aviso de Adiamento"},"content":{"rendered":"<p><strong>ADIAMENTO DE LICITA\u00c7\u00c3O<\/strong><\/p>\n<p><strong>Preg\u00e3o Eletr\u00f4nico n\u00ba. 098\/2012<\/strong><br \/>\nPROCESSO: 201200016000257<br \/>\nSOLICITANTE: Superintend\u00eancia de Pol\u00edcia T\u00e9cnico-Cient\u00edfica \u2013 SPTC<br \/>\nOBJETO: Aquisi\u00e7\u00e3o de aparelhos de ar condicionado.<\/p>\n<p><strong>O pregoeiro respons\u00e1vel pelo procedimento em tela comunica aos interessados que a sess\u00e3o p\u00fablica definida para o dia 06\/08\/2012 \u00e0s 10h, conforme publica\u00e7\u00e3o no Di\u00e1rio Oficial do Estado do dia 16\/07\/2012, fl. 10, fica adiada para o dia <span style=\"text-decoration: underline\">15\/08\/2012<\/span>, em virtude de problemas no sistema ComprasnetGO.<\/strong><\/p>\n<p><span style=\"text-decoration: underline\"><strong><a title=\"Preg\u00e3o Eletr\u00f4nico n\u00ba 098-2012 - Edital\" href=\"https:\/\/goias.gov.br\/seguranca\/wp-content\/uploads\/sites\/56\/2012\/07\/Edital-098-20121.pdf\" target=\"_blank\" rel=\"noopener\">Preg\u00e3o Eletr\u00f4nico n\u00ba 098-2012 &#8211; Edital<\/a><\/strong><\/span><\/p>\n<p>Jardel Mota Marinho<br \/>\nPregoeiro<\/p>\n","protected":false},"excerpt":{"rendered":"<p>Aquisi\u00e7\u00e3o de aparelhos de ar condicionado.<\/p>\n","protected":false},"author":3,"featured_media":0,"comment_status":"closed","ping_status":"closed","sticky":false,"template":"","format":"standard","meta":{"footnotes":"","_links_to":"","_links_to_target":""},"categories":[21],"tags":[49,154,22,27,33,155],"class_list":["post-5272","post","type-post","status-publish","format-standard","hentry","category-editais-em-aberto","tag-adiamento","tag-ar-condicionado","tag-edital","tag-licitacao","tag-pregao-eletronico","tag-sptc"],"rttpg_featured_image_url":null,"rttpg_author":{"display_name":"joanaredator","author_link":"https:\/\/goias.gov.br\/seguranca\/author\/joanaredator\/"},"rttpg_comment":0,"rttpg_category":"<a href=\"https:\/\/goias.gov.br\/seguranca\/categoria\/editais-em-aberto\/\" rel=\"category tag\">Editais em Aberto<\/a>","rttpg_excerpt":"Aquisi\u00e7\u00e3o de aparelhos de ar condicionado.","_links":{"self":[{"href":"https:\/\/goias.gov.br\/seguranca\/wp-json\/wp\/v2\/posts\/5272","targetHints":{"allow":["GET"]}}],"collection":[{"href":"https:\/\/goias.gov.br\/seguranca\/wp-json\/wp\/v2\/posts"}],"about":[{"href":"https:\/\/goias.gov.br\/seguranca\/wp-json\/wp\/v2\/types\/post"}],"author":[{"embeddable":true,"href":"https:\/\/goias.gov.br\/seguranca\/wp-json\/wp\/v2\/users\/3"}],"replies":[{"embeddable":true,"href":"https:\/\/goias.gov.br\/seguranca\/wp-json\/wp\/v2\/comments?post=5272"}],"version-history":[{"count":0,"href":"https:\/\/goias.gov.br\/seguranca\/wp-json\/wp\/v2\/posts\/5272\/revisions"}],"wp:attachment":[{"href":"https:\/\/goias.gov.br\/seguranca\/wp-json\/wp\/v2\/media?parent=5272"}],"wp:term":[{"taxonomy":"category","embeddable":true,"href":"https:\/\/goias.gov.br\/seguranca\/wp-json\/wp\/v2\/categories?post=5272"},{"taxonomy":"post_tag","embeddable":true,"href":"https:\/\/goias.gov.br\/seguranca\/wp-json\/wp\/v2\/tags?post=5272"}],"curies":[{"name":"wp","href":"https:\/\/api.w.org\/{rel}","templated":true}]}}