

{"id":4630,"date":"2012-05-21T11:41:38","date_gmt":"2012-05-21T14:41:38","guid":{"rendered":"http:\/\/www.ssp.go.gov.br\/?p=4630"},"modified":"2012-05-21T11:41:38","modified_gmt":"2012-05-21T14:41:38","slug":"audiencia-publica-termo-de-referencia","status":"publish","type":"post","link":"https:\/\/goias.gov.br\/seguranca\/audiencia-publica-termo-de-referencia\/","title":{"rendered":"Audi\u00eancia P\u00fablica &#8211; Termo de Refer\u00eancia &#8211; Retificado."},"content":{"rendered":"<p><strong>AVISO DE AUDI\u00caNCIA P\u00daBLICA<\/strong><br \/>\nA Secretaria de Estado da Seguran\u00e7a P\u00fablica e Justi\u00e7a torna p\u00fablica a realiza\u00e7\u00e3o de audi\u00eancia p\u00fablica, no dia <span style=\"text-decoration: underline\"><strong>06\/06\/2012 \u00e0s 09:00hs<\/strong><\/span>, para contrata\u00e7\u00e3o de empresa especializada em presta\u00e7\u00e3o de servi\u00e7os de loca\u00e7\u00e3o de ve\u00edculos administrativos e operacionais, conforme Termo de Refer\u00eancia o qual ficar\u00e1 dispon\u00edvel a partir do dia 21\/05\/2012 no endere\u00e7o eletr\u00f4nico www.ssp.go.gov.br, a qual ser\u00e1 realizada no audit\u00f3rio desta Secretaria, sito \u00e0 Av. Anhang\u00fcera n\u00ba 7.364, Setor Aerovi\u00e1rio, Goi\u00e2nia-GO, nos termos do art. 39 da Lei 8.666\/93.<\/p>\n<p><a title=\"Audi\u00eancia P\u00fablica - Termo de Refer\u00eancia\" href=\"https:\/\/goias.gov.br\/seguranca\/wp-content\/uploads\/sites\/56\/2012\/05\/AUDI\u00caNCIA-P\u00daBLICA-TERMO-DE-REFER\u00caNCIA.pdf\" target=\"_blank\" rel=\"noopener\">Audi\u00eancia P\u00fablica &#8211; Termo de Refer\u00eancia<\/a><\/p>\n<p><span style=\"color: #ff0000\"><strong>EM RAZ\u00c3O DAS ALTERA\u00c7\u00d5ES NO TERMO DE REFER\u00caNCIA\u00a0 QUE SURGIRAM POSTERIORMENTE \u00c0 SUA PUBLICA\u00c7\u00c3O, FOI POSTADO UM NOVO TERMO DE REFER\u00caNCIA RETIFICADO.<\/strong><\/span><\/p>\n<p><a href=\"https:\/\/goias.gov.br\/seguranca\/wp-content\/uploads\/sites\/56\/2012\/05\/TERMO-DE-REFER\u00caNCIA-RETIFICADO.2.pdf\">TERMO DE REFER\u00caNCIA &#8211; RETIFICADO.<\/a><\/p>\n<p>Jo\u00e3o Furtado de Mendon\u00e7a Neto<br \/>\nSecretario de Estado da Seguran\u00e7a P\u00fablica e Justi\u00e7a<\/p>\n","protected":false},"excerpt":{"rendered":"<p>Contrata\u00e7\u00e3o de empresa especializada em presta\u00e7\u00e3o de servi\u00e7os de loca\u00e7\u00e3o de ve\u00edculos administrativos e operacionais.<\/p>\n","protected":false},"author":3,"featured_media":0,"comment_status":"closed","ping_status":"closed","sticky":false,"template":"","format":"standard","meta":{"footnotes":"","_links_to":"","_links_to_target":""},"categories":[21],"tags":[84,85,86,87,88],"class_list":["post-4630","post","type-post","status-publish","format-standard","hentry","category-editais-em-aberto","tag-audiencia-publica","tag-locacao","tag-retificacao","tag-termo-de-referencia","tag-veiculos"],"rttpg_featured_image_url":null,"rttpg_author":{"display_name":"joanaredator","author_link":"https:\/\/goias.gov.br\/seguranca\/author\/joanaredator\/"},"rttpg_comment":0,"rttpg_category":"<a href=\"https:\/\/goias.gov.br\/seguranca\/categoria\/editais-em-aberto\/\" rel=\"category tag\">Editais em Aberto<\/a>","rttpg_excerpt":"Contrata\u00e7\u00e3o de empresa especializada em presta\u00e7\u00e3o de servi\u00e7os de loca\u00e7\u00e3o de ve\u00edculos administrativos e operacionais.","_links":{"self":[{"href":"https:\/\/goias.gov.br\/seguranca\/wp-json\/wp\/v2\/posts\/4630","targetHints":{"allow":["GET"]}}],"collection":[{"href":"https:\/\/goias.gov.br\/seguranca\/wp-json\/wp\/v2\/posts"}],"about":[{"href":"https:\/\/goias.gov.br\/seguranca\/wp-json\/wp\/v2\/types\/post"}],"author":[{"embeddable":true,"href":"https:\/\/goias.gov.br\/seguranca\/wp-json\/wp\/v2\/users\/3"}],"replies":[{"embeddable":true,"href":"https:\/\/goias.gov.br\/seguranca\/wp-json\/wp\/v2\/comments?post=4630"}],"version-history":[{"count":0,"href":"https:\/\/goias.gov.br\/seguranca\/wp-json\/wp\/v2\/posts\/4630\/revisions"}],"wp:attachment":[{"href":"https:\/\/goias.gov.br\/seguranca\/wp-json\/wp\/v2\/media?parent=4630"}],"wp:term":[{"taxonomy":"category","embeddable":true,"href":"https:\/\/goias.gov.br\/seguranca\/wp-json\/wp\/v2\/categories?post=4630"},{"taxonomy":"post_tag","embeddable":true,"href":"https:\/\/goias.gov.br\/seguranca\/wp-json\/wp\/v2\/tags?post=4630"}],"curies":[{"name":"wp","href":"https:\/\/api.w.org\/{rel}","templated":true}]}}