

{"id":44693,"date":"2020-02-20T08:00:30","date_gmt":"2020-02-20T11:00:30","guid":{"rendered":"https:\/\/www.seguranca.go.gov.br\/?p=44693"},"modified":"2020-02-20T08:00:30","modified_gmt":"2020-02-20T11:00:30","slug":"portaria-n-0136-20-autoriza-e-homologa-curso-de-pos-em-altos-estudos-caesp","status":"publish","type":"post","link":"https:\/\/goias.gov.br\/seguranca\/portaria-n-0136-20-autoriza-e-homologa-curso-de-pos-em-altos-estudos-caesp\/","title":{"rendered":"PORTARIA N\u00b0 0136 &#8211; 20 Autoriza e Homologa Curso de Pos em Altos Estudos CAESP"},"content":{"rendered":"<p><a href=\"https:\/\/goias.gov.br\/seguranca\/wp-content\/uploads\/sites\/56\/2020\/02\/portaria-n-0136-20-autoriza-e-homologa-curso-de-pos-em-altos-estudos-caesp.pdf\" target=\"_blank\" rel=\"noopener noreferrer\">PORTA<\/a><a href=\"https:\/\/goias.gov.br\/seguranca\/wp-content\/uploads\/sites\/56\/2020\/02\/portaria-n-0136-20-autoriza-e-homologa-curso-de-pos-em-altos-estudos-caesp.pdf\" target=\"_blank\" rel=\"noopener noreferrer\">RIA N\u00b0 0136 &#8211; 20 Autoriza e Homologa Curso de Pos em Altos Estudos CAESP &#8211; Processo &#8211; 202000016002724<\/a><\/p>\n<p style=\"text-align: center\">Portaria n\u00ba 0136\/2020\/SSP<\/p>\n<p><strong>\u00a0<\/strong>Disp\u00f5e sobre a autoriza\u00e7\u00e3o do Curso de P\u00f3s-Gradua\u00e7\u00e3o em Altos Estudos de Seguran\u00e7a P\u00fablica (Caesp).<\/p>\n<p>O Secret\u00e1rio da Seguran\u00e7a P\u00fablica do Estado de Goi\u00e1s, nomeado pelo Decreto de 02 de janeiro de 2019, publicado no Di\u00e1rio Oficial do Estado n\u00ba 22.963, Suplemento, no uso de suas atribui\u00e7\u00f5es legais, e tendo em vista o disposto no Processo SEI n. 202000016002724;<\/p>\n<p>CONSIDERANDO que o <strong>Curso de Altos Estudos em Seguran\u00e7a P\u00fablica-CAESP<\/strong> \u00e9 equivalente ao CSPM\/CSBM e destinado aos Tenentes-Coron\u00e9is da PM e BM, Delegados, Peritos Criminais, M\u00e9dicos Legistas, Policiais Penais e Papiloscopista de 1\u00aaClasse, curso este necess\u00e1rio \u00e0 progress\u00e3o nestas carreiras;<\/p>\n<p>CONSIDERANDO que \u00e9 atribui\u00e7\u00e3o da Coordenadoria de Ensino, vinculada ao Gabinete do Subsecret\u00e1rio desta Pasta, intermediar conv\u00eanios com Institui\u00e7\u00f5es de Ensino Superior para realiza\u00e7\u00e3o de Cursos de Gradua\u00e7\u00e3o e Especializa\u00e7\u00e3o (lato-sensu e stricto-sensu) para profissionais da seguran\u00e7a p\u00fablica conforme Art. 2\u00ba, Inciso I da Portaria n\u00ba. 0387\/2019\/SSP.<\/p>\n<p><strong>RESOLVE: <\/strong><\/p>\n<p><strong>Art.<\/strong> <strong>1\u00ba<\/strong> &#8211; <strong>AUTORIZAR<\/strong> e <strong>HOMOLOGAR<\/strong> a realiza\u00e7\u00e3o do <strong>CURSO DE P\u00d3S-GRADUA\u00c7\u00c3O EM ALTOS ESTUDOS DE SEGURAN\u00c7A P\u00daBLICA (CAESP)<\/strong>, destinado aos Oficiais Superiores da Pol\u00edcia Militar e do Corpo de Bombeiros Militar; Delegados de Pol\u00edcia de 1\u00aa. Classe; Peritos de 1\u00aa. Classe; M\u00e9dicos legistas de 1\u00aa. Classe e Papiloscopistas de 1\u00aa. Classe e Policiais Penais (ex-Agentes Prisionais) membros da Diretoria Geral da Administra\u00e7\u00e3o Penitenci\u00e1ria, com dura\u00e7\u00e3o de 420<em>h\/a, <\/em>tendo seu <strong><em>in\u00edcio no dia 24 de mar\u00e7o e t\u00e9rmino no dia 07 de agosto de 2020<\/em><\/strong>, a ser realizado em parceria com a <strong>Universidade Estadual de Goi\u00e1s &#8211; UEG,<\/strong> objetivando o aperfei\u00e7oamento, em n\u00edvel de gest\u00e3o de Comando, Dire\u00e7\u00e3o e Estado-Maior, dos profissionais que integram os n\u00edveis estrat\u00e9gicos dos \u00f3rg\u00e3os componentes da estrutura organizacional da Secretaria de Estado da Seguran\u00e7a P\u00fablica (SSP).<\/p>\n<p><strong>Par\u00e1grafo \u00fanico.<\/strong> Este curso ser\u00e1 considerado equivalente aos Cursos Superiores de Pol\u00edcia e de Bombeiros, para todos os fins legais.<\/p>\n<p><strong>Art.<\/strong> <strong>2\u00ba &#8211; <\/strong>Corroborar que a legisla\u00e7\u00e3o que regulamenta o Curso de Especializa\u00e7\u00e3o em Altos Estudos em Seguran\u00e7a P\u00fablica \u00e9 do Minist\u00e9rio da Educa\u00e7\u00e3o (Lei 9.394\/96) e, da CAPES (Coordena\u00e7\u00e3o de Aperfei\u00e7oamento de Pessoal de N\u00edvel Superior \u2013 Portaria n\u00ba 203, de 14 de novembro de 2016 sobre Comiss\u00e3o Especial para acompanhar e monitorar a implanta\u00e7\u00e3o do Plano Nacional de P\u00f3s-Gradua\u00e7\u00e3o; Resolu\u00e7\u00e3o n\u00ba 1, de 08 de junho de 2007, sobre normas para funcionamento de Cursos de P\u00f3s-Gradua\u00e7\u00e3o Lato Sensu, em n\u00edvel de Especializa\u00e7\u00e3o Minist\u00e9rio da Educa\u00e7\u00e3o, Conselho Nacional de Educa\u00e7\u00e3o, C\u00e2mara de Educa\u00e7\u00e3o Superior). Resolu\u00e7\u00e3o CsA 583\/2010 (antiga 017\/2010) da Universidade Estadual de Goi\u00e1s-UEG que regulamenta os cursos de P\u00f3s-Gradua\u00e7\u00e3o Lato Sensu presenciais\u00a0 Todas as exig\u00eancias da legisla\u00e7\u00e3o referentes aos pr\u00e9-requisitos de certifica\u00e7\u00e3o s\u00e3o de responsabilidade da UEG, entre outras exig\u00eancias:<\/p>\n<p>I \u2013Ter Diploma de Curso Superior devidamente registrado e reconhecido pelo MEC;<\/p>\n<p>II &#8211; Cursar cada uma e todas as disciplinas da malha curricular do curso aprovadas nas c\u00e2maras tem\u00e1ticas da UEG em 2020;<\/p>\n<p>III \u2013 Ter 75 % (setenta e cinco por cento) de frequ\u00eancia total de horas aulas de cada uma e em todas as disciplinas;<\/p>\n<p>IV \u2013 Obter nota m\u00ednima de 7,0 (sete) em cada uma e em todas as disciplinas do curso;<\/p>\n<p>V \u2013 Aprova\u00e7\u00e3o do trabalho de conclus\u00e3o do curso (monografia) com nota m\u00ednima 7,0 (sete).<\/p>\n<p>VI- Defesa do Artigo de Conclus\u00e3o do Curso a uma banca\u00a0 com no m\u00ednimo de 02(dois) professores, sendo um deles o orientador.<\/p>\n<p><strong>TRABALHO DE CONCLUS\u00c3O DE CURSO \u2013 ARTIGO CIENT\u00cdFICO<\/strong><\/p>\n<p><strong>Art. 3\u00ba &#8211; <\/strong>INSTITUIR que a elabora\u00e7\u00e3o do trabalho de conclus\u00e3o de curso (artigo cient\u00edfico) dever\u00e1 passar obrigatoriamente pelas seguintes etapas:<\/p>\n<ul>\n<li><strong> 1\u00ba.<\/strong> Elaborar o pr\u00e9-projeto de pesquisa na disciplina de metodologia de pesquisa;<\/li>\n<li><strong> 2\u00ba.<\/strong> Qualificar e aprovar o projeto de pesquisa perante banca examinadora;<\/li>\n<li><strong> 3\u00ba.<\/strong> Reelaborar projetos de pesquisa incluindo todas as modifica\u00e7\u00f5es solicitadas pela banca examinadora e, obter a respectiva autoriza\u00e7\u00e3o para dar in\u00edcio \u00e0 realiza\u00e7\u00e3o da pesquisa;<\/li>\n<li><strong> 4\u00ba.<\/strong> Formatar a pesquisa em Artigo Cient\u00edfico para apresenta\u00e7\u00e3o perante a banca examinadora;<\/li>\n<li><strong> 5\u00ba.<\/strong> A coordena\u00e7\u00e3o do Curso marcar\u00e1 a data para defesa do artigo cient\u00edfico, perante banca examinadora, conforme cronograma a ser divulgado posteriormente. Se o (a) aluno (a), comprovadamente, n\u00e3o tiver condi\u00e7\u00f5es de apresentar o trabalho na data estipulada, poder\u00e1 solicitar ao Coordenador do Curso, por escrito, outra data. Ap\u00f3s esse per\u00edodo, a aus\u00eancia de solicita\u00e7\u00e3o de data para defesa ou a n\u00e3o solicita\u00e7\u00e3o de data para a referida defesa do Artigo Cient\u00edfico, que consta como pr\u00e9-requisito para aprova\u00e7\u00e3o do Curso e Diploma\u00e7\u00e3o por parte da Universidade Estadual de Goi\u00e1s, ser\u00e1 considerado (a) como <strong>DESIST\u00caNCIA<\/strong> do Curso e, em decorr\u00eancia a respectiva <strong>REPROVA\u00c7\u00c3O<\/strong>.<\/li>\n<\/ul>\n<p><strong>Art. 4\u00ba &#8211; <\/strong>CONFIRMAR que a responsabilidade acad\u00eamica da aplica\u00e7\u00e3o das provas, parciais e finais, assim como a valida\u00e7\u00e3o do registro das presen\u00e7as e aus\u00eancias nas aulas s\u00e3o de <strong>EXCLUSIVIDADE<\/strong> dos professores de cada uma das disciplinas do Curso, os quais foram devidamente cadastrados na <strong>Universidade Estadual de Goi\u00e1s<\/strong> para tal exerc\u00edcio.<\/p>\n<ul>\n<li><strong> 1\u00ba. <\/strong>N\u00e3o \u00e9 de responsabilidade da Chefia da Coordenadoria de Ensino da SSP, nem da Coordena\u00e7\u00e3o do Curso remarcar provas, abonar aus\u00eancias ou alterar notas definidas e devidamente registradas pelos professores do curso;<\/li>\n<li><strong> 2\u00ba.<\/strong> N\u00e3o existem, no curso de p\u00f3s-gradua\u00e7\u00e3o lato sensu especializa\u00e7\u00e3o, provas de recupera\u00e7\u00e3o de notas e\/ou de presen\u00e7as ou quaisquer mecanismos que venham a alterar os resultados de cada uma ou de todas as disciplinas do curso, registradas e aferidas pelos professores;<\/li>\n<li><strong> 3\u00ba.<\/strong> A n\u00e3o obten\u00e7\u00e3o dos 75% (setenta e cinco por cento) da frequ\u00eancia e\/ou a n\u00e3o obten\u00e7\u00e3o de nota m\u00ednima de 7,0 (sete) em uma ou mais disciplinas da malha curricular do Curso, ap\u00f3s publica\u00e7\u00e3o dos resultados por parte dos professores, o aluno ser\u00e1 <strong>DESLIGADO<\/strong> do curso atrav\u00e9s de comunica\u00e7\u00e3o enviada pelo e-mail registrado na matr\u00edcula e c\u00f3pia para as dire\u00e7\u00f5es e comandos das institui\u00e7\u00f5es de seguran\u00e7a e justi\u00e7a criminal que efetuou a indica\u00e7\u00e3o do aluno.<\/li>\n<\/ul>\n<p><strong>Art. 5\u00ba &#8211; <\/strong>FIXAR a seguinte matriz curricular:<\/p>\n<table width=\"499\">\n<tbody>\n<tr>\n<td width=\"434\"><strong>T\u00edtulo das Mat\u00e9rias <\/strong><\/td>\n<td width=\"65\">C\/H<\/td>\n<\/tr>\n<tr>\n<td width=\"434\">Comunica\u00e7\u00e3o e M\u00eddias Sociais<\/td>\n<td width=\"65\">30<\/td>\n<\/tr>\n<tr>\n<td width=\"434\">\u00c9tica Direitos Humanos e Cidadania<\/td>\n<td width=\"65\">30<\/td>\n<\/tr>\n<tr>\n<td width=\"434\">Gerenciamento de crises e desastres<\/td>\n<td width=\"65\">30<\/td>\n<\/tr>\n<tr>\n<td width=\"434\">Gest\u00e3o de Projetos<\/td>\n<td width=\"65\">15<\/td>\n<\/tr>\n<tr>\n<td width=\"434\">Planejamento Operacional<\/td>\n<td width=\"65\">15<\/td>\n<\/tr>\n<tr>\n<td width=\"434\">Gest\u00e3o Publica Contempor\u00e2nea: gest\u00e3o de processos e governan\u00e7a corporativa<\/td>\n<td width=\"65\">30<\/td>\n<\/tr>\n<tr>\n<td width=\"434\">Gest\u00e3o de Pessoas e Equipes<\/td>\n<td width=\"65\">30<\/td>\n<\/tr>\n<tr>\n<td width=\"434\">Sistema de Intelig\u00eancia em Seguran\u00e7a P\u00fablica<\/td>\n<td width=\"65\">30<\/td>\n<\/tr>\n<tr>\n<td width=\"434\">Tecnologia da Informa\u00e7\u00e3o e An\u00e1lise Criminal<\/td>\n<td width=\"65\">30<\/td>\n<\/tr>\n<tr>\n<td width=\"434\">Metodologia da Pesquisa Cient\u00edfica<\/td>\n<td width=\"65\">60<\/td>\n<\/tr>\n<tr>\n<td width=\"434\">Semin\u00e1rios tem\u00e1ticos<\/td>\n<td width=\"65\">60<\/td>\n<\/tr>\n<tr>\n<td width=\"434\">Trabalho de Conclus\u00e3o de Curso (TCC)<\/td>\n<td width=\"65\">60<\/td>\n<\/tr>\n<\/tbody>\n<\/table>\n<p><strong>Par\u00e1grafo \u00fanico<\/strong>. O CAESP desenvolver\u00e1 suas atividades pedag\u00f3gicas semanais, nos seguintes dias: ter\u00e7a-feira e quarta-feira. Sendo aulas de 45min, realizadas em regime integral, no per\u00edodo matutino 08h00min \u00e0s 12h00min e no per\u00edodo vespertino das 14h00min \u00e1s 18h00min; perfazendo um total de 20 h\/a semanais. O local da realiza\u00e7\u00e3o do curso ser\u00e1 anunciado em tempo h\u00e1bil.<\/p>\n<p><strong>Art.<\/strong> <strong>6\u00ba<\/strong><strong> &#8211; <\/strong>ESTABELECER a seguinte distribui\u00e7\u00e3o das <strong>50 (cinquenta) vagas<\/strong>; crit\u00e9rios para inscri\u00e7\u00e3o, sendo distribu\u00eddas proporcionalmente entre as institui\u00e7\u00f5es do estado e convites de\u00a0 coirm\u00e3s de outras unidades administrativas, ou seja, 20 PMGO, 05CBMGO, 05SPTCGO, 05PCGO,\u00a0 05DGAPGO e 10 para institui\u00e7\u00f5es coirm\u00e3s:<\/p>\n<ul>\n<li><strong> 1\u00ba<\/strong>. As institui\u00e7\u00f5es coirm\u00e3s devem possuir correla\u00e7\u00e3o com os \u00f3rg\u00e3os vinculados \u00e0 estrutura organizacional da Secretaria da Seguran\u00e7a P\u00fablica do Estado de Goi\u00e1s;<\/li>\n<li><strong> 2\u00ba<\/strong>. A listagem dos alunos que participar\u00e3o do curso \u00e9 de responsabilidade das respectivas Ger\u00eancias\/Comandos de Ensino que dever\u00e3o promover os competentes registros de seu p\u00fablico-alvo e encaminhamento da rela\u00e7\u00e3o dos alunos selecionados para o curso \u00e0 CESSP <strong><u>at\u00e9 o dia 23 de mar\u00e7o de 2020<\/u><\/strong><u>,<\/u> por interm\u00e9dio de expediente formal;<\/li>\n<li><strong> 3\u00ba<\/strong>. Os alunos selecionados dever\u00e3o apresentar \u00e0 coordena\u00e7\u00e3o do curso, no in\u00edcio das atividades com a ficha de inscri\u00e7\u00e3o devidamente preenchida e com a c\u00f3pia autenticada dos documentos solicitados na inscri\u00e7\u00e3o e constantes do Anexo I;<\/li>\n<li><strong> 4\u00ba. <\/strong>As respectivas Ger\u00eancias\/Comandos de Ensino dever\u00e3o promover a libera\u00e7\u00e3o dos profissionais &#8211; discentes inscritos, nas datas e hor\u00e1rios previstos para funcionamento do curso, os quais N\u00c3O dever\u00e3o entrar em gozo de f\u00e9rias ou licen\u00e7a durante o per\u00edodo em que perdurar o curso, salvo os casos de urg\u00eancia m\u00e9dica e odontol\u00f3gica ou os autorizados pela CESSP;<\/li>\n<li><strong> 5\u00ba. <\/strong>Salvo outras determina\u00e7\u00f5es, os pr\u00e9-requisitos b\u00e1sicos para que o aluno seja matriculado no curso s\u00e3o:<\/li>\n<\/ul>\n<ol>\n<li>Ser de primeira classe; e<\/li>\n<li>Antiguidade na classe.<\/li>\n<\/ol>\n<p><strong>Art. 7\u00ba &#8211; <\/strong>DESIGNAR, como coordenador geral do curso, O Coordenador de Cursos Presenciais e de P\u00f3s-Gradua\u00e7\u00e3o da CESSP, Professor Me. M\u00c1RCIO ANTONIO DA COSTA SANTOS sendo tamb\u00e9m, respons\u00e1vel por sua condu\u00e7\u00e3o pedag\u00f3gica.<\/p>\n<p><strong>\u00a0Art. 8\u00ba &#8211; <\/strong>A remunera\u00e7\u00e3o dos docentes, pertencentes ao quadro de servidores da SSP, dever\u00e1 seguir os preceitos legais estabelecidos pela Lei n\u00b0. 15.949\/2006, Portaria n\u00b0.1107\/09 &#8211; SSP e Portaria n\u00b0. 1206\/12 \u2013 SSP.<\/p>\n<p><strong>Par\u00e1grafo-\u00danico<\/strong>: Os professores do curso s\u00e3o servidores lotados nas\u00a0 unidades pertencentes a esta Secret\u00e1ria, desta forma, solicita-se que os gestores das pastas liberem seu servidores-professores do curso para ministrarem suas aulas, visando o engrandecimento da institui\u00e7\u00e3o.<\/p>\n<p><strong>Art. 9\u00ba &#8211; <\/strong>ESTABELECER o dia 10 de mar\u00e7o de 2020, \u00e0s 9h00min, na sala do Conselho Superior da Pol\u00edcia Civil, para o encontro pedag\u00f3gico, oportunidade em que todos os docentes, que ir\u00e3o atuar no curso receber\u00e3o as orienta\u00e7\u00f5es sobre o desenvolvimento do CAESP.<\/p>\n<p>Par\u00e1grafo-\u00danico: Os professores ser\u00e3o previamente comunicados sobre a reuni\u00e3o e se houver altera\u00e7\u00e3o de local, data ou hor\u00e1rio.<\/p>\n<p><strong>Art. 10\u00ba &#8211; <\/strong>ESTABELECER que os demais esclarecimentos sobre o referido curso sejam tratados, diretamente, com a Coordenadoria de Ensino da SSP, pelo fone 32011045.<\/p>\n<p><strong>Art. 11\u00ba &#8211; <\/strong>DETERMINAR o encaminhamento desta Portaria ao Gabinete do Comandante Geral da Pol\u00edcia Militar, do Comandante Geral do Corpo de Bombeiros Militar, do Delegado Geral da Pol\u00edcia Civil, do Superintendente da Pol\u00edcia T\u00e9cnico-Cient\u00edfica, do Diretor Geral da Administra\u00e7\u00e3o Penitenci\u00e1ria e demais corpora\u00e7\u00f5es interessadas em enviar efetivo para compor a turma do CAESP.<\/p>\n<p><strong>Art.<\/strong><strong> 12\u00ba<\/strong> &#8211; Esta portaria entra em vigor na data de sua publica\u00e7\u00e3o.<\/p>\n<p><strong>CUMPRA-SE e PUBLIQUE-SE.\u00a0\u00a0\u00a0\u00a0\u00a0\u00a0\u00a0\u00a0\u00a0\u00a0\u00a0\u00a0 <\/strong><\/p>\n<p>Gabinete do Secret\u00e1rio de Estado da Seguran\u00e7a P\u00fablica, Goi\u00e2nia, 12 de fevereiro de 2020.<\/p>\n<p>Rodney Rocha Miranda<\/p>\n<p><strong>SECRET\u00c1RIO<\/strong><\/p>\n<p><strong>ANEXO I<\/strong><\/p>\n<p><strong>ESTADO DE GOI\u00c1S<\/strong><\/p>\n<p><strong>SECRETARIA DE SEGURAN\u00c7A P\u00daBLICA<\/strong><\/p>\n<p><strong>COORDENADORIA DE ENSINO DA SSP<\/strong><\/p>\n<p><strong>COORDENA\u00c7\u00c3O DE CURSOS DE P\u00d3S-GRADUA\u00c7\u00c3O<\/strong><\/p>\n<p><strong>\u00a0<\/strong><strong>DADOS DO CURSO:<\/strong><\/p>\n<table>\n<tbody>\n<tr>\n<td colspan=\"4\" width=\"624\">P\u00f3s-Gradua\u00e7\u00e3o: <strong>Altos Estudos de Seguran\u00e7a P\u00fablica<\/strong>\u00a0\u00a0\u00a0\u00a0\u00a0\u00a0\u00a0\u00a0\u00a0\u00a0\u00a0\u00a0\u00a0\u00a0\u00a0\u00a0 Unidade: <strong>CE \/ SSP<\/strong><\/td>\n<\/tr>\n<tr>\n<td width=\"383\">Per\u00edodo do Curso: <strong>mar\u00e7o a agosto\/2020<\/strong><\/td>\n<td colspan=\"3\" width=\"241\">Carga Hor\u00e1ria: <strong>420 h<\/strong><\/td>\n<\/tr>\n<tr>\n<td colspan=\"2\" width=\"468\"><\/td>\n<td width=\"118\">&nbsp;<\/p>\n<p>Foto 3&#215;4<\/p>\n<p>(aluno)<\/p>\n<p>&nbsp;<\/td>\n<td width=\"38\"><\/td>\n<\/tr>\n<tr>\n<td width=\"383\"><\/td>\n<td width=\"85\"><\/td>\n<td width=\"118\"><\/td>\n<td width=\"38\"><\/td>\n<\/tr>\n<\/tbody>\n<\/table>\n<p><strong>DADOS PESSOAIS:<\/strong><\/p>\n<table width=\"641\">\n<tbody>\n<tr>\n<td colspan=\"6\" width=\"485\">Nome Completo<\/p>\n<p>&nbsp;<\/td>\n<td colspan=\"2\" width=\"156\">Data Nascimento<\/p>\n<p>&nbsp;<\/td>\n<\/tr>\n<tr>\n<td colspan=\"8\" width=\"641\">Endere\u00e7o<\/p>\n<p>&nbsp;<\/td>\n<\/tr>\n<tr>\n<td colspan=\"3\" width=\"310\">Bairro<\/td>\n<td colspan=\"2\" width=\"155\">Cidade<\/td>\n<td colspan=\"3\" width=\"176\">UF<\/p>\n<p>&nbsp;<\/td>\n<\/tr>\n<tr>\n<td colspan=\"3\" width=\"310\">Certificado de Reservista (se pertinente)<\/td>\n<td colspan=\"2\" width=\"155\">T\u00edtulo de Eleitor<\/td>\n<td colspan=\"3\" width=\"176\">Se\u00e7\u00e3o<\/p>\n<p>&nbsp;<\/td>\n<\/tr>\n<tr>\n<td width=\"155\">CPF<strong> **<\/strong><\/td>\n<td colspan=\"2\" width=\"154\">RG <strong>**<\/strong><\/td>\n<td colspan=\"2\" width=\"155\">\u00d3rg\u00e3o Expedidor<\/td>\n<td colspan=\"3\" width=\"176\">Data de Emiss\u00e3o<\/p>\n<p>&nbsp;<\/td>\n<\/tr>\n<tr>\n<td width=\"155\">Fone Residencial<\/td>\n<td colspan=\"2\" width=\"154\">Celular<\/td>\n<td colspan=\"5\" width=\"331\">E-mail<\/p>\n<p>&nbsp;<\/td>\n<\/tr>\n<tr>\n<td colspan=\"2\" width=\"251\">Corpora\u00e7\u00e3o\/Institui\u00e7\u00e3o que pertence<\/td>\n<td colspan=\"2\" width=\"117\">Fone funcional<\/td>\n<td colspan=\"3\" width=\"127\">Tempo de servi\u00e7o<\/td>\n<td width=\"145\">Posto\/cargo<\/p>\n<p>&nbsp;<\/td>\n<\/tr>\n<tr>\n<td colspan=\"2\" width=\"251\">Curso de Gradua\u00e7\u00e3o <strong>(obrigat\u00f3rio*)<\/strong><\/td>\n<td colspan=\"5\" width=\"245\">Institui\u00e7\u00e3o de Ensino Superior<\/td>\n<td width=\"145\">Ano de conclus\u00e3o<\/p>\n<p>&nbsp;<\/td>\n<\/tr>\n<tr>\n<td width=\"155\"><\/td>\n<td width=\"96\"><\/td>\n<td width=\"58\"><\/td>\n<td width=\"59\"><\/td>\n<td width=\"96\"><\/td>\n<td width=\"20\"><\/td>\n<td width=\"11\"><\/td>\n<td width=\"145\"><\/td>\n<\/tr>\n<\/tbody>\n<\/table>\n<p><strong>ANEXOS:<\/strong><\/p>\n<table width=\"640\">\n<tbody>\n<tr>\n<td width=\"640\"><strong>(\u00a0\u00a0 )\u00a0 C\u00f3pia do certificado, ou diploma de Gradua\u00e7\u00e3o <\/strong><\/p>\n<p><strong>(\u00a0\u00a0 )\u00a0 C\u00f3pia do hist\u00f3rico escolar do item anterior<\/strong><\/p>\n<p><strong>(\u00a0\u00a0 )\u00a0 Copia da carteira de identidade e do CPF<\/strong><\/p>\n<p><strong>(\u00a0\u00a0 )\u00a0 C\u00f3pia da certid\u00e3o de nascimento ou casamento<\/strong><\/p>\n<p><strong>(\u00a0\u00a0 )\u00a0 Foto 3&#215;4 (colar na ficha) <\/strong><\/p>\n<p><strong>IMPORTANTE:<\/strong> C\u00f3pia de documentos obrigat\u00f3rios para matr\u00edcula na UEG e que devem ser encaminhados junto \u00e0 ficha de inscri\u00e7\u00e3o <strong>(n\u00e3o \u00e9 necess\u00e1ria a autentica\u00e7\u00e3o em cart\u00f3rio).<\/strong><\/td>\n<\/tr>\n<\/tbody>\n<\/table>\n<p>&nbsp;<\/p>\n<p>&nbsp;<\/p>\n","protected":false},"excerpt":{"rendered":"<p>PORTARIA N\u00b0 0136 &#8211; 20 Autoriza e Homologa Curso de Pos em Altos Estudos CAESP &#8211; Processo &#8211; 202000016002724 Portaria n\u00ba 0136\/2020\/SSP \u00a0Disp\u00f5e sobre a autoriza\u00e7\u00e3o do Curso de P\u00f3s-Gradua\u00e7\u00e3o em Altos Estudos de Seguran\u00e7a P\u00fablica (Caesp). O Secret\u00e1rio da Seguran\u00e7a P\u00fablica do Estado de Goi\u00e1s, nomeado pelo Decreto de 02 de janeiro de 2019, [&hellip;]<\/p>\n","protected":false},"author":3,"featured_media":0,"comment_status":"closed","ping_status":"closed","sticky":false,"template":"","format":"standard","meta":{"footnotes":"","_links_to":"","_links_to_target":""},"categories":[12],"tags":[],"class_list":["post-44693","post","type-post","status-publish","format-standard","hentry","category-portarias"],"rttpg_featured_image_url":null,"rttpg_author":{"display_name":"joanaredator","author_link":"https:\/\/goias.gov.br\/seguranca\/author\/joanaredator\/"},"rttpg_comment":0,"rttpg_category":"<a href=\"https:\/\/goias.gov.br\/seguranca\/categoria\/portarias\/\" rel=\"category tag\">Portarias<\/a>","rttpg_excerpt":"PORTARIA N\u00b0 0136 &#8211; 20 Autoriza e Homologa Curso de Pos em Altos Estudos CAESP &#8211; Processo &#8211; 202000016002724 Portaria n\u00ba 0136\/2020\/SSP \u00a0Disp\u00f5e sobre a autoriza\u00e7\u00e3o do Curso de P\u00f3s-Gradua\u00e7\u00e3o em Altos Estudos de Seguran\u00e7a P\u00fablica (Caesp). O Secret\u00e1rio da Seguran\u00e7a P\u00fablica do Estado de Goi\u00e1s, nomeado pelo Decreto de 02 de janeiro de 2019,&hellip;","_links":{"self":[{"href":"https:\/\/goias.gov.br\/seguranca\/wp-json\/wp\/v2\/posts\/44693","targetHints":{"allow":["GET"]}}],"collection":[{"href":"https:\/\/goias.gov.br\/seguranca\/wp-json\/wp\/v2\/posts"}],"about":[{"href":"https:\/\/goias.gov.br\/seguranca\/wp-json\/wp\/v2\/types\/post"}],"author":[{"embeddable":true,"href":"https:\/\/goias.gov.br\/seguranca\/wp-json\/wp\/v2\/users\/3"}],"replies":[{"embeddable":true,"href":"https:\/\/goias.gov.br\/seguranca\/wp-json\/wp\/v2\/comments?post=44693"}],"version-history":[{"count":0,"href":"https:\/\/goias.gov.br\/seguranca\/wp-json\/wp\/v2\/posts\/44693\/revisions"}],"wp:attachment":[{"href":"https:\/\/goias.gov.br\/seguranca\/wp-json\/wp\/v2\/media?parent=44693"}],"wp:term":[{"taxonomy":"category","embeddable":true,"href":"https:\/\/goias.gov.br\/seguranca\/wp-json\/wp\/v2\/categories?post=44693"},{"taxonomy":"post_tag","embeddable":true,"href":"https:\/\/goias.gov.br\/seguranca\/wp-json\/wp\/v2\/tags?post=44693"}],"curies":[{"name":"wp","href":"https:\/\/api.w.org\/{rel}","templated":true}]}}