

{"id":43022,"date":"2019-09-19T11:52:07","date_gmt":"2019-09-19T14:52:07","guid":{"rendered":"https:\/\/www.seguranca.go.gov.br\/?p=43022"},"modified":"2019-09-19T11:52:07","modified_gmt":"2019-09-19T14:52:07","slug":"clovis-de-barros-grava-programas-sobre-etica-para-capacitacao-de-servidores","status":"publish","type":"post","link":"https:\/\/goias.gov.br\/seguranca\/clovis-de-barros-grava-programas-sobre-etica-para-capacitacao-de-servidores\/","title":{"rendered":"Cl\u00f3vis de Barros grava programas sobre \u00c9tica para capacita\u00e7\u00e3o de servidores"},"content":{"rendered":"<p><img fetchpriority=\"high\" decoding=\"async\" class=\"alignnone size-large wp-image-43023\" src=\"https:\/\/goias.gov.br\/seguranca\/wp-content\/uploads\/sites\/56\/2019\/11\/eticaaaaaaaa-710x708.jpg\" alt=\"\" width=\"710\" height=\"708\" \/><\/p>\n<p>&nbsp;<\/p>\n<p style=\"text-align: justify\">O jornalista e professor Cl\u00f3vis de Barros Filho, livre-docente da Universidade de S\u00e3o Paulo (USP) na \u00e1rea da comunica\u00e7\u00e3o, gravou, na Televis\u00e3o Brasil Central (TBC), pequenos programas em forma de aulas sobre o tema \u00c9tica. Suas falas auxiliar\u00e3o e orientar\u00e3o os servidores estaduais, na Escola de Governo e no Servi\u00e7o Nacional de Aprendizagem Comercial (Senac), em apoio ao Programa de Compliance P\u00fablico, coordenado pela Controladoria-Geral do Estado (CGE) e que vem sendo implantado em toda a estrutura do atual governo, por determina\u00e7\u00e3o do governador Ronaldo Caiado. Trata-se de uma parceria feita entre a Secretaria de Desenvolvimento Econ\u00f4mico e Inova\u00e7\u00e3o (Sedi), Ag\u00eancia Brasil Central (ABC), Secretaria de Administra\u00e7\u00e3o (Sead), por meio da CGE, Escola de Governo, Senac e Secretaria de Comunica\u00e7\u00e3o (Secom).<\/p>\n<p style=\"text-align: justify\">Cl\u00f3vis nasceu em Ribeir\u00e3o Preto, \u00e9 bacharel em Jornalismo pela Faculdade C\u00e1sper L\u00edbero de S\u00e3o Paulo (1985) e em Direito pela Universidade de S\u00e3o Paulo (1986), especialista em Direito Constitucional (1988) e em Sociologia do Direito (1989) pela Universit\u00e9 Panth\u00e9on-Assas de Paris, mestre em Ci\u00eancia Pol\u00edtica pela Universit\u00e9 Sorbonne Nouvelle de Paris (1990) e doutor em Ci\u00eancias da Comunica\u00e7\u00e3o pela Universidade de S\u00e3o Paulo (2002).<\/p>\n<p style=\"text-align: justify\">Em julho deste ano, Cl\u00f3vis fez palestra para 1.200 servidores do Governo do Estado de Goi\u00e1s sobre o tema \u201c\u00c9tica e Servi\u00e7o P\u00fablico\u201d, no Centro de Conven\u00e7\u00f5es de Goi\u00e2nia, tamb\u00e9m uma a\u00e7\u00e3o do Programa de Compliance P\u00fablico, que o governador destaca a partir de um trip\u00e9 que considera fundamental para o desenvolvimento do servi\u00e7o p\u00fablico: respeito ao Estado, valoriza\u00e7\u00e3o do funcionalismo estadual e qualifica\u00e7\u00e3o dos servi\u00e7os prestados ao cidad\u00e3o.<\/p>\n<p style=\"text-align: justify\">Na palestra, Cl\u00f3vis classificou o Compliance P\u00fablico como uma iniciativa pioneira, inovadora e muito bem-vinda. \u201cGra\u00e7as a esse tipo de programa, podemos calibrar valores, princ\u00edpios e normas de maneira a tornar o servi\u00e7o p\u00fablico cada vez mais eficiente na hora de servir o p\u00fablico\u201d, argumentou. Ele ressaltou que a moral \u00e9 uma quest\u00e3o de consci\u00eancia e que tal princ\u00edpio est\u00e1 ligado \u00e0 tomada de decis\u00f5es das pessoas, ou seja, \u201cmesmo quando n\u00e3o tem ningu\u00e9m observando, ainda tem voc\u00ea capaz de discernir entre o certo e errado\u201d.<\/p>\n<p style=\"text-align: justify\">Para Cl\u00f3vis, a \u00e9tica \u00e9 formada pelo trip\u00e9 valores, princ\u00edpios e normas. \u201c\u00c9 uma quest\u00e3o de liberdade e escolha. Mas n\u00e3o \u00e9 consci\u00eancia de um, \u00e9 um trabalho de todos. Todos a servi\u00e7o da melhor conviv\u00eancia poss\u00edvel. Faz parte da \u00e9tica a identifica\u00e7\u00e3o do tipo de sociedade que queremos pra n\u00f3s\u201d, resumiu, ao tra\u00e7ar trajet\u00f3rias hist\u00f3ricas para ilustrar a mudan\u00e7a de percep\u00e7\u00e3o em torno da palavra com o passar dos s\u00e9culos.<\/p>\n<p><strong><em>Texto e fotos: ABC Digital<\/em><\/strong><\/p>\n","protected":false},"excerpt":{"rendered":"<p>&nbsp; O jornalista e professor Cl\u00f3vis de Barros Filho, livre-docente da Universidade de S\u00e3o Paulo (USP) na \u00e1rea da comunica\u00e7\u00e3o, gravou, na Televis\u00e3o Brasil Central (TBC), pequenos programas em forma de aulas sobre o tema \u00c9tica. Suas falas auxiliar\u00e3o e orientar\u00e3o os servidores estaduais, na Escola de Governo e no Servi\u00e7o Nacional de Aprendizagem Comercial [&hellip;]<\/p>\n","protected":false},"author":3,"featured_media":43023,"comment_status":"closed","ping_status":"closed","sticky":false,"template":"","format":"standard","meta":{"footnotes":"","_links_to":"","_links_to_target":""},"categories":[10,2113],"tags":[],"class_list":["post-43022","post","type-post","status-publish","format-standard","has-post-thumbnail","hentry","category-noticias-da-ssp","category-programa-de-compliance-publico"],"rttpg_featured_image_url":null,"rttpg_author":{"display_name":"joanaredator","author_link":"https:\/\/goias.gov.br\/seguranca\/author\/joanaredator\/"},"rttpg_comment":0,"rttpg_category":"<a href=\"https:\/\/goias.gov.br\/seguranca\/categoria\/noticias-da-ssp\/\" rel=\"category tag\">Not\u00edcias da SSP<\/a> <a href=\"https:\/\/goias.gov.br\/seguranca\/categoria\/programa-de-compliance-publico\/\" rel=\"category tag\">Programa de Compliance P\u00fablico<\/a>","rttpg_excerpt":"&nbsp; O jornalista e professor Cl\u00f3vis de Barros Filho, livre-docente da Universidade de S\u00e3o Paulo (USP) na \u00e1rea da comunica\u00e7\u00e3o, gravou, na Televis\u00e3o Brasil Central (TBC), pequenos programas em forma de aulas sobre o tema \u00c9tica. Suas falas auxiliar\u00e3o e orientar\u00e3o os servidores estaduais, na Escola de Governo e no Servi\u00e7o Nacional de Aprendizagem Comercial&hellip;","_links":{"self":[{"href":"https:\/\/goias.gov.br\/seguranca\/wp-json\/wp\/v2\/posts\/43022","targetHints":{"allow":["GET"]}}],"collection":[{"href":"https:\/\/goias.gov.br\/seguranca\/wp-json\/wp\/v2\/posts"}],"about":[{"href":"https:\/\/goias.gov.br\/seguranca\/wp-json\/wp\/v2\/types\/post"}],"author":[{"embeddable":true,"href":"https:\/\/goias.gov.br\/seguranca\/wp-json\/wp\/v2\/users\/3"}],"replies":[{"embeddable":true,"href":"https:\/\/goias.gov.br\/seguranca\/wp-json\/wp\/v2\/comments?post=43022"}],"version-history":[{"count":0,"href":"https:\/\/goias.gov.br\/seguranca\/wp-json\/wp\/v2\/posts\/43022\/revisions"}],"wp:featuredmedia":[{"embeddable":true,"href":"https:\/\/goias.gov.br\/seguranca\/wp-json\/"}],"wp:attachment":[{"href":"https:\/\/goias.gov.br\/seguranca\/wp-json\/wp\/v2\/media?parent=43022"}],"wp:term":[{"taxonomy":"category","embeddable":true,"href":"https:\/\/goias.gov.br\/seguranca\/wp-json\/wp\/v2\/categories?post=43022"},{"taxonomy":"post_tag","embeddable":true,"href":"https:\/\/goias.gov.br\/seguranca\/wp-json\/wp\/v2\/tags?post=43022"}],"curies":[{"name":"wp","href":"https:\/\/api.w.org\/{rel}","templated":true}]}}