

{"id":40430,"date":"2019-07-10T15:52:20","date_gmt":"2019-07-10T18:52:20","guid":{"rendered":"https:\/\/www.seguranca.go.gov.br\/?p=40430"},"modified":"2019-07-10T15:52:20","modified_gmt":"2019-07-10T18:52:20","slug":"portaria-no-0348-19-retificar-as-portarias-n-0162-0164-e-0165-2019-mantidos-os-demais-termos-em-razao-de-erro-material","status":"publish","type":"post","link":"https:\/\/goias.gov.br\/seguranca\/portaria-no-0348-19-retificar-as-portarias-n-0162-0164-e-0165-2019-mantidos-os-demais-termos-em-razao-de-erro-material\/","title":{"rendered":"PORTARIA N\u00ba 0348-19 Retificar as Portarias n. 0162; 0164 e 0165\/2019, mantidos os demais termos, em raz\u00e3o de erro material."},"content":{"rendered":"<p class=\"Texto_Alinhado_Esquerda\">Portaria 0348\/2019 &#8211;\u00a0SSP<\/p>\n<p class=\"Texto_Justificado_Recuo_Primeira_Linha_Esp15\">O Secret\u00e1rio de Estado da Seguran\u00e7a P\u00fablica de Goi\u00e1s no uso de suas atribui\u00e7\u00f5es legais e usando da compet\u00eancia que lhe confere o Decreto de 02 de janeiro de 2019, publicado no Di\u00e1rio Oficial do Estado n\u00b0 22.963 \u2013 Suplemento e tendo em vista o Processo\/SEI n. 201900002017483.<\/p>\n<p class=\"Texto_Justificado_Recuo_Primeira_Linha_Esp15\">RESOLVE:<\/p>\n<p class=\"Texto_Justificado_Recuo_Primeira_Linha_Esp15\">Art. 1\u00ba Retificar as Portarias n. 0162; 0164 e 0165\/2019, mantidos os demais termos, em raz\u00e3o de erro material.<\/p>\n<p class=\"Texto_Justificado_Recuo_Primeira_Linha_Esp15\">Art. 2\u00ba<strong>\u00a0<\/strong>Suprimir do artigo 1\u00ba da Portaria n. 0162\/2019 a parte que se refere ao Contrato 152\/2014<strong>\u00a0<\/strong>(Processo 201400002000937):<\/p>\n<p class=\"Texto_Justificado_Recuo_Primeira_Linha_Esp15\"><strong>\u00a0I \u2013 Onde se l\u00ea:<\/strong><\/p>\n<p class=\"Texto_Justificado_Recuo_Primeira_Linha_Esp15\">a) Alterar comiss\u00e3o institu\u00edda para a Gest\u00e3o Contratual de loca\u00e7\u00f5es dos ve\u00edculos desta Pasta, cujos membros foram designados por meio das Portarias n. 0668\/18, 0692\/18\/SSP e 0880\/2018, relativas aos contratos n. 040\/2014, 041\/2014, 042\/2014, 081\/2014 e 152\/2014, processos administrativos de n\u00fameros 201400016000143\/201400016000922 e\u00a0<strong>201400002000937<\/strong>.<\/p>\n<p class=\"Texto_Justificado_Recuo_Primeira_Linha_Esp15\"><strong>\u00a0II &#8211; Leia-se:<\/strong><\/p>\n<p class=\"Texto_Justificado_Recuo_Primeira_Linha_Esp15\">a) Alterar comiss\u00e3o institu\u00edda para a Gest\u00e3o Contratual de loca\u00e7\u00f5es dos ve\u00edculos desta Pasta, cujos membros foram designados por meio das Portarias n. 0668\/18, 0692\/18\/SSP e 0880\/2018, relativas aos contratos n. 040\/2014, 041\/2014, 042\/2014, 081\/2014, processos administrativos de n\u00fameros 201400016000143 e 201400016000922.<\/p>\n<p class=\"Texto_Justificado_Recuo_Primeira_Linha_Esp15\">Art. 3\u00ba\u00a0<strong>S<\/strong><strong>uprimir do artigo 1\u00ba da Portaria n.<\/strong>\u00a00164\/2019 a parte que se refere aos Contratos n. 029\/2018\u00a0(Processo 201800016008834) e 030\/2018 (Processo 201800016008846):<\/p>\n<p class=\"Texto_Justificado_Recuo_Primeira_Linha_Esp15\"><strong>I \u2013 Onde se l\u00ea:<\/strong><\/p>\n<p class=\"Texto_Justificado_Recuo_Primeira_Linha_Esp15\">a) Alterar comiss\u00e3o institu\u00edda para a Gest\u00e3o Contratual de loca\u00e7\u00f5es dos ve\u00edculos desta Pasta, cujos membros foram designados por meio das Portarias n. 0684\/18, 0689\/18, 0691\/18 e 0722\/18, relativo aos contratos n.\u00a0<strong>030\/2018, 029\/2018,<\/strong>\u00a0032\/2018 e 079\/2018, processos administrativos de n\u00fameros\u00a0<strong>201800016008846<\/strong>\/<strong>201800016008834<\/strong>\/201800016008849 e 201800016018505.<\/p>\n<p class=\"Texto_Justificado_Recuo_Primeira_Linha_Esp15\"><strong>\u00a0II &#8211; Leia-se:<\/strong><\/p>\n<p class=\"Texto_Justificado_Recuo_Primeira_Linha_Esp15\">a) Alterar comiss\u00e3o institu\u00edda para a Gest\u00e3o Contratual de loca\u00e7\u00f5es dos ve\u00edculos desta Pasta, cujos membros foram designados por meio das Portarias n. 0684\/18, 0689\/18, 0691\/18 e 0722\/18, relativo aos contratos n. 032\/2018 e 079\/2018, processos administrativos de n\u00fameros 201800016008849 e 201800016018505.<\/p>\n<p class=\"Texto_Justificado_Recuo_Primeira_Linha_Esp15\">Art. 4\u00b0 Acrescentar no art. 1\u00ba da\u00a0<strong>Portaria 0165\/2019\u00a0<\/strong>os Contratos n. 029\/2018\u00a0(Processo 201800016008834) e 030\/2018 (Processo 20180001600884):<\/p>\n<p class=\"Texto_Justificado_Recuo_Primeira_Linha_Esp15\"><strong>I \u2013 Onde se l\u00ea:<\/strong><\/p>\n<p class=\"Texto_Justificado_Recuo_Primeira_Linha_Esp15\">a) Alterar comiss\u00e3o institu\u00edda para a Gest\u00e3o Contratual de loca\u00e7\u00f5es dos ve\u00edculos desta Pasta, cujos membros foram designados por meio das Portarias n. 0669\/18 e 0709\/18, relativo aos contratos n. 031\/2018 e 075\/2018, processos administrativos de n\u00fameros 201800016008841 201800016017620.<\/p>\n<p class=\"Texto_Justificado_Recuo_Primeira_Linha_Esp15\"><strong>\u00a0II &#8211; Leia-se:<\/strong><\/p>\n<p class=\"Texto_Justificado_Recuo_Primeira_Linha_Esp15\">a) Alterar comiss\u00e3o institu\u00edda para a Gest\u00e3o Contratual de loca\u00e7\u00f5es dos ve\u00edculos desta Pasta, cujos membros foram designados por meio das Portarias n. 0669\/18 e 0709\/18, relativo aos contratos n. 031\/2018, 075\/2018<strong>,<\/strong><strong>\u00a0029\/2018 e 030\/2018<\/strong>, processos administrativos de n\u00fameros 201800016008841 e 201800016017620,\u00a0<strong>2<\/strong><strong>01800016008834 e 201800016008846<\/strong>.<\/p>\n<p class=\"Texto_Justificado_Recuo_Primeira_Linha_Esp15\">Art. 5\u00ba Determinar o encaminhamento destes autos \u00e0 Superintend\u00eancia de Gest\u00e3o Integrada e \u00e0 Ger\u00eancia de Transportes\/SSP para conhecimento e demais provid\u00eancias.<\/p>\n<p class=\"Texto_Justificado_Recuo_Primeira_Linha_Esp15\"><strong>CUMPRA-SE e PUBLIQUE-SE.<\/strong><\/p>\n<p class=\"Texto_Justificado_Recuo_Primeira_Linha_Esp15\">Gabinete do Secret\u00e1rio da Seguran\u00e7a P\u00fablica do Estado de Goi\u00e1s, em Goi\u00e2nia, aos 08 dias do m\u00eas de julho de 2019.<\/p>\n<p class=\"Tabela_Texto_Centralizado\">Rodney Rocha Miranda<\/p>\n<p class=\"Tabela_Texto_Centralizado\"><strong>SECRET\u00c1RIO<\/strong><\/p>\n","protected":false},"excerpt":{"rendered":"<p>Portaria 0348\/2019 &#8211;\u00a0SSP O Secret\u00e1rio de Estado da Seguran\u00e7a P\u00fablica de Goi\u00e1s no uso de suas atribui\u00e7\u00f5es legais e usando da compet\u00eancia que lhe confere o Decreto de 02 de janeiro de 2019, publicado no Di\u00e1rio Oficial do Estado n\u00b0 22.963 \u2013 Suplemento e tendo em vista o Processo\/SEI n. 201900002017483. RESOLVE: Art. 1\u00ba Retificar [&hellip;]<\/p>\n","protected":false},"author":3,"featured_media":0,"comment_status":"closed","ping_status":"closed","sticky":false,"template":"","format":"standard","meta":{"footnotes":"","_links_to":"","_links_to_target":""},"categories":[12],"tags":[],"class_list":["post-40430","post","type-post","status-publish","format-standard","hentry","category-portarias"],"rttpg_featured_image_url":null,"rttpg_author":{"display_name":"joanaredator","author_link":"https:\/\/goias.gov.br\/seguranca\/author\/joanaredator\/"},"rttpg_comment":0,"rttpg_category":"<a href=\"https:\/\/goias.gov.br\/seguranca\/categoria\/portarias\/\" rel=\"category tag\">Portarias<\/a>","rttpg_excerpt":"Portaria 0348\/2019 &#8211;\u00a0SSP O Secret\u00e1rio de Estado da Seguran\u00e7a P\u00fablica de Goi\u00e1s no uso de suas atribui\u00e7\u00f5es legais e usando da compet\u00eancia que lhe confere o Decreto de 02 de janeiro de 2019, publicado no Di\u00e1rio Oficial do Estado n\u00b0 22.963 \u2013 Suplemento e tendo em vista o Processo\/SEI n. 201900002017483. RESOLVE: Art. 1\u00ba Retificar&hellip;","_links":{"self":[{"href":"https:\/\/goias.gov.br\/seguranca\/wp-json\/wp\/v2\/posts\/40430","targetHints":{"allow":["GET"]}}],"collection":[{"href":"https:\/\/goias.gov.br\/seguranca\/wp-json\/wp\/v2\/posts"}],"about":[{"href":"https:\/\/goias.gov.br\/seguranca\/wp-json\/wp\/v2\/types\/post"}],"author":[{"embeddable":true,"href":"https:\/\/goias.gov.br\/seguranca\/wp-json\/wp\/v2\/users\/3"}],"replies":[{"embeddable":true,"href":"https:\/\/goias.gov.br\/seguranca\/wp-json\/wp\/v2\/comments?post=40430"}],"version-history":[{"count":0,"href":"https:\/\/goias.gov.br\/seguranca\/wp-json\/wp\/v2\/posts\/40430\/revisions"}],"wp:attachment":[{"href":"https:\/\/goias.gov.br\/seguranca\/wp-json\/wp\/v2\/media?parent=40430"}],"wp:term":[{"taxonomy":"category","embeddable":true,"href":"https:\/\/goias.gov.br\/seguranca\/wp-json\/wp\/v2\/categories?post=40430"},{"taxonomy":"post_tag","embeddable":true,"href":"https:\/\/goias.gov.br\/seguranca\/wp-json\/wp\/v2\/tags?post=40430"}],"curies":[{"name":"wp","href":"https:\/\/api.w.org\/{rel}","templated":true}]}}