

{"id":37388,"date":"2019-01-25T16:30:49","date_gmt":"2019-01-25T18:30:49","guid":{"rendered":"http:\/\/www.ssp.go.gov.br\/?p=37388"},"modified":"2019-01-25T16:30:49","modified_gmt":"2019-01-25T18:30:49","slug":"operacao-da-policia-civil-resulta-na-prisao-de-sete-suspeitos-por-homicidios-em-buriti-de-goias","status":"publish","type":"post","link":"https:\/\/goias.gov.br\/seguranca\/operacao-da-policia-civil-resulta-na-prisao-de-sete-suspeitos-por-homicidios-em-buriti-de-goias\/","title":{"rendered":"Opera\u00e7\u00e3o da Pol\u00edcia Civil resulta na pris\u00e3o de sete suspeitos por homic\u00eddios em Buriti Alegre"},"content":{"rendered":"<p style=\"text-align: center\"><em><strong>Foram cumpridos mandados de pris\u00e3o preventiva, pris\u00e3o tempor\u00e1ria e de busca e apreens\u00e3o domiciliar. Agentes seguem em busca de oitavo suspeito, j\u00e1 considerado foragido<\/strong><\/em><\/p>\n<p>&nbsp;<\/p>\n<p style=\"text-align: justify\">Sete pessoas foram presas pela Pol\u00edcia Civil, nesta sexta-feira (25\/01), em Buriti Alegre, no Sul do Estado. O grupo \u00e9 suspeito de pelo menos tr\u00eas homic\u00eddios cometidos em setembro de 2018. Na a\u00e7\u00e3o, foram cumpridos 12 mandados de pris\u00e3o preventiva, pris\u00e3o tempor\u00e1ria e de busca e apreens\u00e3o domiciliar.<\/p>\n<p style=\"text-align: justify\">De acordo com as investiga\u00e7\u00f5es, no primeiro caso, um homem\u00a0foi morto por envolvimento com o tr\u00e1fico de drogas. Poucos dias depois, outro homem foi assassinado por ter se envolvido com a ex-mulher de um dos integrantes da quadrilha.<\/p>\n<p style=\"text-align: justify\">O terceiro homic\u00eddio foi cometido por conta da participa\u00e7\u00e3o da v\u00edtima no tr\u00e1fico de drogas patrocinado por criminosos rivais dos suspeitos.<\/p>\n<p style=\"text-align: justify\">Foram detidos Robert Alves dos Santos, Divino Eterno Ven\u00e2ncio Alves, Renan Fernandes Batista, Thales Henrique Alves Neris, Maike Rodrigues da Silva, Wesley Borges de Carvalho e Iully Pires de Oliveira. A pol\u00edcia segue em busca de outro integrante do grupo, j\u00e1 considerado foragido.<\/p>\n<p><strong><br \/>\nFotos: Pol\u00edcia Civil<\/strong><\/p>\n<p>&nbsp;<\/p>\n<p><strong>Comunica\u00e7\u00e3o Setorial<\/strong><br \/>\n<strong>Secretaria de Seguran\u00e7a P\u00fablica<\/strong><br \/>\n<strong>(62) 3201-1027<\/strong><\/p>\n<p>&nbsp;<\/p>\n\n","protected":false},"excerpt":{"rendered":"<p>Foram cumpridos mandados de pris\u00e3o preventiva, pris\u00e3o tempor\u00e1ria e de busca e apreens\u00e3o domiciliar. Agentes seguem em busca de oitavo suspeito, j\u00e1 considerado foragido &nbsp; Sete pessoas foram presas pela Pol\u00edcia Civil, nesta sexta-feira (25\/01), em Buriti Alegre, no Sul do Estado. O grupo \u00e9 suspeito de pelo menos tr\u00eas homic\u00eddios cometidos em setembro de [&hellip;]<\/p>\n","protected":false},"author":3,"featured_media":37389,"comment_status":"closed","ping_status":"closed","sticky":false,"template":"","format":"standard","meta":{"footnotes":"","_links_to":"","_links_to_target":""},"categories":[10,11],"tags":[],"class_list":["post-37388","post","type-post","status-publish","format-standard","has-post-thumbnail","hentry","category-noticias-da-ssp","category-ultimo-segundo"],"rttpg_featured_image_url":null,"rttpg_author":{"display_name":"joanaredator","author_link":"https:\/\/goias.gov.br\/seguranca\/author\/joanaredator\/"},"rttpg_comment":0,"rttpg_category":"<a href=\"https:\/\/goias.gov.br\/seguranca\/categoria\/noticias-da-ssp\/\" rel=\"category tag\">Not\u00edcias da SSP<\/a> <a href=\"https:\/\/goias.gov.br\/seguranca\/categoria\/ultimo-segundo\/\" rel=\"category tag\">\u00daltimo Segundo<\/a>","rttpg_excerpt":"Foram cumpridos mandados de pris\u00e3o preventiva, pris\u00e3o tempor\u00e1ria e de busca e apreens\u00e3o domiciliar. Agentes seguem em busca de oitavo suspeito, j\u00e1 considerado foragido &nbsp; Sete pessoas foram presas pela Pol\u00edcia Civil, nesta sexta-feira (25\/01), em Buriti Alegre, no Sul do Estado. O grupo \u00e9 suspeito de pelo menos tr\u00eas homic\u00eddios cometidos em setembro de&hellip;","_links":{"self":[{"href":"https:\/\/goias.gov.br\/seguranca\/wp-json\/wp\/v2\/posts\/37388","targetHints":{"allow":["GET"]}}],"collection":[{"href":"https:\/\/goias.gov.br\/seguranca\/wp-json\/wp\/v2\/posts"}],"about":[{"href":"https:\/\/goias.gov.br\/seguranca\/wp-json\/wp\/v2\/types\/post"}],"author":[{"embeddable":true,"href":"https:\/\/goias.gov.br\/seguranca\/wp-json\/wp\/v2\/users\/3"}],"replies":[{"embeddable":true,"href":"https:\/\/goias.gov.br\/seguranca\/wp-json\/wp\/v2\/comments?post=37388"}],"version-history":[{"count":0,"href":"https:\/\/goias.gov.br\/seguranca\/wp-json\/wp\/v2\/posts\/37388\/revisions"}],"wp:featuredmedia":[{"embeddable":true,"href":"https:\/\/goias.gov.br\/seguranca\/wp-json\/"}],"wp:attachment":[{"href":"https:\/\/goias.gov.br\/seguranca\/wp-json\/wp\/v2\/media?parent=37388"}],"wp:term":[{"taxonomy":"category","embeddable":true,"href":"https:\/\/goias.gov.br\/seguranca\/wp-json\/wp\/v2\/categories?post=37388"},{"taxonomy":"post_tag","embeddable":true,"href":"https:\/\/goias.gov.br\/seguranca\/wp-json\/wp\/v2\/tags?post=37388"}],"curies":[{"name":"wp","href":"https:\/\/api.w.org\/{rel}","templated":true}]}}