

{"id":36696,"date":"2018-12-15T11:46:03","date_gmt":"2018-12-15T13:46:03","guid":{"rendered":"http:\/\/www.ssp.go.gov.br\/?p=36696"},"modified":"2018-12-15T11:46:03","modified_gmt":"2018-12-15T13:46:03","slug":"nota-da-ssp-sobre-o-caso-do-medium-joao-de-deus","status":"publish","type":"post","link":"https:\/\/goias.gov.br\/seguranca\/nota-da-ssp-sobre-o-caso-do-medium-joao-de-deus\/","title":{"rendered":"Nota da SSP sobre o caso do m\u00e9dium Jo\u00e3o de Deus"},"content":{"rendered":"<p style=\"text-align: justify\"><strong>Nota oficial<\/strong><\/p>\n<p style=\"text-align: justify\">A Secretaria de Seguran\u00e7a P\u00fablica (SSP) informa que as negocia\u00e7\u00f5es para a apresenta\u00e7\u00e3o de Jo\u00e3o Teixeira de Faria continuam, sob a responsabilidade da Pol\u00edcia Civil do Estado de Goi\u00e1s, para cumprimento do mandado de pris\u00e3o expedido contra ele.<\/p>\n<p style=\"text-align: justify\">\nAs buscas continuam sendo realizadas por equipes da Deic.\u00a0N\u00e3o h\u00e1 prazo espec\u00edfico para que ele seja considerado foragido.<br \/>\nNovas informa\u00e7\u00f5es ser\u00e3o prestadas assim que houver novidades.<\/p>\n","protected":false},"excerpt":{"rendered":"<p>Nota oficial A Secretaria de Seguran\u00e7a P\u00fablica (SSP) informa que as negocia\u00e7\u00f5es para a apresenta\u00e7\u00e3o de Jo\u00e3o Teixeira de Faria continuam, sob a responsabilidade da Pol\u00edcia Civil do Estado de Goi\u00e1s, para cumprimento do mandado de pris\u00e3o expedido contra ele. As buscas continuam sendo realizadas por equipes da Deic.\u00a0N\u00e3o h\u00e1 prazo espec\u00edfico para que ele [&hellip;]<\/p>\n","protected":false},"author":3,"featured_media":36684,"comment_status":"closed","ping_status":"closed","sticky":false,"template":"","format":"standard","meta":{"footnotes":"","_links_to":"","_links_to_target":""},"categories":[10,11],"tags":[],"class_list":["post-36696","post","type-post","status-publish","format-standard","has-post-thumbnail","hentry","category-noticias-da-ssp","category-ultimo-segundo"],"rttpg_featured_image_url":null,"rttpg_author":{"display_name":"joanaredator","author_link":"https:\/\/goias.gov.br\/seguranca\/author\/joanaredator\/"},"rttpg_comment":0,"rttpg_category":"<a href=\"https:\/\/goias.gov.br\/seguranca\/categoria\/noticias-da-ssp\/\" rel=\"category tag\">Not\u00edcias da SSP<\/a> <a href=\"https:\/\/goias.gov.br\/seguranca\/categoria\/ultimo-segundo\/\" rel=\"category tag\">\u00daltimo Segundo<\/a>","rttpg_excerpt":"Nota oficial A Secretaria de Seguran\u00e7a P\u00fablica (SSP) informa que as negocia\u00e7\u00f5es para a apresenta\u00e7\u00e3o de Jo\u00e3o Teixeira de Faria continuam, sob a responsabilidade da Pol\u00edcia Civil do Estado de Goi\u00e1s, para cumprimento do mandado de pris\u00e3o expedido contra ele. As buscas continuam sendo realizadas por equipes da Deic.\u00a0N\u00e3o h\u00e1 prazo espec\u00edfico para que ele&hellip;","_links":{"self":[{"href":"https:\/\/goias.gov.br\/seguranca\/wp-json\/wp\/v2\/posts\/36696","targetHints":{"allow":["GET"]}}],"collection":[{"href":"https:\/\/goias.gov.br\/seguranca\/wp-json\/wp\/v2\/posts"}],"about":[{"href":"https:\/\/goias.gov.br\/seguranca\/wp-json\/wp\/v2\/types\/post"}],"author":[{"embeddable":true,"href":"https:\/\/goias.gov.br\/seguranca\/wp-json\/wp\/v2\/users\/3"}],"replies":[{"embeddable":true,"href":"https:\/\/goias.gov.br\/seguranca\/wp-json\/wp\/v2\/comments?post=36696"}],"version-history":[{"count":0,"href":"https:\/\/goias.gov.br\/seguranca\/wp-json\/wp\/v2\/posts\/36696\/revisions"}],"wp:featuredmedia":[{"embeddable":true,"href":"https:\/\/goias.gov.br\/seguranca\/wp-json\/"}],"wp:attachment":[{"href":"https:\/\/goias.gov.br\/seguranca\/wp-json\/wp\/v2\/media?parent=36696"}],"wp:term":[{"taxonomy":"category","embeddable":true,"href":"https:\/\/goias.gov.br\/seguranca\/wp-json\/wp\/v2\/categories?post=36696"},{"taxonomy":"post_tag","embeddable":true,"href":"https:\/\/goias.gov.br\/seguranca\/wp-json\/wp\/v2\/tags?post=36696"}],"curies":[{"name":"wp","href":"https:\/\/api.w.org\/{rel}","templated":true}]}}