

{"id":36683,"date":"2018-12-14T15:02:48","date_gmt":"2018-12-14T17:02:48","guid":{"rendered":"http:\/\/www.ssp.go.gov.br\/?p=36683"},"modified":"2018-12-14T15:02:48","modified_gmt":"2018-12-14T17:02:48","slug":"nota-sobre-o-mandado-de-prisao-do-medium-joao-de-deud","status":"publish","type":"post","link":"https:\/\/goias.gov.br\/seguranca\/nota-sobre-o-mandado-de-prisao-do-medium-joao-de-deud\/","title":{"rendered":"Nota sobre o mandado de pris\u00e3o do m\u00e9dium Jo\u00e3o de Deus"},"content":{"rendered":"<p style=\"text-align: justify\">Informamos que o mandado de pris\u00e3o preventiva representado pela Pol\u00edcia Civil de Goi\u00e1s em desfavor de Jo\u00e3o Teixeira de Faria, mais conhecido como &#8220;Jo\u00e3o de Deus&#8221;, foi deferido pelo Poder Judici\u00e1rio nesta sexta-feira (14). Neste momento, a PCGO se empenha em dar cumprimento \u00e0 referida determina\u00e7\u00e3o judicial.<\/p>\n","protected":false},"excerpt":{"rendered":"<p>Informamos que o mandado de pris\u00e3o preventiva representado pela Pol\u00edcia Civil de Goi\u00e1s em desfavor de Jo\u00e3o Teixeira de Faria, mais conhecido como &#8220;Jo\u00e3o de Deus&#8221;, foi deferido pelo Poder Judici\u00e1rio nesta sexta-feira (14). Neste momento, a PCGO se empenha em dar cumprimento \u00e0 referida determina\u00e7\u00e3o judicial.<\/p>\n","protected":false},"author":3,"featured_media":36684,"comment_status":"closed","ping_status":"closed","sticky":false,"template":"","format":"standard","meta":{"footnotes":"","_links_to":"","_links_to_target":""},"categories":[10,11],"tags":[],"class_list":["post-36683","post","type-post","status-publish","format-standard","has-post-thumbnail","hentry","category-noticias-da-ssp","category-ultimo-segundo"],"rttpg_featured_image_url":null,"rttpg_author":{"display_name":"joanaredator","author_link":"https:\/\/goias.gov.br\/seguranca\/author\/joanaredator\/"},"rttpg_comment":0,"rttpg_category":"<a href=\"https:\/\/goias.gov.br\/seguranca\/categoria\/noticias-da-ssp\/\" rel=\"category tag\">Not\u00edcias da SSP<\/a> <a href=\"https:\/\/goias.gov.br\/seguranca\/categoria\/ultimo-segundo\/\" rel=\"category tag\">\u00daltimo Segundo<\/a>","rttpg_excerpt":"Informamos que o mandado de pris\u00e3o preventiva representado pela Pol\u00edcia Civil de Goi\u00e1s em desfavor de Jo\u00e3o Teixeira de Faria, mais conhecido como &#8220;Jo\u00e3o de Deus&#8221;, foi deferido pelo Poder Judici\u00e1rio nesta sexta-feira (14). Neste momento, a PCGO se empenha em dar cumprimento \u00e0 referida determina\u00e7\u00e3o judicial.","_links":{"self":[{"href":"https:\/\/goias.gov.br\/seguranca\/wp-json\/wp\/v2\/posts\/36683","targetHints":{"allow":["GET"]}}],"collection":[{"href":"https:\/\/goias.gov.br\/seguranca\/wp-json\/wp\/v2\/posts"}],"about":[{"href":"https:\/\/goias.gov.br\/seguranca\/wp-json\/wp\/v2\/types\/post"}],"author":[{"embeddable":true,"href":"https:\/\/goias.gov.br\/seguranca\/wp-json\/wp\/v2\/users\/3"}],"replies":[{"embeddable":true,"href":"https:\/\/goias.gov.br\/seguranca\/wp-json\/wp\/v2\/comments?post=36683"}],"version-history":[{"count":0,"href":"https:\/\/goias.gov.br\/seguranca\/wp-json\/wp\/v2\/posts\/36683\/revisions"}],"wp:featuredmedia":[{"embeddable":true,"href":"https:\/\/goias.gov.br\/seguranca\/wp-json\/"}],"wp:attachment":[{"href":"https:\/\/goias.gov.br\/seguranca\/wp-json\/wp\/v2\/media?parent=36683"}],"wp:term":[{"taxonomy":"category","embeddable":true,"href":"https:\/\/goias.gov.br\/seguranca\/wp-json\/wp\/v2\/categories?post=36683"},{"taxonomy":"post_tag","embeddable":true,"href":"https:\/\/goias.gov.br\/seguranca\/wp-json\/wp\/v2\/tags?post=36683"}],"curies":[{"name":"wp","href":"https:\/\/api.w.org\/{rel}","templated":true}]}}