

{"id":36160,"date":"2018-11-23T14:35:53","date_gmt":"2018-11-23T16:35:53","guid":{"rendered":"http:\/\/www.ssp.go.gov.br\/?p=36160"},"modified":"2018-11-23T14:35:53","modified_gmt":"2018-11-23T16:35:53","slug":"agenda-intensa-e-discussao-de-temas-amplos-marcam-primeiro-dia-da-52a-reuniao-do-concpc-em-goiania","status":"publish","type":"post","link":"https:\/\/goias.gov.br\/seguranca\/agenda-intensa-e-discussao-de-temas-amplos-marcam-primeiro-dia-da-52a-reuniao-do-concpc-em-goiania\/","title":{"rendered":"Agenda intensa e discuss\u00e3o de temas amplos marcam primeiro dia da 52\u00aa Reuni\u00e3o do CONCPC em Goi\u00e2nia"},"content":{"rendered":"<p><img fetchpriority=\"high\" decoding=\"async\" class=\"size-large wp-image-36162 aligncenter\" src=\"https:\/\/goias.gov.br\/seguranca\/wp-content\/uploads\/sites\/56\/2018\/11\/foto-710x473.jpeg\" alt=\"\" width=\"710\" height=\"473\" \/><\/p>\n<p>&nbsp;<\/p>\n<p style=\"text-align: justify\">Teve in\u00edcio, na quinta-feira (22), a 52\u00aa Reuni\u00e3o Ordin\u00e1ria do Conselho Nacional dos Chefes de Pol\u00edcia (CONCPC). Das 27 unidades federativas, 25 enviaram os delegados-gerais de suas respectivas pol\u00edcias judici\u00e1rias e, em uma delas, o diretor enviou representante. A agenda foi marcada por temas relativos aos dois principais temas que t\u00eam dominado as discuss\u00f5es no \u00e2mbito do CONCPC nos \u00faltimos anos: padroniza\u00e7\u00e3o e crescente integra\u00e7\u00e3o institucional.<\/p>\n<p style=\"text-align: justify\">Pela manh\u00e3, o presidente do Conselho, Emerson Wendt, delegado-geral da Pol\u00edcia Civil do Rio Grande do Sul, presidiu a elei\u00e7\u00e3o do vice-presidente da Regional Norte da institui\u00e7\u00e3o. Em seguida, tratou-se, em devolutiva, da padroniza\u00e7\u00e3o das carteiras funcionais e da identidade visual das pol\u00edcias civis de todo o pa\u00eds. Tamb\u00e9m procedeu-se a devolutiva atinente \u00e0 estrutura\u00e7\u00e3o das pol\u00edcias judici\u00e1rias estaduais para o combate \u00e0 corrup\u00e7\u00e3o e \u00e0 lavagem de dinheiro.<\/p>\n<p style=\"text-align: justify\">J\u00e1 no final da manh\u00e3 de trabalhos, o superintendente de Pol\u00edcia Judici\u00e1ria de Goi\u00e1s e coordenador do Grupo T\u00e1tico 3 (GT-3), delegado Andr\u00e9 Ganga, realizou apresenta\u00e7\u00e3o na qual se comunicou a cria\u00e7\u00e3o do Comit\u00ea Nacional dos Comandos das Opera\u00e7\u00f5es Especiais das Pol\u00edcias Civis. Em discuss\u00e3o de car\u00e1ter colegiado, foi discutida a autonomia da Pol\u00edcia Civil.<\/p>\n<p style=\"text-align: justify\">No in\u00edcio da tarde, Sandra Mara e Jeremias dos Santos, da Secretaria Nacional de Seguran\u00e7a P\u00fablica (Senasp), apresentaram o trabalho Sistemas de Comando e Controle: CICCN e Apoio \u00e0s Opera\u00e7\u00f5es Integradas das Pol\u00edcias Civis. Em seguida, os conselheiros debateram acerca da cria\u00e7\u00e3o do F\u00f3rum Brasileiro de Investiga\u00e7\u00e3o Criminal e Gest\u00e3o de Pol\u00edcia Judici\u00e1ria. Tamb\u00e9m foi apresentada uma proposa de resolu\u00e7\u00e3o com vistas \u00e0 cria\u00e7\u00e3o do Comit\u00ea Nacional dos Diretores-Gerais das Academias de Pol\u00edcia Civil (CONDAPC).<\/p>\n<p style=\"text-align: justify\">Os trabalhos do primeiro dia foram encerrados com apresenta\u00e7\u00e3o, por Guilherme Dar\u00e9, delegado-geral da Pol\u00edcia Civil do Esp\u00edrito Santo, de projeto de padroniza\u00e7\u00e3o da identidade visual das Pol\u00edcias Civis de todo o Brasil.<\/p>\n<p><em><strong>Com informa\u00e7\u00f5es da Assessoria de Comunica\u00e7\u00e3o da Pol\u00edcia Civil<\/strong><\/em><\/p>\n","protected":false},"excerpt":{"rendered":"<p>&nbsp; Teve in\u00edcio, na quinta-feira (22), a 52\u00aa Reuni\u00e3o Ordin\u00e1ria do Conselho Nacional dos Chefes de Pol\u00edcia (CONCPC). Das 27 unidades federativas, 25 enviaram os delegados-gerais de suas respectivas pol\u00edcias judici\u00e1rias e, em uma delas, o diretor enviou representante. A agenda foi marcada por temas relativos aos dois principais temas que t\u00eam dominado as discuss\u00f5es [&hellip;]<\/p>\n","protected":false},"author":3,"featured_media":36162,"comment_status":"closed","ping_status":"closed","sticky":false,"template":"","format":"standard","meta":{"footnotes":"","_links_to":"","_links_to_target":""},"categories":[10,11],"tags":[],"class_list":["post-36160","post","type-post","status-publish","format-standard","has-post-thumbnail","hentry","category-noticias-da-ssp","category-ultimo-segundo"],"rttpg_featured_image_url":null,"rttpg_author":{"display_name":"joanaredator","author_link":"https:\/\/goias.gov.br\/seguranca\/author\/joanaredator\/"},"rttpg_comment":0,"rttpg_category":"<a href=\"https:\/\/goias.gov.br\/seguranca\/categoria\/noticias-da-ssp\/\" rel=\"category tag\">Not\u00edcias da SSP<\/a> <a href=\"https:\/\/goias.gov.br\/seguranca\/categoria\/ultimo-segundo\/\" rel=\"category tag\">\u00daltimo Segundo<\/a>","rttpg_excerpt":"&nbsp; Teve in\u00edcio, na quinta-feira (22), a 52\u00aa Reuni\u00e3o Ordin\u00e1ria do Conselho Nacional dos Chefes de Pol\u00edcia (CONCPC). Das 27 unidades federativas, 25 enviaram os delegados-gerais de suas respectivas pol\u00edcias judici\u00e1rias e, em uma delas, o diretor enviou representante. A agenda foi marcada por temas relativos aos dois principais temas que t\u00eam dominado as discuss\u00f5es&hellip;","_links":{"self":[{"href":"https:\/\/goias.gov.br\/seguranca\/wp-json\/wp\/v2\/posts\/36160","targetHints":{"allow":["GET"]}}],"collection":[{"href":"https:\/\/goias.gov.br\/seguranca\/wp-json\/wp\/v2\/posts"}],"about":[{"href":"https:\/\/goias.gov.br\/seguranca\/wp-json\/wp\/v2\/types\/post"}],"author":[{"embeddable":true,"href":"https:\/\/goias.gov.br\/seguranca\/wp-json\/wp\/v2\/users\/3"}],"replies":[{"embeddable":true,"href":"https:\/\/goias.gov.br\/seguranca\/wp-json\/wp\/v2\/comments?post=36160"}],"version-history":[{"count":0,"href":"https:\/\/goias.gov.br\/seguranca\/wp-json\/wp\/v2\/posts\/36160\/revisions"}],"wp:featuredmedia":[{"embeddable":true,"href":"https:\/\/goias.gov.br\/seguranca\/wp-json\/"}],"wp:attachment":[{"href":"https:\/\/goias.gov.br\/seguranca\/wp-json\/wp\/v2\/media?parent=36160"}],"wp:term":[{"taxonomy":"category","embeddable":true,"href":"https:\/\/goias.gov.br\/seguranca\/wp-json\/wp\/v2\/categories?post=36160"},{"taxonomy":"post_tag","embeddable":true,"href":"https:\/\/goias.gov.br\/seguranca\/wp-json\/wp\/v2\/tags?post=36160"}],"curies":[{"name":"wp","href":"https:\/\/api.w.org\/{rel}","templated":true}]}}