{"id":352943,"date":"2026-08-24T08:58:02","date_gmt":"2026-08-24T11:58:02","guid":{"rendered":"https:\/\/goias.gov.br\/seguranca\/superintendente-de-acoes-e-operacoes-integradas-saoi\/"},"modified":"2026-08-24T16:12:46","modified_gmt":"2026-08-24T19:12:46","slug":"superintendente-de-acoes-e-operacoes-integradas-saoi","status":"publish","type":"post","link":"https:\/\/goias.gov.br\/seguranca\/superintendente-de-acoes-e-operacoes-integradas-saoi\/","title":{"rendered":"Superintendente de A\u00e7\u00f5es e Opera\u00e7\u00f5es Integradas \u2013 SAOI"},"content":{"rendered":"<p><strong>EVENIR DA SILVA FRANCO JUNIOR<\/strong> a partir de: 01-03-2023 &#8211; <a href=\"https:\/\/goias.gov.br\/seguranca\/historico-do-cargo-superintendente-de-acoes-e-operacoes-integradas-saoi\/\">Ver Hist\u00f3rico do cargo<\/a><\/p>\n<p><strong>GEYSON ALVES BORBA<\/strong> a partir de: 01-12-2025 &#8211; <a href=\"https:\/\/goias.gov.br\/seguranca\/historico-do-cargo-superintendente-de-acoes-e-operacoes-integradas-saoi\/\">Ver Hist\u00f3rico do cargo<\/a><\/p>\n<div class=\"r34ics-ajax-container loading\" data-args=\"c2d7e282c6298453a97511c6429b797ddeef13ba\" data-js-args=\"{&quot;debug&quot;:null}\" data-r34icsym=\"202608\" data-r34icsymd=\"20260831\" data-view-is-list-long=\"0\" data-view-is-list-style=\"0\" data-view=\"month\" id=\"agenda-autoridades-ajax\">&nbsp;<\/div>\n","protected":false},"excerpt":{"rendered":"<p>EVENIR DA SILVA FRANCO JUNIOR a partir de: 01-03-2023 &#8211; Ver Hist\u00f3rico do cargo GEYSON ALVES BORBA a partir de: 01-12-2025 &#8211; Ver Hist\u00f3rico do cargo<\/p>\n","protected":false},"author":796,"featured_media":0,"comment_status":"closed","ping_status":"open","sticky":false,"template":"","format":"standard","meta":{"footnotes":"","_links_to":"","_links_to_target":""},"categories":[2411],"tags":[],"class_list":["post-352943","post","type-post","status-publish","format-standard","hentry","category-agenda"],"rttpg_featured_image_url":null,"rttpg_author":{"display_name":"talesgfernandes","author_link":"https:\/\/goias.gov.br\/seguranca\/author\/talesgfernandes\/"},"rttpg_comment":0,"rttpg_category":"<a href=\"https:\/\/goias.gov.br\/seguranca\/categoria\/agenda\/\" rel=\"category tag\">Agenda<\/a>","rttpg_excerpt":"EVENIR DA SILVA FRANCO JUNIOR a partir de: 01-03-2023 &#8211; Ver Hist\u00f3rico do cargo GEYSON ALVES BORBA a partir de: 01-12-2025 &#8211; Ver Hist\u00f3rico do cargo","_links":{"self":[{"href":"https:\/\/goias.gov.br\/seguranca\/wp-json\/wp\/v2\/posts\/352943","targetHints":{"allow":["GET"]}}],"collection":[{"href":"https:\/\/goias.gov.br\/seguranca\/wp-json\/wp\/v2\/posts"}],"about":[{"href":"https:\/\/goias.gov.br\/seguranca\/wp-json\/wp\/v2\/types\/post"}],"author":[{"embeddable":true,"href":"https:\/\/goias.gov.br\/seguranca\/wp-json\/wp\/v2\/users\/796"}],"replies":[{"embeddable":true,"href":"https:\/\/goias.gov.br\/seguranca\/wp-json\/wp\/v2\/comments?post=352943"}],"version-history":[{"count":1,"href":"https:\/\/goias.gov.br\/seguranca\/wp-json\/wp\/v2\/posts\/352943\/revisions"}],"predecessor-version":[{"id":353474,"href":"https:\/\/goias.gov.br\/seguranca\/wp-json\/wp\/v2\/posts\/352943\/revisions\/353474"}],"wp:attachment":[{"href":"https:\/\/goias.gov.br\/seguranca\/wp-json\/wp\/v2\/media?parent=352943"}],"wp:term":[{"taxonomy":"category","embeddable":true,"href":"https:\/\/goias.gov.br\/seguranca\/wp-json\/wp\/v2\/categories?post=352943"},{"taxonomy":"post_tag","embeddable":true,"href":"https:\/\/goias.gov.br\/seguranca\/wp-json\/wp\/v2\/tags?post=352943"}],"curies":[{"name":"wp","href":"https:\/\/api.w.org\/{rel}","templated":true}]}}