

{"id":34697,"date":"2018-09-13T17:46:11","date_gmt":"2018-09-13T20:46:11","guid":{"rendered":"http:\/\/www.ssp.go.gov.br\/?p=34697"},"modified":"2018-09-13T17:46:11","modified_gmt":"2018-09-13T20:46:11","slug":"ssp-recebe-projeto-de-restauracao-do-6o-bpm","status":"publish","type":"post","link":"https:\/\/goias.gov.br\/seguranca\/ssp-recebe-projeto-de-restauracao-do-6o-bpm\/","title":{"rendered":"SSP recebe projeto de restaura\u00e7\u00e3o do 6\u00ba BPM"},"content":{"rendered":"<p><img fetchpriority=\"high\" decoding=\"async\" class=\"alignnone size-full wp-image-34702\" src=\"https:\/\/goias.gov.br\/seguranca\/wp-content\/uploads\/sites\/56\/2018\/09\/ssp-recebe-projeto-de-restauracao-do-6o-bpm-4.jpeg\" alt=\"\" width=\"1080\" height=\"810\" \/><\/p>\n<p style=\"text-align: center\"><strong><em>Irapuan Costa J\u00fanior diz que projeto \u00e9 o resgate da preocupa\u00e7\u00e3o com a salvaguarda de seu patrim\u00f4nio hist\u00f3rico. Unidade est\u00e1 localizada na cidade de Goi\u00e1s<\/em><\/strong><\/p>\n<p>A Secretaria de Estado da Seguran\u00e7a P\u00fablica (SSP) recebeu da Elysium Sociedade Cultural, nesta quinta-feira, na Sala de Situa\u00e7\u00e3o do Centro Integrado de Intelig\u00eancia, Comando e Controle (CIICC), o Projeto de Restaura\u00e7\u00e3o e Adapta\u00e7\u00e3o do Quartel do 6\u00ba Batalh\u00e3o da Pol\u00edcia Militar do Estado de Goi\u00e1s, localizado na cidade de Goi\u00e1s. De acordo com o titular da SSP, Irapuan Costa J\u00fanior, o projeto \u00e9 o resgate da preocupa\u00e7\u00e3o demonstrada pelo Governo do Estado com a salvaguarda do seu patrim\u00f4nio hist\u00f3rico.<\/p>\n<p>O projeto prev\u00ea a revitaliza\u00e7\u00e3o da \u00e1rea, recupera\u00e7\u00e3o do patrim\u00f4nio hist\u00f3rico, ressignifica\u00e7\u00e3o cultural e a democratiza\u00e7\u00e3o do acesso, de acordo com Wolney Unes, diretor-t\u00e9cnico da Elysium Sociedade Cultural. No im\u00f3vel, depois de restaurado, ser\u00e3o instalados o Centro de Mem\u00f3ria e Documenta\u00e7\u00e3o Hist\u00f3rica da Pol\u00edcia Militar do Estado de Goi\u00e1s, al\u00e9m da adapta\u00e7\u00e3o das instala\u00e7\u00f5es para melhor atender ao bom funcionamento da institui\u00e7\u00e3o.<\/p>\n<p>A superintendente regional do Instituto do Patrim\u00f4nio Hist\u00f3rico e Art\u00edstico Nacional (Iphan), Salma Saddi, lembrou da import\u00e2ncia da Pol\u00edcia Militar para a comunidade da cidade de Goi\u00e1s e do valor hist\u00f3rico do pr\u00e9dio. O chefe do Estado Maior Estrat\u00e9gico da PMGO, coronel Andr\u00e9 Henrique Avelar de Sousa, falou sobre a valoriza\u00e7\u00e3o das tradi\u00e7\u00f5es da corpora\u00e7\u00e3o.<\/p>\n<p>A proposta de restauro prev\u00ea a utiliza\u00e7\u00e3o de elementos caracter\u00edsticos das constru\u00e7\u00f5es do per\u00edodo colonial e o resgate de detalhes que foram substitu\u00eddos em interven\u00e7\u00f5es posteriores a sua constru\u00e7\u00e3o original. Ser\u00e3o recuperados tr\u00eas blocos mais antigos do pr\u00e9dio, com adapta\u00e7\u00f5es necess\u00e1rias ao bom funcionamento da corpora\u00e7\u00e3o. Dar\u00e1 aten\u00e7\u00e3o especial \u00e0 integra\u00e7\u00e3o do edif\u00edcio antigo ao contexto urbano no qual est\u00e1 inserido, nele influir positivamente com sua presen\u00e7a e dinamicidade das novas fun\u00e7\u00f5es.<\/p>\n<p>O Projeto de Restaura\u00e7\u00e3o e Adapta\u00e7\u00e3o do Quartel do 6\u00ba Batalh\u00e3o da Pol\u00edcia Militar do Estado de Goi\u00e1s prev\u00ea a execu\u00e7\u00e3o em parceria do Governo de Goi\u00e1s, da SSP, da PMGO e da prefeitura da cidade de Goi\u00e1s.<\/p>\n<p><strong>FOTOS: Comunica\u00e7\u00e3o Setorial<\/strong><\/p>\n<p><strong>Comunica\u00e7\u00e3o Setorial<\/strong><\/p>\n<p><strong>Secretaria de Seguran\u00e7a P\u00fablica<\/strong><\/p>\n<p><strong>(62) 3201-1027<\/strong><\/p>\n\n","protected":false},"excerpt":{"rendered":"<p>Irapuan Costa J\u00fanior diz que projeto \u00e9 o resgate da preocupa\u00e7\u00e3o com a salvaguarda de seu patrim\u00f4nio hist\u00f3rico. Unidade est\u00e1 localizada na cidade de Goi\u00e1s A Secretaria de Estado da Seguran\u00e7a P\u00fablica (SSP) recebeu da Elysium Sociedade Cultural, nesta quinta-feira, na Sala de Situa\u00e7\u00e3o do Centro Integrado de Intelig\u00eancia, Comando e Controle (CIICC), o Projeto [&hellip;]<\/p>\n","protected":false},"author":3,"featured_media":34702,"comment_status":"closed","ping_status":"closed","sticky":false,"template":"","format":"standard","meta":{"footnotes":"","_links_to":"","_links_to_target":""},"categories":[10],"tags":[],"class_list":["post-34697","post","type-post","status-publish","format-standard","has-post-thumbnail","hentry","category-noticias-da-ssp"],"rttpg_featured_image_url":null,"rttpg_author":{"display_name":"joanaredator","author_link":"https:\/\/goias.gov.br\/seguranca\/author\/joanaredator\/"},"rttpg_comment":0,"rttpg_category":"<a href=\"https:\/\/goias.gov.br\/seguranca\/categoria\/noticias-da-ssp\/\" rel=\"category tag\">Not\u00edcias da SSP<\/a>","rttpg_excerpt":"Irapuan Costa J\u00fanior diz que projeto \u00e9 o resgate da preocupa\u00e7\u00e3o com a salvaguarda de seu patrim\u00f4nio hist\u00f3rico. Unidade est\u00e1 localizada na cidade de Goi\u00e1s A Secretaria de Estado da Seguran\u00e7a P\u00fablica (SSP) recebeu da Elysium Sociedade Cultural, nesta quinta-feira, na Sala de Situa\u00e7\u00e3o do Centro Integrado de Intelig\u00eancia, Comando e Controle (CIICC), o Projeto&hellip;","_links":{"self":[{"href":"https:\/\/goias.gov.br\/seguranca\/wp-json\/wp\/v2\/posts\/34697","targetHints":{"allow":["GET"]}}],"collection":[{"href":"https:\/\/goias.gov.br\/seguranca\/wp-json\/wp\/v2\/posts"}],"about":[{"href":"https:\/\/goias.gov.br\/seguranca\/wp-json\/wp\/v2\/types\/post"}],"author":[{"embeddable":true,"href":"https:\/\/goias.gov.br\/seguranca\/wp-json\/wp\/v2\/users\/3"}],"replies":[{"embeddable":true,"href":"https:\/\/goias.gov.br\/seguranca\/wp-json\/wp\/v2\/comments?post=34697"}],"version-history":[{"count":0,"href":"https:\/\/goias.gov.br\/seguranca\/wp-json\/wp\/v2\/posts\/34697\/revisions"}],"wp:featuredmedia":[{"embeddable":true,"href":"https:\/\/goias.gov.br\/seguranca\/wp-json\/"}],"wp:attachment":[{"href":"https:\/\/goias.gov.br\/seguranca\/wp-json\/wp\/v2\/media?parent=34697"}],"wp:term":[{"taxonomy":"category","embeddable":true,"href":"https:\/\/goias.gov.br\/seguranca\/wp-json\/wp\/v2\/categories?post=34697"},{"taxonomy":"post_tag","embeddable":true,"href":"https:\/\/goias.gov.br\/seguranca\/wp-json\/wp\/v2\/tags?post=34697"}],"curies":[{"name":"wp","href":"https:\/\/api.w.org\/{rel}","templated":true}]}}