

{"id":34472,"date":"2018-09-05T14:08:01","date_gmt":"2018-09-05T17:08:01","guid":{"rendered":"http:\/\/www.ssp.go.gov.br\/?p=34472"},"modified":"2018-09-05T14:08:01","modified_gmt":"2018-09-05T17:08:01","slug":"ata-de-registro-de-precos-no-004-2018","status":"publish","type":"post","link":"https:\/\/goias.gov.br\/seguranca\/ata-de-registro-de-precos-no-004-2018\/","title":{"rendered":"ATA DE REGISTRO DE PRE\u00c7OS N\u00ba 004\/2018"},"content":{"rendered":"<p align=\"center\"><strong>ATA DE REGISTRO DE PRE\u00c7OS N\u00ba 004\/2018<\/strong><\/p>\n<p>&nbsp;<\/p>\n<p class=\"Texto_Justificado\">Aos 31 dias do m\u00eas de agosto de 2018, pelo presente instrumento, a <strong>SECRETARIA DE ESTADO DA SEGURAN\u00c7A P\u00daBLICA &#8211; SSP<\/strong>, \u00d3RG\u00c3O GERENCIADOR, inscrita no CNPJ sob o n\u00ba 01.409.606\/0001-48 representada pelo seu titular, <strong>SR. IRAPUAN COSTA J\u00daNIOR<\/strong>, brasileiro, residente e domiciliado nesta capital, CPF\/MF sob o n\u00ba 002.701.641-20, nomeado pelo Decreto de 14 de fevereiro de 2018, no uso das atribui\u00e7\u00f5es conferidas pelo Decreto 8.934, de 06 de Abril de 2017, resolve REGISTRAR O PRE\u00c7O do fornecedor abaixo indicado, doravante denominado FORNECEDOR, vencedor do <strong>Preg\u00e3o Eletr\u00f4nico SRP n\u00ba 021\/2018<\/strong>, nos termos Lei Federal n\u00ba. 8.666, de 23 de junho de 1993, com altera\u00e7\u00f5es e subsidiariamente, no que couber, pela Lei Federal n\u00ba. 10.520, de 17 de julho de 2002, pela Lei Complementar n\u00ba. 123, de 14 de dezembro de 2006, pela Lei Estadual n\u00ba 17.928 de 27 de dezembro de 2012, o Decreto Estadual n\u00ba 7.437, de 06 de setembro de 2011, o Decreto Estadual n\u00ba. 7.468, de 20 de outubro de 2.011, pelo Decreto Estadual n\u00ba. 7.466 de 18 de outubro de 2.011 e demais normas regulamentares aplic\u00e1veis \u00e0 esp\u00e9cie.<\/p>\n<p>&nbsp;<\/p>\n<p class=\"Texto_Justificado\"><strong>CL\u00c1USULA PRIMEIRA \u2013 DO OBJETO<\/strong><\/p>\n<p class=\"Texto_Justificado\">\n<p class=\"Texto_Justificado\">A presente Ata tem por objeto o <strong>REGISTRO DE PRE\u00c7OS PARA EVENTUAL EMISS\u00c3O DE CERTIFICADOS DIGITAIS PADR\u00c3O ICPBRASIL, INCLUINDO VISITAS PARA SUA EMISS\u00c3O, BEM COMO O FORNECIMENTO DE DISPOSITIVOS TOKENS USB PARA ARMAZENAMENTO<\/strong>.<\/p>\n<p class=\"Texto_Justificado\">\n<p class=\"Texto_Justificado\"><strong>CL\u00c1USULA SEGUNDA \u2013 DOS PRE\u00c7OS REGISTRADOS E DA VIG\u00caNCIA DA ATA DE REGISTRO DE PRE\u00c7OS<\/strong><\/p>\n<p class=\"Texto_Justificado\">\n<p class=\"Texto_Justificado\">Par\u00e1grafo 1\u00ba \u2013 A partir desta data ficam registrados nesta Ata os pre\u00e7os do FORNECEDOR, conforme tabela abaixo:<\/p>\n<p>&nbsp;<\/p>\n<table border=\"1\" cellspacing=\"0\" cellpadding=\"0\" align=\"center\">\n<tbody>\n<tr>\n<td>\n<p align=\"center\"><strong>ITEM<\/strong><\/p>\n<\/td>\n<td>\n<p align=\"center\"><strong>CERTIFICADOS DIGITAIS<\/strong><\/p>\n<\/td>\n<td>\n<p align=\"center\"><strong>QTD<\/strong><\/p>\n<\/td>\n<td>\n<p align=\"center\"><strong>VALOR UNIT\u00c1RIO<\/strong><\/p>\n<\/td>\n<td>\n<p align=\"center\"><strong>VALOR TOTAL<\/strong><\/p>\n<\/td>\n<\/tr>\n<tr>\n<td>\n<p align=\"center\">1<\/p>\n<\/td>\n<td>Certificado digital A1 para pessoa F\u00edsica<\/td>\n<td>\n<p align=\"center\">200<\/p>\n<\/td>\n<td>\n<p align=\"center\">R$ 42,60<\/p>\n<\/td>\n<td>\n<p align=\"center\">R$ 8.520,00<\/p>\n<\/td>\n<\/tr>\n<tr>\n<td>\n<p align=\"center\">2<\/p>\n<\/td>\n<td>Certificado digital A3 para pessoa F\u00edsica<\/td>\n<td>\n<p align=\"center\">4.000<\/p>\n<\/td>\n<td>\n<p align=\"center\">R$ 55,00<\/p>\n<\/td>\n<td>\n<p align=\"center\">R$ 220.000,00<\/p>\n<\/td>\n<\/tr>\n<tr>\n<td>\n<p align=\"center\">3<\/p>\n<\/td>\n<td>Certificado digital A3 para pessoa jur\u00eddica (e-CNPJ)<\/td>\n<td>\n<p align=\"center\">10<\/p>\n<\/td>\n<td>\n<p align=\"center\">R$ 79,00<\/p>\n<\/td>\n<td>\n<p align=\"center\">R$ 790,00<\/p>\n<\/td>\n<\/tr>\n<tr>\n<td>\n<p align=\"center\">4<\/p>\n<\/td>\n<td>Certificado digital para equipamento de rede \u2013ICP- Brasil V2<\/td>\n<td>\n<p align=\"center\">20<\/p>\n<\/td>\n<td>\n<p align=\"center\">R$ 77,00<\/p>\n<\/td>\n<td>\n<p align=\"center\">R$ 1.540,00<\/p>\n<\/td>\n<\/tr>\n<tr>\n<td>\n<p align=\"center\">5<\/p>\n<\/td>\n<td>Visita t\u00e9cnica para valida\u00e7\u00e3o e emiss\u00e3o de certificado digital<\/td>\n<td>\n<p align=\"center\">4.230<\/p>\n<\/td>\n<td>\n<p align=\"center\">R$ 5,00<\/p>\n<\/td>\n<td>\n<p align=\"center\">R$ 21.150,00<\/p>\n<\/td>\n<\/tr>\n<tr>\n<td colspan=\"5\">\n<p align=\"center\"><strong>Valor total de R$ 252.000,00<\/strong><\/p>\n<p align=\"center\"><strong>(Duzentos e cinquenta e dois mil reais)<\/strong><\/p>\n<\/td>\n<\/tr>\n<\/tbody>\n<\/table>\n<div><\/div>\n<div><\/div>\n<table border=\"1\" cellspacing=\"0\" cellpadding=\"0\" align=\"center\">\n<tbody>\n<tr>\n<td>\n<p align=\"center\"><strong>ITEM<\/strong><\/p>\n<\/td>\n<td>\n<p align=\"center\"><strong>M\u00cdDIA CRIPTOGR\u00c1FICA<\/strong><\/p>\n<\/td>\n<td>\n<p align=\"center\"><strong>QTD<\/strong><\/p>\n<\/td>\n<td>\n<p align=\"center\"><strong>VALOR UNIT\u00c1RIO<\/strong><\/p>\n<\/td>\n<td>\n<p align=\"center\"><strong>VALOR TOTAL<\/strong><\/p>\n<\/td>\n<\/tr>\n<tr>\n<td>\n<p align=\"center\">1<\/p>\n<\/td>\n<td>M\u00eddia criptogr\u00e1fica<\/td>\n<td>\n<p align=\"center\">6.000<\/p>\n<\/td>\n<td>\n<p align=\"center\">R$ 65,00<\/p>\n<\/td>\n<td>\n<p align=\"center\">R$ 390.000,00<\/p>\n<\/td>\n<\/tr>\n<tr>\n<td colspan=\"5\">\n<p align=\"center\"><strong>Valor total \u00e9 de R$ 390.000,00<\/strong><\/p>\n<p align=\"center\"><strong>(Trezentos e noventa mil reais)<\/strong><\/p>\n<\/td>\n<\/tr>\n<\/tbody>\n<\/table>\n<div><\/div>\n<p>&nbsp;<\/p>\n<p align=\"center\"><strong>FORNECEDOR: SOLUTI &#8211; SOLU\u00c7\u00d5ES EM NEG\u00d3CIOS INTELIGENTES S\/A <\/strong><\/p>\n<p align=\"center\"><strong>CNPJ: 09.461.647\/0001-95<\/strong><\/p>\n<p align=\"center\">\n<p class=\"Texto_Justificado\">Par\u00e1grafo 2\u00ba \u2013 A exist\u00eancia de pre\u00e7os registrados n\u00e3o obriga a Administra\u00e7\u00e3o a firmar as contrata\u00e7\u00f5es que deles poder\u00e3o advir.\u00a0 O FORNECEDOR, em igualdade de condi\u00e7\u00f5es, tem direito \u00e0 prefer\u00eancia para a contrata\u00e7\u00e3o, dentro dos limites previstos, do prazo de validade estabelecido e das condi\u00e7\u00f5es da proposta, tantas vezes quantas necessitar a Administra\u00e7\u00e3o.<\/p>\n<p class=\"Texto_Justificado\">\n<p class=\"Texto_Justificado\">Par\u00e1grafo 3\u00ba \u2013 O prazo de validade da Ata de Registro de Pre\u00e7os ser\u00e1 de 01 (um) ano a contar da data de sua assinatura, e efic\u00e1cia a partir da publica\u00e7\u00e3o no Di\u00e1rio Oficial do Estado de Goi\u00e1s.\u00a0 Durante seu prazo de validade as propostas selecionadas no registro de pre\u00e7os ficar\u00e3o \u00e0 disposi\u00e7\u00e3o da Administra\u00e7\u00e3o para que se efetuem as contrata\u00e7\u00f5es nas oportunidades e quantidades necess\u00e1rias, at\u00e9 o limite estabelecido.<\/p>\n<p class=\"Texto_Justificado\">\n<p class=\"Texto_Justificado\"><strong>CL\u00c1USULA TERCEIRA \u2013 DOS \u00d3RG\u00c3OS PARTICIPANTES E DOS \u00d3RG\u00c3OS N\u00c3O PARTICIPANTES<\/strong><\/p>\n<p class=\"Texto_Justificado\">\n<p class=\"Texto_Justificado\">Par\u00e1grafo 1\u00ba \u2013 Cabe ao \u00f3rg\u00e3o participante indicar o gestor do contrato.<\/p>\n<p class=\"Texto_Justificado\">\n<p class=\"Texto_Justificado\">Par\u00e1grafo 2\u00ba \u2013 A Ata de Registro de Pre\u00e7os, durante sua vig\u00eancia, poder\u00e1 ser utilizada por qualquer \u00f3rg\u00e3o ou entidade da administra\u00e7\u00e3o p\u00fablica que n\u00e3o seja part\u00edcipe, mediante pr\u00e9via consulta ao \u00d3RG\u00c3O GERENCIADOR, desde que devidamente comprovada a vantagem.<\/p>\n<p class=\"Texto_Justificado\">\n<p class=\"Texto_Justificado\">Par\u00e1grafo 3\u00ba \u2013 Os \u00f3rg\u00e3os e as entidades que n\u00e3o participaram do registro de pre\u00e7os quando desejarem fazer uso da Ata de Registro de Pre\u00e7os dever\u00e3o manifestar seu interesse junto ao \u00d3RG\u00c3O GERENCIADOR, para que esta indique os poss\u00edveis fornecedores e respectivos pre\u00e7os a serem praticados, obedecida a ordem de classifica\u00e7\u00e3o.<\/p>\n<p class=\"Texto_Justificado\">\n<p class=\"Texto_Justificado\">Par\u00e1grafo 4\u00ba \u2013 Caber\u00e1 ao FORNECEDOR, observadas as condi\u00e7\u00f5es estabelecidas, optar pela aceita\u00e7\u00e3o ou n\u00e3o do objeto, desde que n\u00e3o haja preju\u00edzo \u00e0s obriga\u00e7\u00f5es anteriormente assumidas.<\/p>\n<p class=\"Texto_Justificado\">\n<p class=\"Texto_Justificado\">Par\u00e1grafo 5\u00ba \u2013 A libera\u00e7\u00e3o de ades\u00e3o para \u00f3rg\u00e3os e entidades n\u00e3o participantes, integrantes da administra\u00e7\u00e3o estadual, n\u00e3o poder\u00e1 exceder, na sua totalidade, a 100% (cem por cento) dos quantitativos originalmente registrados na Ata de Registro de Pre\u00e7os.<\/p>\n<p class=\"Texto_Justificado\">\n<p class=\"Texto_Justificado\">Par\u00e1grafo 6\u00ba &#8211; A libera\u00e7\u00e3o de ades\u00e3o a outros entes federados n\u00e3o poder\u00e1 exceder, na sua totalidade, a 100% (cem por cento) dos quantitativos originalmente registrados na Ata de Registro de Pre\u00e7os.<\/p>\n<p class=\"Texto_Justificado\">\n<p class=\"Texto_Justificado\">Par\u00e1grafo 7\u00ba \u2013 A Ata de Registro de Pre\u00e7os ser\u00e1 assinada pela autoridade competente e pelo adjudicat\u00e1rio, vinculando-se este \u00faltimo ao cumprimento de todas as condi\u00e7\u00f5es de sua proposta cujo pre\u00e7o foi registrado e \u00e0s normas edital\u00edcias e legais durante toda a vig\u00eancia da Ata.<\/p>\n<p class=\"Texto_Justificado\">\n<p class=\"Texto_Justificado\"><strong>CL\u00c1USULA QUARTA \u2013 DAS OBRIGA\u00c7\u00d5ES E RESPONSABILIDADES DO FORNECEDOR DETENTOR DO PRE\u00c7O REGISTRADO<\/strong><\/p>\n<p class=\"Texto_Justificado\">\n<p class=\"Texto_Justificado\">Par\u00e1grafo 1\u00ba &#8211; Todos os encargos decorrentes da execu\u00e7\u00e3o do ajuste, tais como: obriga\u00e7\u00f5es civis, trabalhistas, fiscais, previdenci\u00e1rias ou quaisquer outras, ser\u00e3o de exclusiva responsabilidade do FORNECEDOR.<\/p>\n<p class=\"Texto_Justificado\">\n<p class=\"Texto_Justificado\">Par\u00e1grafo 2\u00ba &#8211; O FORNECEDOR se obriga a cumprir os termos previstos no Termo de Refer\u00eancia e a responder todas as consultas feitas pela CONTRATANTE no que se refere ao atendimento do objeto.<\/p>\n<p class=\"Texto_Justificado\">\n<p class=\"Texto_Justificado\">Par\u00e1grafo 3\u00ba &#8211; A CONTRATADA ficar\u00e1 sujeita, nos casos omissos, \u00e0s normas da Lei Federal n\u00ba 8.666\/93 e suas altera\u00e7\u00f5es posteriores.<\/p>\n<p class=\"Texto_Justificado\">\n<p class=\"Texto_Justificado\">Par\u00e1grafo 4\u00ba \u2013 O FORNECEDOR obriga-se a atender ao objeto desta Ata de acordo com as especifica\u00e7\u00f5es e crit\u00e9rios estabelecidos no Edital de Licita\u00e7\u00e3o, seus Anexos, Proposta apresentada, e ainda:<\/p>\n<p class=\"Texto_Justificado\">a) Efetuar a entrega ou prestar o servi\u00e7o conforme proposta apresentada e especifica\u00e7\u00f5es exigidas nesta Ata, assim como no Edital, executando fielmente o objeto contratado em observ\u00e2ncia \u00e0s recomenda\u00e7\u00f5es aceitas pela boa t\u00e9cnica, normas e legisla\u00e7\u00e3o;<\/p>\n<p class=\"Texto_Justificado\">b) Responder prontamente \u00e0s solicita\u00e7\u00f5es da CONTRATANTE, pessoalmente ou mediante telefone, fax, e-mail ou site a ser fornecido, ou qualquer outro meio eficiente para resolu\u00e7\u00e3o de problemas, bem como para esclarecimentos de d\u00favidas inerentes ao objeto desta Ata;<\/p>\n<p class=\"Texto_Justificado\">c) \u00c9 de responsabilidade da CONTRATADA indenizar todo e qualquer preju\u00edzo, pessoal ou material, causado no exerc\u00edcio de sua atividade, que possa advir direta ou indiretamente \u00e0 CONTRATANTE ou a terceiros, por qualquer de seus funcion\u00e1rios, representante e\/ou preposto.<\/p>\n<p class=\"Texto_Justificado\">\n<p class=\"Texto_Justificado\"><strong>CL\u00c1USULA QUINTA \u2013 DAS OBRIGA\u00c7\u00d5ES E RESPONSABILIDADES DA CONTRATANTE<\/strong><\/p>\n<p class=\"Texto_Justificado\">\n<p class=\"Texto_Justificado\">Cabe \u00e0 CONTRATANTE<\/p>\n<p class=\"Texto_Justificado\">\n<p class=\"Texto_Justificado\">a) Dar conhecimento ao titular e a empresa de quaisquer fatos que possam afetar a entrega do objeto.<\/p>\n<p class=\"Texto_Justificado\">b) Pagar, dentro dos prazos, os valores pactuados.<\/p>\n<p class=\"Texto_Justificado\">c) Notificar, formal e tempestivamente a CONTRATADA sobre as irregularidades observadas no cumprimento do contrato.<\/p>\n<p class=\"Texto_Justificado\">d) Efetuar os pagamentos nas condi\u00e7\u00f5es e pre\u00e7os pactuados mediante a aprova\u00e7\u00e3o e atesto das faturas pelo Gestor do Contrato, verificando se os pre\u00e7os apresentados s\u00e3o os mesmos praticados no mercado;<\/p>\n<p class=\"Texto_Justificado\">\n<p class=\"Texto_Justificado\"><strong>CL\u00c1USULA SEXTA \u2013 DA FISCALIZA\u00c7\u00c3O<\/strong><\/p>\n<p class=\"Texto_Justificado\">\n<p class=\"Texto_Justificado\">Par\u00e1grafo 1\u00ba \u2013 A entrega dos objetos ser\u00e1 acompanhado e fiscalizado por servidor do Estado na condi\u00e7\u00e3o de representante da CONTRATANTE (especialmente designado Gestor do Contrato), o qual ficar\u00e1 respons\u00e1vel pelo atesto do cumprimento do objeto firmado, mediante a texto na Nota Fiscal\/Fatura.<\/p>\n<p class=\"Texto_Justificado\">\n<p class=\"Texto_Justificado\">Par\u00e1grafo 2\u00ba \u2013 O Gestor do Contrato anotar\u00e1 em registro pr\u00f3prio todas as ocorr\u00eancias relacionadas com a execu\u00e7\u00e3o do contrato, comunicando \u00e0 CONTRATADA, por escrito, e determinando o que for necess\u00e1rio \u00e0 regulariza\u00e7\u00e3o das falhas e\/ou defeitos observados, fixando prazo para sua adequa\u00e7\u00e3o quando preciso.<\/p>\n<p class=\"Texto_Justificado\">\n<p class=\"Texto_Justificado\">Par\u00e1grafo 3\u00ba \u2013 As decis\u00f5es e provid\u00eancias que ultrapassarem a compet\u00eancia do representante\/Gestor do Contrato dever\u00e3o ser comunicadas e\/ou solicitadas aos seus superiores em tempo h\u00e1bil para a ado\u00e7\u00e3o das medidas convenientes.<\/p>\n<p class=\"Texto_Justificado\">\n<p class=\"Texto_Justificado\"><strong>CL\u00c1USULA S\u00c9TIMA \u2013 LOCAIS DE ENTREGA E RECEBIMENTO<\/strong><\/p>\n<p class=\"Texto_Justificado\">\n<p class=\"Texto_Justificado\">A forma de recebimento do objeto ser\u00e1 ajustada entre os CONTRATANTES e a CONTRATADA por ocasi\u00e3o da contrata\u00e7\u00e3o.<\/p>\n<p class=\"Texto_Justificado\">\n<p class=\"Texto_Justificado\"><strong>CL\u00c1USULA OITAVA \u2013 DAS CONDI\u00c7\u00d5ES PARA CONTRATA\u00c7\u00c3O<\/strong><\/p>\n<p class=\"Texto_Justificado\">\n<p class=\"Texto_Justificado\">Par\u00e1grafo 1\u00ba \u2013 Os \u00f3rg\u00e3os participantes dever\u00e3o, quando da necessidade da contrata\u00e7\u00e3o, recorrer ao \u00d3RG\u00c3O GERENCIADOR para que este proceda \u00e0 indica\u00e7\u00e3o do FORNECEDOR e respectivo pre\u00e7o a ser praticado.<\/p>\n<p class=\"Texto_Justificado\">\n<p class=\"Texto_Justificado\">Par\u00e1grafo 2\u00ba \u2013 A contrata\u00e7\u00e3o com o FORNECEDOR registrado ser\u00e1 formalizada pelo \u00f3rg\u00e3o interessado por interm\u00e9dio de Contrato. O FORNECEDOR ser\u00e1 convocado para no prazo de 03 (tr\u00eas) dias, a partir da notifica\u00e7\u00e3o, assinar o Contrato, podendo este prazo ser prorrogado, a crit\u00e9rio da Administra\u00e7\u00e3o, desde que ocorra motivo justificado.<\/p>\n<p class=\"Texto_Justificado\">\n<p class=\"Texto_Justificado\">Par\u00e1grafo 3\u00ba \u2013 A recusa injustificada do FORNECEDOR registrado em assinar o contrato caracteriza o descumprimento total da obriga\u00e7\u00e3o assumida, sujeitando-o \u00e0s penalidades previstas em lei.<\/p>\n<p class=\"Texto_Justificado\">\n<p class=\"Texto_Justificado\">Par\u00e1grafo 4\u00ba \u2013 O Per\u00edodo de vig\u00eancia improrrog\u00e1vel da Ata ser\u00e1 de 1 (um) ano, contados a partir de sua assinatura, e efic\u00e1cia a partir da publica\u00e7\u00e3o no Di\u00e1rio Oficial do Estado de Goi\u00e1s.<\/p>\n<p class=\"Texto_Justificado\">\n<p class=\"Texto_Justificado\">Par\u00e1grafo 5\u00ba \u2013 Como condi\u00e7\u00e3o para celebra\u00e7\u00e3o do contrato e durante a vig\u00eancia contratual, o FORNECEDOR registrado dever\u00e1 manter as mesmas condi\u00e7\u00f5es de habilita\u00e7\u00e3o e qualifica\u00e7\u00e3o exigidas na licita\u00e7\u00e3o.<\/p>\n<p class=\"Texto_Justificado\">\n<p class=\"Texto_Justificado\">Par\u00e1grafo 6\u00ba \u2013 Como condi\u00e7\u00e3o para celebra\u00e7\u00e3o do contrato e durante a vig\u00eancia do ajuste, sempre que a Administra\u00e7\u00e3o o requerer o FORNECEDOR dever\u00e1 apresentar rela\u00e7\u00e3o de todos os s\u00f3cios que comp\u00f5em seu quadro social.<\/p>\n<p class=\"Texto_Justificado\">\n<p class=\"Texto_Justificado\"><strong>CL\u00c1USULA NONA \u2013 DO FATURAMENTO, DO PAGAMENTO E DO REAJUSTAMENTO<\/strong><\/p>\n<p class=\"Texto_Justificado\">\n<p class=\"Texto_Justificado\">Par\u00e1grafo 1\u00ba \u2013 O pagamento ser\u00e1 efetuado ao fornecedor, ap\u00f3s a efetiva\u00e7\u00e3o da entrega, atrav\u00e9s do setor competente do \u00f3rg\u00e3o requisitante em at\u00e9 30 (trinta) dias, a contar da data de recebimento definitivo do produto e aprovado os termos das Notas Fiscais, acompanhado dos documentos fiscais.<\/p>\n<p class=\"Texto_Justificado\">\n<p class=\"Texto_Justificado\">Par\u00e1grafo 2\u00ba \u2013 Para efeito de libera\u00e7\u00e3o do pagamento, a regularidade jur\u00eddica e fiscal dever\u00e1 ser comprovada pelos documentos h\u00e1beis ou por meio do Certificado de Registro Cadastral \u2013 CRC, e outros documentos que possam ser considerados pertinentes pelo Setor Financeiro do \u00f3rg\u00e3o da CONTRATANTE.<\/p>\n<p class=\"Texto_Justificado\">\n<p class=\"Texto_Justificado\">Par\u00e1grafo 3\u00ba \u2013 N\u00e3o ser\u00e1 efetuado qualquer pagamento \u00e0 CONTRATADA enquanto houver pend\u00eancia de liquida\u00e7\u00e3o da obriga\u00e7\u00e3o financeira em virtude de penalidade ou inadimpl\u00eancia contratual.<\/p>\n<p class=\"Texto_Justificado\">\n<p class=\"Texto_Justificado\">Par\u00e1grafo 4\u00ba \u2013 Caso a CONTRATANTE n\u00e3o demande o valor total estimado do Contrato, n\u00e3o ser\u00e1 devido \u00e0 CONTRATADA qualquer indeniza\u00e7\u00e3o.<\/p>\n<p class=\"Texto_Justificado\">\n<p class=\"Texto_Justificado\">Par\u00e1grafo 5\u00ba \u2013 A CONTRATANTE reserva-se ao direito de recusar a efetuar o pagamento se o objeto n\u00e3o estiver de acordo com as especifica\u00e7\u00f5es constantes esta Ata e, ainda, em conformidade com o Edital de Licita\u00e7\u00e3o.<\/p>\n<p class=\"Texto_Justificado\">\n<p class=\"Texto_Justificado\">Par\u00e1grafo 6\u00ba \u2013 Na ocorr\u00eancia de rejei\u00e7\u00e3o da (s) Nota (s) Fiscal (is), motivada por erro ou incorre\u00e7\u00f5es, ser\u00e1 a mesma restitu\u00edda \u00e0 CONTRATADA para as corre\u00e7\u00f5es necess\u00e1rias, devendo ser alteradas as datas de vencimento, n\u00e3o respondendo a CONTRATANTE por quaisquer encargos resultantes de atrasos na liquida\u00e7\u00e3o dos pagamentos correspondentes; o prazo para o pagamento estipulado acima passar\u00e1 a ser contado a partir da data da sua reapresenta\u00e7\u00e3o.<\/p>\n<p class=\"Texto_Justificado\">\n<p class=\"Texto_Justificado\">Par\u00e1grafo 7\u00ba \u2013 Ocorrendo atraso no pagamento sem que a CONTRATADA tenha para tal concorrido, ela far\u00e1 jus \u00e0 compensa\u00e7\u00e3o financeira devida, desde a data limite fixada para pagamento at\u00e9 a data correspondente ao efetivo pagamento da parcela. Os encargos morat\u00f3rios pelo atraso no pagamento ser\u00e3o calculados pela seguinte f\u00f3rmula:<\/p>\n<p class=\"Texto_Justificado\">EM = N x Vp x (I \/ 365) onde:<\/p>\n<p class=\"Texto_Justificado\">EM = Encargos morat\u00f3rios a serem pagos pelo atraso de pagamento;<\/p>\n<p class=\"Texto_Justificado\">N = N\u00fameros de dias em atraso, contados da data limite fixada para pagamento e a<\/p>\n<p class=\"Texto_Justificado\">data do efetivo pagamento;<\/p>\n<p class=\"Texto_Justificado\">Vp = Valor da parcela em atraso;<\/p>\n<p class=\"Texto_Justificado\">I = IPCA anual acumulado (\u00cdndice de Pre\u00e7os ao Consumidor Ampliado do IBGE)\/100.<\/p>\n<p class=\"Texto_Justificado\">\n<p class=\"Texto_Justificado\"><strong>CL\u00c1USULA D\u00c9CIMA \u2013 DOS RECURSOS OR\u00c7AMENT\u00c1RIOS<\/strong><\/p>\n<p class=\"Texto_Justificado\">\n<p class=\"Texto_Justificado\">Par\u00e1grafo \u00danico &#8211; As despesas decorrentes da contrata\u00e7\u00e3o do objeto correr\u00e3o \u00e0 conta dos recursos consignados no or\u00e7amento dos \u00d3rg\u00e3os e Entidades participantes do Registro de Pre\u00e7os, para os exerc\u00edcios alcan\u00e7ados pelo prazo de validade da Ata de Registro de Pre\u00e7os, a cargo do contratante, cujos programas de trabalho e elementos de despesas espec\u00edficos constar\u00e3o da respectiva Nota de Empenho.<\/p>\n<p class=\"Texto_Justificado\">\n<p class=\"Texto_Justificado\"><strong>CL\u00c1USULA D\u00c9CIMA PRIMEIRA \u2013 DA ALTERA\u00c7\u00c3O DOS PRE\u00c7OS REGISTRADOS<\/strong><\/p>\n<p class=\"Texto_Justificado\">\n<p class=\"Texto_Justificado\">Par\u00e1grafo 1\u00ba \u2013 A Ata, excepcionalmente, mediante justificativa da autoridade competente, poder\u00e1 sofrer altera\u00e7\u00f5es, obedecidas \u00e0s disposi\u00e7\u00f5es legais.<\/p>\n<p class=\"Texto_Justificado\">\n<p class=\"Texto_Justificado\">Par\u00e1grafo 2\u00ba \u2013 O pre\u00e7o registrado poder\u00e1 ser revisto em decorr\u00eancia de eventual redu\u00e7\u00e3o daqueles praticados no mercado, ou de fato que eleve o custo dos servi\u00e7os ou bens registrados, cabendo ao \u00d3RG\u00c3O GERENCIADOR promover as necess\u00e1rias negocia\u00e7\u00f5es junto aos FORNECEDORES.<\/p>\n<p class=\"Texto_Justificado\">\n<p class=\"Texto_Justificado\">Par\u00e1grafo 3\u00ba \u2013 Quando o pre\u00e7o inicialmente registrado por motivo superveniente tornar-se superior ao pre\u00e7o praticado no mercado o \u00d3RG\u00c3O GERENCIADOR dever\u00e1:<\/p>\n<p class=\"Texto_Justificado\">a) convocar o FORNECEDOR visando a negocia\u00e7\u00e3o para redu\u00e7\u00e3o de pre\u00e7os e sua adequa\u00e7\u00e3o ao praticado pelo mercado;<\/p>\n<p class=\"Texto_Justificado\">b) frustrada a negocia\u00e7\u00e3o, o FORNECEDOR ser\u00e1 liberado do compromisso assumido;<\/p>\n<p class=\"Texto_Justificado\">c) convocar os demais fornecedores visando a igual oportunidade de negocia\u00e7\u00e3o.<\/p>\n<p class=\"Texto_Justificado\">\n<p class=\"Texto_Justificado\">Par\u00e1grafo 4\u00ba \u2013 Quando o pre\u00e7o de mercado tornar-se superior ao pre\u00e7o registrado e o fornecedor, mediante requerimento devidamente comprovado, n\u00e3o puder cumprir o compromisso, o \u00d3RG\u00c3O GERENCIADOR poder\u00e1:<\/p>\n<p class=\"Texto_Justificado\">a) liberar o FORNECEDOR do compromisso assumido, sem aplica\u00e7\u00e3o da penalidade, confirmando a veracidade dos motivos e comprovantes apresentados, e se a comunica\u00e7\u00e3o ocorrer antes do pedido de fornecimento;<\/p>\n<p class=\"Texto_Justificado\">b) convocar os demais fornecedores visando a igual oportunidade de negocia\u00e7\u00e3o.<\/p>\n<p class=\"Texto_Justificado\">\n<p class=\"Texto_Justificado\">Par\u00e1grafo 5\u00ba \u2013 N\u00e3o havendo \u00eaxito nas negocia\u00e7\u00f5es, o \u00d3RG\u00c3O GERENCIADOR dever\u00e1 proceder \u00e0 revoga\u00e7\u00e3o da Ata, adotando as medidas cab\u00edveis para obten\u00e7\u00e3o da contrata\u00e7\u00e3o mais vantajosa.<\/p>\n<p class=\"Texto_Justificado\">\n<p class=\"Texto_Justificado\"><strong>CL\u00c1USULA D\u00c9CIMA SEGUNDA \u2013 DO CANCELAMENTO DO REGISTRO<\/strong><\/p>\n<p class=\"Texto_Justificado\">\n<p class=\"Texto_Justificado\">Par\u00e1grafo 1\u00ba \u2013 O FORNECEDOR ter\u00e1 seu registro cancelado quando:<\/p>\n<p class=\"Texto_Justificado\">a) descumprir as condi\u00e7\u00f5es da Ata de Registro de Pre\u00e7os;<\/p>\n<p class=\"Texto_Justificado\">b) n\u00e3o retirar a respectiva nota de empenho ou instrumento equivalente, no prazo estabelecido pela Administra\u00e7\u00e3o, sem justificativa aceit\u00e1vel;<\/p>\n<p class=\"Texto_Justificado\">c) n\u00e3o aceitar reduzir o seu pre\u00e7o registrado, na hip\u00f3tese de este se tornar superior \u00e0queles praticados no mercado;<\/p>\n<p class=\"Texto_Justificado\">d) tiver presentes raz\u00f5es de interesse p\u00fablico;<\/p>\n<p class=\"Texto_Justificado\">e) por inidoneidade superveniente ou comportamento irregular do benefici\u00e1rio, ou, ainda, no caso de substancial altera\u00e7\u00e3o das condi\u00e7\u00f5es do mercado.<\/p>\n<p class=\"Texto_Justificado\">\n<p class=\"Texto_Justificado\">Par\u00e1grafo 2\u00ba \u2013 O cancelamento de registro, nas hip\u00f3teses previstas no par\u00e1grafo anterior, assegurados o contradit\u00f3rio e a ampla defesa, ser\u00e1 formalizado por despacho da autoridade competente do \u00d3RG\u00c3O GERENCIADOR.<\/p>\n<p class=\"Texto_Justificado\">\n<p class=\"Texto_Justificado\">Par\u00e1grafo 3\u00ba \u2013 O FORNECEDOR poder\u00e1 solicitar o cancelamento do seu registro de pre\u00e7o na ocorr\u00eancia de fato superveniente que venha comprometer a perfeita execu\u00e7\u00e3o contratual, decorrente de caso fortuito ou de for\u00e7a maior devidamente comprovados.<\/p>\n<p class=\"Texto_Justificado\">\n<p class=\"Texto_Justificado\">Par\u00e1grafo 4\u00ba \u2013 A Ata de Registro de Pre\u00e7o ser\u00e1 cancelada automaticamente:<\/p>\n<p class=\"Texto_Justificado\">a) por decurso de prazo de vig\u00eancia.<\/p>\n<p class=\"Texto_Justificado\">b) quando n\u00e3o restarem fornecedores registrados.<\/p>\n<p class=\"Texto_Justificado\">\n<p class=\"Texto_Justificado\"><strong>CL\u00c1USULA<\/strong> <strong>D\u00c9CIMA TERCEIRA \u2013 DAS PENALIDADES<\/strong><\/p>\n<p class=\"Texto_Justificado\">\n<p class=\"Texto_Justificado\">Par\u00e1grafo 1\u00ba \u2013 O descumprimento das obriga\u00e7\u00f5es assumidas e demais condi\u00e7\u00f5es desta Ata sujeitar\u00e1 o FORNECEDOR \u00e0s san\u00e7\u00f5es previstas Artigos 86 a 88 da Lei Federal n\u00ba 8.666\/93.<\/p>\n<p class=\"Texto_Justificado\">\n<p class=\"Texto_Justificado\">Par\u00e1grafo 2\u00ba \u2013 A inexecu\u00e7\u00e3o contratual, inclusive por atraso injustificado na execu\u00e7\u00e3o do contrato, sujeitar\u00e1 a contratada, al\u00e9m das penalidades referidas no item anterior, a multa de mora, graduada de acordo com a gravidade da infra\u00e7\u00e3o, obedecidos aos seguintes limites m\u00e1ximos:<\/p>\n<p class=\"Texto_Justificado\">I \u2013 10% (dez por cento) sobre o valor do contrato, em caso de descumprimento total da obriga\u00e7\u00e3o, inclusive no caso de recusa do adjudicat\u00e1rio em firmar o contrato, dentro de 10 (dez) dias contados da data de sua convoca\u00e7\u00e3o;<\/p>\n<p class=\"Texto_Justificado\">II \u2013 0,3% (tr\u00eas d\u00e9cimos por cento) sobre o valor da parte do fornecimento n\u00e3o realizado, por cada dia subseq\u00fcente ao trig\u00e9simo dia de atraso;<\/p>\n<p class=\"Texto_Justificado\">III \u2013 0,7% (sete d\u00e9cimos por cento) sobre o valor da parte do fornecimento n\u00e3o realizado, por cada dia subseq\u00fcente ao trig\u00e9simo.<\/p>\n<p class=\"Texto_Justificado\">\n<p class=\"Texto_Justificado\">Par\u00e1grafo 3\u00ba \u2013 Antes da aplica\u00e7\u00e3o de qualquer penalidade ser\u00e1 garantido \u00e0 CONTRATADA o contradit\u00f3rio e a ampla defesa. A multa ser\u00e1 descontada dos pagamentos eventualmente devidos pela CONTRATANTE ou ainda, quando for o caso, cobrada judicialmente.<\/p>\n<p class=\"Texto_Justificado\">\n<p class=\"Texto_Justificado\"><strong>CL\u00c1USULA D\u00c9CIMA QUARTA \u2013 DO \u00d3RG\u00c3O GERENCIADOR E DO GERENCIAMENTO DA ATA<\/strong><\/p>\n<p class=\"Texto_Justificado\">\n<p class=\"Texto_Justificado\">Par\u00e1grafo 1\u00ba \u2013 Caber\u00e1 ao \u00d3RG\u00c3O GERENCIADOR a pr\u00e1tica de todos os atos de controle e administra\u00e7\u00e3o do Sistema de Registro de Pre\u00e7os nos termos da Lei.<\/p>\n<p class=\"Texto_Justificado\">\n<p class=\"Texto_Justificado\">Par\u00e1grafo 2\u00ba \u2013 O Gestor respons\u00e1vel em gerir esta Ata de Registro de Pre\u00e7os ser\u00e1 o servidor JANISON CALIXTO DOS SANTOS, designado atrav\u00e9s da Portaria n\u00ba 0617\/2018\/SSP.<\/p>\n<p class=\"Texto_Justificado\">\n<p class=\"Texto_Justificado\"><strong>CL\u00c1USULA D\u00c9CIMA QUINTA \u2013 DO FORO<\/strong><\/p>\n<p class=\"Texto_Justificado\">\n<p class=\"Texto_Justificado\"><strong>Par\u00e1grafo 1\u00ba \u2013 <\/strong><strong>Integram esta Ata, a proposta vencedora do <\/strong><strong>FORNECEDOR<\/strong><strong>, bem como o Edital do Preg\u00e3o Eletr\u00f4nico SRP n\u00b0 021\/2018 e seus anexos, independente de transcri\u00e7\u00e3o.<\/strong><\/p>\n<p class=\"Texto_Justificado\">\n<p class=\"Texto_Justificado\">Par\u00e1grafo 2\u00ba \u2013 Todas as altera\u00e7\u00f5es que se fizerem necess\u00e1rias ser\u00e3o registradas por interm\u00e9dio de Termo Aditivo \u00e0 presente Ata de Registro de Pre\u00e7os.<\/p>\n<p class=\"Texto_Justificado\">\n<p class=\"Texto_Justificado\">Par\u00e1grafo 3\u00ba \u2013 Fica eleito o foro de Goi\u00e2nia para dirimir d\u00favidas ou quest\u00f5es oriundas do presente instrumento.<\/p>\n<p class=\"Texto_Justificado\">\n<p class=\"Texto_Justificado\">E, por as estarem ajustadas e compromissadas, as partes assinam a presente ATA DE REGISTRO DE PRE\u00c7OS.<\/p>\n<p class=\"Texto_Justificado\">\n<p class=\"Texto_Justificado\">GABINETE DO SECRET\u00c1RIO DE ESTADO DA SEGURAN\u00c7A P\u00daBLICA, em Goi\u00e2nia, aos 31 dias do m\u00eas de agosto de 2018.<\/p>\n<p>&nbsp;<\/p>\n<p align=\"center\"><strong>PELO <\/strong><strong>\u00d3RG\u00c3O GERENCIADOR:<\/strong><\/p>\n<p align=\"center\">\n<p align=\"center\">\n<p align=\"center\">Irapu\u00e3 Costa Junior<\/p>\n<p align=\"center\">Secret\u00e1rio de Estado da Seguran\u00e7a P\u00fablica<\/p>\n<p align=\"center\">\n<p align=\"center\">\n<p align=\"center\">Janison Calixto dos Santos<\/p>\n<p align=\"center\">Gestor da Ata de Registro de Pre\u00e7os<\/p>\n<p align=\"center\">\n<p>&nbsp;<\/p>\n<p align=\"center\"><strong>PELO FORNECEDOR:<\/strong><\/p>\n<p align=\"center\">\n<p align=\"center\">\n<p align=\"center\">Eduardo Pereira dos Santos<\/p>\n<p align=\"center\">Representante Legal<\/p>\n","protected":false},"excerpt":{"rendered":"<p>ATA DE REGISTRO DE PRE\u00c7OS N\u00ba 004\/2018 &nbsp; Aos 31 dias do m\u00eas de agosto de 2018, pelo presente instrumento, a SECRETARIA DE ESTADO DA SEGURAN\u00c7A P\u00daBLICA &#8211; SSP, \u00d3RG\u00c3O GERENCIADOR, inscrita no CNPJ sob o n\u00ba 01.409.606\/0001-48 representada pelo seu titular, SR. IRAPUAN COSTA J\u00daNIOR, brasileiro, residente e domiciliado nesta capital, CPF\/MF sob o [&hellip;]<\/p>\n","protected":false},"author":3,"featured_media":0,"comment_status":"closed","ping_status":"closed","sticky":false,"template":"","format":"standard","meta":{"footnotes":"","_links_to":"","_links_to_target":""},"categories":[16],"tags":[],"class_list":["post-34472","post","type-post","status-publish","format-standard","hentry","category-extratos"],"rttpg_featured_image_url":null,"rttpg_author":{"display_name":"joanaredator","author_link":"https:\/\/goias.gov.br\/seguranca\/author\/joanaredator\/"},"rttpg_comment":0,"rttpg_category":"<a href=\"https:\/\/goias.gov.br\/seguranca\/categoria\/extratos\/\" rel=\"category tag\">Extratos<\/a>","rttpg_excerpt":"ATA DE REGISTRO DE PRE\u00c7OS N\u00ba 004\/2018 &nbsp; Aos 31 dias do m\u00eas de agosto de 2018, pelo presente instrumento, a SECRETARIA DE ESTADO DA SEGURAN\u00c7A P\u00daBLICA &#8211; SSP, \u00d3RG\u00c3O GERENCIADOR, inscrita no CNPJ sob o n\u00ba 01.409.606\/0001-48 representada pelo seu titular, SR. IRAPUAN COSTA J\u00daNIOR, brasileiro, residente e domiciliado nesta capital, CPF\/MF sob o&hellip;","_links":{"self":[{"href":"https:\/\/goias.gov.br\/seguranca\/wp-json\/wp\/v2\/posts\/34472","targetHints":{"allow":["GET"]}}],"collection":[{"href":"https:\/\/goias.gov.br\/seguranca\/wp-json\/wp\/v2\/posts"}],"about":[{"href":"https:\/\/goias.gov.br\/seguranca\/wp-json\/wp\/v2\/types\/post"}],"author":[{"embeddable":true,"href":"https:\/\/goias.gov.br\/seguranca\/wp-json\/wp\/v2\/users\/3"}],"replies":[{"embeddable":true,"href":"https:\/\/goias.gov.br\/seguranca\/wp-json\/wp\/v2\/comments?post=34472"}],"version-history":[{"count":0,"href":"https:\/\/goias.gov.br\/seguranca\/wp-json\/wp\/v2\/posts\/34472\/revisions"}],"wp:attachment":[{"href":"https:\/\/goias.gov.br\/seguranca\/wp-json\/wp\/v2\/media?parent=34472"}],"wp:term":[{"taxonomy":"category","embeddable":true,"href":"https:\/\/goias.gov.br\/seguranca\/wp-json\/wp\/v2\/categories?post=34472"},{"taxonomy":"post_tag","embeddable":true,"href":"https:\/\/goias.gov.br\/seguranca\/wp-json\/wp\/v2\/tags?post=34472"}],"curies":[{"name":"wp","href":"https:\/\/api.w.org\/{rel}","templated":true}]}}