

{"id":32774,"date":"2018-06-27T11:17:36","date_gmt":"2018-06-27T14:17:36","guid":{"rendered":"http:\/\/www.ssp.go.gov.br\/?p=32774"},"modified":"2018-06-27T11:17:36","modified_gmt":"2018-06-27T14:17:36","slug":"inauguradas-novas-instalacoes-das-forcas-policiais-de-aragarcas","status":"publish","type":"post","link":"https:\/\/goias.gov.br\/seguranca\/inauguradas-novas-instalacoes-das-forcas-policiais-de-aragarcas\/","title":{"rendered":"Inauguradas novas instala\u00e7\u00f5es das for\u00e7as policiais de Aragar\u00e7as"},"content":{"rendered":"<p><img fetchpriority=\"high\" decoding=\"async\" class=\"size-large wp-image-32777 aligncenter\" src=\"https:\/\/goias.gov.br\/seguranca\/wp-content\/uploads\/sites\/56\/2018\/06\/inauguradas-novas-instalacoes-das-forcas-policiais-de-aragarcas-2-710x473.jpeg\" alt=\"\" width=\"710\" height=\"473\" \/><\/p>\n<p style=\"text-align: center\"><strong><em>Medida vai garantir ainda mais efetividade nas a\u00e7\u00f5es de combate \u00e0 criminalidade na regi\u00e3o<\/em><\/strong><\/p>\n<p>O governador Jos\u00e9 Eliton e o secret\u00e1rio de Seguran\u00e7a P\u00fablica, Irapuan Costa J\u00fanior, inauguraram nesta sexta-feira (26\/06), as novas instala\u00e7\u00f5es das for\u00e7as policiais de Aragar\u00e7as: os pr\u00e9dios da 4\u00aa Companhia Independente da Pol\u00edcia Militar de Goi\u00e1s (CIPM), o N\u00facleo de Pol\u00edtica T\u00e9cnico-Cient\u00edfica, o Grupo de Patrulhamento T\u00e1tico (GPT) e do Comando de Opera\u00e7\u00f5es de Divisas (COD).<\/p>\n<p>Em seu discurso, Jos\u00e9 Eliton destacou os avan\u00e7os do Governo de Goi\u00e1s em seguran\u00e7a. \u201cEstamos construindo um sistema cada vez mais eficiente no combate \u00e0 criminalidade\u201d, destacou o governador.<\/p>\n<p>Para o secret\u00e1rio Irapuan Costa J\u00fanior, as novas instala\u00e7\u00f5es v\u00e3o contribuir para que o trabalho das for\u00e7as policiais atuem de forma cada vez mais efetiva na regi\u00e3o. \u201cNossas pol\u00edcias fazem um trabalho extraordin\u00e1rio. Os novos espa\u00e7os ser\u00e3o fundamentais para ampliar e melhorar ainda mais as atividades da corpora\u00e7\u00e3o\u201d, disse.<\/p>\n<p>Diversas autoridades acompanharam a agenda. Entre elas, o presidente da Goi\u00e1s Turismo, Leandor Garcia, prefeitos, vereadores e outras lideran\u00e7as da regi\u00e3o do Oeste goiano.<\/p>\n<p><strong>FOTOS: WAGMAS CABRAL<\/strong><\/p>\n<p><strong>Comunica\u00e7\u00e3o Setorial<\/strong><br \/>\n<strong>Secretaria de Seguran\u00e7a P\u00fablica<\/strong><br \/>\n<strong>(62) 3201-1004<\/strong><\/p>\n<p>&nbsp;<\/p>\n\n","protected":false},"excerpt":{"rendered":"<p>Medida vai garantir ainda mais efetividade nas a\u00e7\u00f5es de combate \u00e0 criminalidade na regi\u00e3o O governador Jos\u00e9 Eliton e o secret\u00e1rio de Seguran\u00e7a P\u00fablica, Irapuan Costa J\u00fanior, inauguraram nesta sexta-feira (26\/06), as novas instala\u00e7\u00f5es das for\u00e7as policiais de Aragar\u00e7as: os pr\u00e9dios da 4\u00aa Companhia Independente da Pol\u00edcia Militar de Goi\u00e1s (CIPM), o N\u00facleo de Pol\u00edtica [&hellip;]<\/p>\n","protected":false},"author":3,"featured_media":32777,"comment_status":"closed","ping_status":"closed","sticky":false,"template":"","format":"standard","meta":{"footnotes":"","_links_to":"","_links_to_target":""},"categories":[11],"tags":[],"class_list":["post-32774","post","type-post","status-publish","format-standard","has-post-thumbnail","hentry","category-ultimo-segundo"],"rttpg_featured_image_url":null,"rttpg_author":{"display_name":"joanaredator","author_link":"https:\/\/goias.gov.br\/seguranca\/author\/joanaredator\/"},"rttpg_comment":0,"rttpg_category":"<a href=\"https:\/\/goias.gov.br\/seguranca\/categoria\/ultimo-segundo\/\" rel=\"category tag\">\u00daltimo Segundo<\/a>","rttpg_excerpt":"Medida vai garantir ainda mais efetividade nas a\u00e7\u00f5es de combate \u00e0 criminalidade na regi\u00e3o O governador Jos\u00e9 Eliton e o secret\u00e1rio de Seguran\u00e7a P\u00fablica, Irapuan Costa J\u00fanior, inauguraram nesta sexta-feira (26\/06), as novas instala\u00e7\u00f5es das for\u00e7as policiais de Aragar\u00e7as: os pr\u00e9dios da 4\u00aa Companhia Independente da Pol\u00edcia Militar de Goi\u00e1s (CIPM), o N\u00facleo de Pol\u00edtica&hellip;","_links":{"self":[{"href":"https:\/\/goias.gov.br\/seguranca\/wp-json\/wp\/v2\/posts\/32774","targetHints":{"allow":["GET"]}}],"collection":[{"href":"https:\/\/goias.gov.br\/seguranca\/wp-json\/wp\/v2\/posts"}],"about":[{"href":"https:\/\/goias.gov.br\/seguranca\/wp-json\/wp\/v2\/types\/post"}],"author":[{"embeddable":true,"href":"https:\/\/goias.gov.br\/seguranca\/wp-json\/wp\/v2\/users\/3"}],"replies":[{"embeddable":true,"href":"https:\/\/goias.gov.br\/seguranca\/wp-json\/wp\/v2\/comments?post=32774"}],"version-history":[{"count":0,"href":"https:\/\/goias.gov.br\/seguranca\/wp-json\/wp\/v2\/posts\/32774\/revisions"}],"wp:featuredmedia":[{"embeddable":true,"href":"https:\/\/goias.gov.br\/seguranca\/wp-json\/"}],"wp:attachment":[{"href":"https:\/\/goias.gov.br\/seguranca\/wp-json\/wp\/v2\/media?parent=32774"}],"wp:term":[{"taxonomy":"category","embeddable":true,"href":"https:\/\/goias.gov.br\/seguranca\/wp-json\/wp\/v2\/categories?post=32774"},{"taxonomy":"post_tag","embeddable":true,"href":"https:\/\/goias.gov.br\/seguranca\/wp-json\/wp\/v2\/tags?post=32774"}],"curies":[{"name":"wp","href":"https:\/\/api.w.org\/{rel}","templated":true}]}}