

{"id":32723,"date":"2018-06-26T08:00:40","date_gmt":"2018-06-26T11:00:40","guid":{"rendered":"http:\/\/www.ssp.go.gov.br\/?p=32723"},"modified":"2018-06-26T08:00:40","modified_gmt":"2018-06-26T11:00:40","slug":"portaria-0516-2018-ssp","status":"publish","type":"post","link":"https:\/\/goias.gov.br\/seguranca\/portaria-0516-2018-ssp\/","title":{"rendered":"Portaria 0516 &#8211; 2018 &#8211; SSP."},"content":{"rendered":"<p><a href=\"https:\/\/goias.gov.br\/seguranca\/wp-content\/uploads\/sites\/56\/2018\/06\/portaria-0516-2018-ssp.pdf\" target=\"_blank\" rel=\"noopener\">Portaria 0516 &#8211; 2018 &#8211; SSP<\/a><\/p>\n<p style=\"text-align: center\">Portaria 0516\/2018 &#8211; SSP<\/p>\n<p>O Secret\u00e1rio de Estado da Seguran\u00e7a P\u00fablica de Goi\u00e1s no uso da compet\u00eancia que lhe foi delegada pelo Art. 1\u00b0, inciso III, do Decreto 9.248, de 19 de junho de 2018; a Lei n\u00ba 8.033, de 02 de dezembro de 1975, em especial arts. 6\u00ba e 92\u00b0; o Art. 1\u00ba da Lei n\u00ba 19.966 de 11 de janeiro de 2018, e o que consta no Processo\/SEI n\u00b0 201800002026520,<\/p>\n<p>RESOLVE:<\/p>\n<p>Art. 1\u00ba Convocar o 1\u00b0 SARGENTO PM 18.655 ADELSON SPEDINI DE ARAUJO,<\/p>\n<p>inscrito no CPF: 062.700.048-70, dos quadros da Pol\u00edcia Militar, da reserva remunerada, para o servi\u00e7o ativo, sendo conveniente o retorno do militar para o servi\u00e7o p\u00fablico, em car\u00e1ter transit\u00f3rio, com o prazo de 24 (vinte e quatro) meses prorrog\u00e1vel por igual per\u00edodo conforme interesse da Administra\u00e7\u00e3o, para servi\u00e7os operacionais e administrativos pr\u00f3prios da Pol\u00edciaMilitar;<\/p>\n<p>Art. 2\u00ba O militar convocado nos termos desta Portaria ter\u00e1 os direitos e deveres dos da ativa de igual situa\u00e7\u00e3o hier\u00e1rquica, exceto quanto \u00e0 promo\u00e7\u00e3o, a qual n\u00e3o concorrer\u00e1, a indeniza\u00e7\u00e3o de convoca\u00e7\u00e3o n\u00e3o integrar\u00e1 a base de c\u00e1lculo para concess\u00e3o de qualquer outra vantagem pecuni\u00e1ria, inclusive para efeito de reforma, transfer\u00eancia para reserva remunerada e contribui\u00e7\u00e3o previdenci\u00e1ria e est\u00e1 sujeito \u00e0s normas administrativas e de servi\u00e7o em vigor nos \u00f3rg\u00e3os onde tiverem atua\u00e7\u00e3o;<\/p>\n<p>Art.\u00a0\u00a0 3\u00ba\u00a0\u00a0 Determinar\u00a0\u00a0 o\u00a0\u00a0 encaminhamento\u00a0\u00a0 desta\u00a0\u00a0 Portaria \u00a0ao\u00a0\u00a0 Comando-Geral\u00a0 da\u00a0 \u00a0Pol\u00edcia\u00a0\u00a0\u00a0 Militar, \u00e0 Superintend\u00eancia de Gest\u00e3o, Planejamento e Finan\u00e7as desta Pasta para conhecimento e demais provid\u00eancias.<\/p>\n<p>PUBLIQUE-SE.<\/p>\n<p>Gabinete do Secret\u00e1rio da Seguran\u00e7a P\u00fablica do Estado de Goi\u00e1s, em Goi\u00e2nia, aos 22 dias do m\u00eas de junho de 2018.<\/p>\n<p>IRAPUAN COSTA J\u00daNIOR<\/p>\n<p>Secret\u00e1rio<\/p>\n<p>&nbsp;<\/p>\n<p>&nbsp;<\/p>\n","protected":false},"excerpt":{"rendered":"<p>Portaria 0516 &#8211; 2018 &#8211; SSP Portaria 0516\/2018 &#8211; SSP O Secret\u00e1rio de Estado da Seguran\u00e7a P\u00fablica de Goi\u00e1s no uso da compet\u00eancia que lhe foi delegada pelo Art. 1\u00b0, inciso III, do Decreto 9.248, de 19 de junho de 2018; a Lei n\u00ba 8.033, de 02 de dezembro de 1975, em especial arts. 6\u00ba [&hellip;]<\/p>\n","protected":false},"author":3,"featured_media":0,"comment_status":"closed","ping_status":"closed","sticky":false,"template":"","format":"standard","meta":{"footnotes":"","_links_to":"","_links_to_target":""},"categories":[12],"tags":[],"class_list":["post-32723","post","type-post","status-publish","format-standard","hentry","category-portarias"],"rttpg_featured_image_url":null,"rttpg_author":{"display_name":"joanaredator","author_link":"https:\/\/goias.gov.br\/seguranca\/author\/joanaredator\/"},"rttpg_comment":0,"rttpg_category":"<a href=\"https:\/\/goias.gov.br\/seguranca\/categoria\/portarias\/\" rel=\"category tag\">Portarias<\/a>","rttpg_excerpt":"Portaria 0516 &#8211; 2018 &#8211; SSP Portaria 0516\/2018 &#8211; SSP O Secret\u00e1rio de Estado da Seguran\u00e7a P\u00fablica de Goi\u00e1s no uso da compet\u00eancia que lhe foi delegada pelo Art. 1\u00b0, inciso III, do Decreto 9.248, de 19 de junho de 2018; a Lei n\u00ba 8.033, de 02 de dezembro de 1975, em especial arts. 6\u00ba&hellip;","_links":{"self":[{"href":"https:\/\/goias.gov.br\/seguranca\/wp-json\/wp\/v2\/posts\/32723","targetHints":{"allow":["GET"]}}],"collection":[{"href":"https:\/\/goias.gov.br\/seguranca\/wp-json\/wp\/v2\/posts"}],"about":[{"href":"https:\/\/goias.gov.br\/seguranca\/wp-json\/wp\/v2\/types\/post"}],"author":[{"embeddable":true,"href":"https:\/\/goias.gov.br\/seguranca\/wp-json\/wp\/v2\/users\/3"}],"replies":[{"embeddable":true,"href":"https:\/\/goias.gov.br\/seguranca\/wp-json\/wp\/v2\/comments?post=32723"}],"version-history":[{"count":0,"href":"https:\/\/goias.gov.br\/seguranca\/wp-json\/wp\/v2\/posts\/32723\/revisions"}],"wp:attachment":[{"href":"https:\/\/goias.gov.br\/seguranca\/wp-json\/wp\/v2\/media?parent=32723"}],"wp:term":[{"taxonomy":"category","embeddable":true,"href":"https:\/\/goias.gov.br\/seguranca\/wp-json\/wp\/v2\/categories?post=32723"},{"taxonomy":"post_tag","embeddable":true,"href":"https:\/\/goias.gov.br\/seguranca\/wp-json\/wp\/v2\/tags?post=32723"}],"curies":[{"name":"wp","href":"https:\/\/api.w.org\/{rel}","templated":true}]}}