

{"id":298049,"date":"2026-04-06T15:40:29","date_gmt":"2026-04-06T18:40:29","guid":{"rendered":"https:\/\/goias.gov.br\/seguranca\/?p=298049"},"modified":"2026-04-06T15:40:29","modified_gmt":"2026-04-06T18:40:29","slug":"policia-militar-frustra-furto-em-obra-e-prende-suspeito-em-flagrante-em-aparecida-de-goiania","status":"publish","type":"post","link":"https:\/\/goias.gov.br\/seguranca\/policia-militar-frustra-furto-em-obra-e-prende-suspeito-em-flagrante-em-aparecida-de-goiania\/","title":{"rendered":"Pol\u00edcia Militar frustra furto em obra e prende suspeito em flagrante em Aparecida de Goi\u00e2nia"},"content":{"rendered":"<p style=\"text-align: center;\" data-path-to-node=\"7\"><em>O indiv\u00edduo foi autuado em flagrante por furto qualificado mediante rompimento de obst\u00e1culo<\/em><\/p>\n<p data-path-to-node=\"7\"><img fetchpriority=\"high\" decoding=\"async\" class=\"aligncenter wp-image-298060 \" src=\"https:\/\/goias.gov.br\/seguranca\/wp-content\/uploads\/sites\/56\/2026\/04\/SaveClip.App_658962059_18086408054252090_2553199603317550900_n.jpg\" alt=\"\" width=\"622\" height=\"639\" srcset=\"https:\/\/goias.gov.br\/seguranca\/wp-content\/uploads\/sites\/56\/2026\/04\/SaveClip.App_658962059_18086408054252090_2553199603317550900_n.jpg 1080w, https:\/\/goias.gov.br\/seguranca\/wp-content\/uploads\/sites\/56\/2026\/04\/SaveClip.App_658962059_18086408054252090_2553199603317550900_n-292x300.jpg 292w, https:\/\/goias.gov.br\/seguranca\/wp-content\/uploads\/sites\/56\/2026\/04\/SaveClip.App_658962059_18086408054252090_2553199603317550900_n-997x1024.jpg 997w, https:\/\/goias.gov.br\/seguranca\/wp-content\/uploads\/sites\/56\/2026\/04\/SaveClip.App_658962059_18086408054252090_2553199603317550900_n-768x789.jpg 768w\" sizes=\"(max-width: 622px) 100vw, 622px\" \/><\/p>\n<p style=\"text-align: justify;\" data-path-to-node=\"7\">Uma equipe do 41\u00ba Batalh\u00e3o de Pol\u00edcia Militar (BPM) realizou a pris\u00e3o de um homem em flagrante durante uma tentativa de furto em um canteiro de obras no setor Jardim Luz, em Aparecida de Goi\u00e2nia. A a\u00e7\u00e3o foi desencadeada imediatamente ap\u00f3s o recebimento de informa\u00e7\u00f5es sobre o crime em andamento.<\/p>\n<p style=\"text-align: justify;\" data-path-to-node=\"8\">Ao chegarem ao local, os policiais surpreenderam o suspeito em posse de uma grande quantidade de fios, ferramentas e equipamentos de constru\u00e7\u00e3o. Todo o material j\u00e1 estava embalado e organizado, pronto para ser transportado para fora da propriedade.<\/p>\n<p style=\"text-align: justify;\" data-path-to-node=\"12\">O indiv\u00edduo e os materiais recuperados foram levados para a Central Geral de Flagrantes de Aparecida de Goi\u00e2nia. Devido aos danos causados \u00e0 estrutura para a retirada dos materiais, o autor foi autuado pelo crime de furto qualificado mediante rompimento de obst\u00e1culo.<\/p>\n<p style=\"text-align: justify;\" data-path-to-node=\"12\"><strong>Resultado<\/strong><\/p>\n<ul data-path-to-node=\"14\">\n<li>\n<p style=\"text-align: justify;\" data-path-to-node=\"14,0,0\">1 indiv\u00edduo preso em flagrante;<\/p>\n<\/li>\n<li>\n<p data-path-to-node=\"14,1,0\">Materiais de constru\u00e7\u00e3o recuperados.<\/p>\n<\/li>\n<\/ul>\n<p><strong>Foto: Divulga\u00e7\u00e3o\/PMGO<\/strong><\/p>\n<p><strong>Comunica\u00e7\u00e3o Setorial &#8211; Secretaria da Seguran\u00e7a P\u00fablica &#8211; Governo de Goi\u00e1s<\/strong><\/p>\n","protected":false},"excerpt":{"rendered":"<p>O indiv\u00edduo foi autuado em flagrante por furto qualificado mediante rompimento de obst\u00e1culo Uma equipe do 41\u00ba Batalh\u00e3o de Pol\u00edcia Militar (BPM) realizou a pris\u00e3o de um homem em flagrante durante uma tentativa de furto em um canteiro de obras no setor Jardim Luz, em Aparecida de Goi\u00e2nia. A a\u00e7\u00e3o foi desencadeada imediatamente ap\u00f3s o [&hellip;]<\/p>\n","protected":false},"author":484,"featured_media":298060,"comment_status":"closed","ping_status":"open","sticky":false,"template":"","format":"standard","meta":{"footnotes":"","_links_to":"","_links_to_target":""},"categories":[3,10,11],"tags":[8,186,652],"class_list":["post-298049","post","type-post","status-publish","format-standard","has-post-thumbnail","hentry","category-noticias","category-noticias-da-ssp","category-ultimo-segundo","tag-goias","tag-pmgo","tag-seguranca-publica"],"rttpg_featured_image_url":{"full":["https:\/\/goias.gov.br\/seguranca\/wp-content\/uploads\/sites\/56\/2026\/04\/SaveClip.App_658962059_18086408054252090_2553199603317550900_n.jpg",1080,1109,false],"landscape":["https:\/\/goias.gov.br\/seguranca\/wp-content\/uploads\/sites\/56\/2026\/04\/SaveClip.App_658962059_18086408054252090_2553199603317550900_n.jpg",1080,1109,false],"portraits":["https:\/\/goias.gov.br\/seguranca\/wp-content\/uploads\/sites\/56\/2026\/04\/SaveClip.App_658962059_18086408054252090_2553199603317550900_n.jpg",1080,1109,false],"thumbnail":["https:\/\/goias.gov.br\/seguranca\/wp-content\/uploads\/sites\/56\/2026\/04\/SaveClip.App_658962059_18086408054252090_2553199603317550900_n-150x150.jpg",150,150,true],"medium":["https:\/\/goias.gov.br\/seguranca\/wp-content\/uploads\/sites\/56\/2026\/04\/SaveClip.App_658962059_18086408054252090_2553199603317550900_n-292x300.jpg",292,300,true],"large":["https:\/\/goias.gov.br\/seguranca\/wp-content\/uploads\/sites\/56\/2026\/04\/SaveClip.App_658962059_18086408054252090_2553199603317550900_n-997x1024.jpg",997,1024,true],"1536x1536":["https:\/\/goias.gov.br\/seguranca\/wp-content\/uploads\/sites\/56\/2026\/04\/SaveClip.App_658962059_18086408054252090_2553199603317550900_n.jpg",1080,1109,false],"2048x2048":["https:\/\/goias.gov.br\/seguranca\/wp-content\/uploads\/sites\/56\/2026\/04\/SaveClip.App_658962059_18086408054252090_2553199603317550900_n.jpg",1080,1109,false]},"rttpg_author":{"display_name":"isabeloliveira","author_link":"https:\/\/goias.gov.br\/seguranca\/author\/isabeloliveira\/"},"rttpg_comment":0,"rttpg_category":"<a href=\"https:\/\/goias.gov.br\/seguranca\/categoria\/noticias\/\" rel=\"category tag\">Not\u00edcias<\/a> <a href=\"https:\/\/goias.gov.br\/seguranca\/categoria\/noticias-da-ssp\/\" rel=\"category tag\">Not\u00edcias da SSP<\/a> <a href=\"https:\/\/goias.gov.br\/seguranca\/categoria\/ultimo-segundo\/\" rel=\"category tag\">\u00daltimo Segundo<\/a>","rttpg_excerpt":"O indiv\u00edduo foi autuado em flagrante por furto qualificado mediante rompimento de obst\u00e1culo Uma equipe do 41\u00ba Batalh\u00e3o de Pol\u00edcia Militar (BPM) realizou a pris\u00e3o de um homem em flagrante durante uma tentativa de furto em um canteiro de obras no setor Jardim Luz, em Aparecida de Goi\u00e2nia. A a\u00e7\u00e3o foi desencadeada imediatamente ap\u00f3s o&hellip;","_links":{"self":[{"href":"https:\/\/goias.gov.br\/seguranca\/wp-json\/wp\/v2\/posts\/298049","targetHints":{"allow":["GET"]}}],"collection":[{"href":"https:\/\/goias.gov.br\/seguranca\/wp-json\/wp\/v2\/posts"}],"about":[{"href":"https:\/\/goias.gov.br\/seguranca\/wp-json\/wp\/v2\/types\/post"}],"author":[{"embeddable":true,"href":"https:\/\/goias.gov.br\/seguranca\/wp-json\/wp\/v2\/users\/484"}],"replies":[{"embeddable":true,"href":"https:\/\/goias.gov.br\/seguranca\/wp-json\/wp\/v2\/comments?post=298049"}],"version-history":[{"count":1,"href":"https:\/\/goias.gov.br\/seguranca\/wp-json\/wp\/v2\/posts\/298049\/revisions"}],"predecessor-version":[{"id":298155,"href":"https:\/\/goias.gov.br\/seguranca\/wp-json\/wp\/v2\/posts\/298049\/revisions\/298155"}],"wp:featuredmedia":[{"embeddable":true,"href":"https:\/\/goias.gov.br\/seguranca\/wp-json\/wp\/v2\/media\/298060"}],"wp:attachment":[{"href":"https:\/\/goias.gov.br\/seguranca\/wp-json\/wp\/v2\/media?parent=298049"}],"wp:term":[{"taxonomy":"category","embeddable":true,"href":"https:\/\/goias.gov.br\/seguranca\/wp-json\/wp\/v2\/categories?post=298049"},{"taxonomy":"post_tag","embeddable":true,"href":"https:\/\/goias.gov.br\/seguranca\/wp-json\/wp\/v2\/tags?post=298049"}],"curies":[{"name":"wp","href":"https:\/\/api.w.org\/{rel}","templated":true}]}}