

{"id":294674,"date":"2026-03-27T09:46:37","date_gmt":"2026-03-27T12:46:37","guid":{"rendered":"https:\/\/goias.gov.br\/seguranca\/?p=294674"},"modified":"2026-03-27T11:06:28","modified_gmt":"2026-03-27T14:06:28","slug":"governo-de-goias-entrega-novo-batalhao-da-policia-militar-no-entorno-do-distrito-federal","status":"publish","type":"post","link":"https:\/\/goias.gov.br\/seguranca\/governo-de-goias-entrega-novo-batalhao-da-policia-militar-no-entorno-do-distrito-federal\/","title":{"rendered":"Governo de Goi\u00e1s entrega novo Batalh\u00e3o da Pol\u00edcia Militar no Entorno do Distrito Federal"},"content":{"rendered":"<p style=\"text-align: center;\"><em>Amplia\u00e7\u00e3o do 21\u00ba BPM recebe investimento de\u00a0 R$ 2 milh\u00f5es, novo espa\u00e7o para projetos sociais e estrutura para abrigar atendimento a mulheres em situa\u00e7\u00e3o de viol\u00eancia<\/em><\/p>\n<p><img fetchpriority=\"high\" decoding=\"async\" class=\"aligncenter wp-image-294680 \" src=\"https:\/\/goias.gov.br\/seguranca\/wp-content\/uploads\/sites\/56\/2026\/03\/WhatsApp-Image-2026-03-27-at-09.38.23.jpeg\" alt=\"\" width=\"932\" height=\"621\" srcset=\"https:\/\/goias.gov.br\/seguranca\/wp-content\/uploads\/sites\/56\/2026\/03\/WhatsApp-Image-2026-03-27-at-09.38.23.jpeg 1280w, https:\/\/goias.gov.br\/seguranca\/wp-content\/uploads\/sites\/56\/2026\/03\/WhatsApp-Image-2026-03-27-at-09.38.23-300x200.jpeg 300w, https:\/\/goias.gov.br\/seguranca\/wp-content\/uploads\/sites\/56\/2026\/03\/WhatsApp-Image-2026-03-27-at-09.38.23-1024x682.jpeg 1024w, https:\/\/goias.gov.br\/seguranca\/wp-content\/uploads\/sites\/56\/2026\/03\/WhatsApp-Image-2026-03-27-at-09.38.23-768x512.jpeg 768w\" sizes=\"(max-width: 932px) 100vw, 932px\" \/><\/p>\n<p style=\"text-align: justify;\">O vice-governador Daniel Vilela entregou nesta quinta-feira (26\/3), em Planaltina de Goi\u00e1s, no Entorno do Distrito Federal, a reforma e amplia\u00e7\u00e3o do 21\u00ba Batalh\u00e3o da Pol\u00edcia Militar, al\u00e9m de participar da formatura de 913 alunos do Programa Educacional de Resist\u00eancia \u00e0s Drogas e \u00e0 Viol\u00eancia (Proerd). A obra recebeu R$ 2 milh\u00f5es em investimentos, ampliou a estrutura da unidade e criou espa\u00e7o para projetos sociais e atendimento voltado a mulheres v\u00edtimas de viol\u00eancia.<\/p>\n<p style=\"text-align: justify;\">Ao defender a import\u00e2ncia dos investimentos no Entorno do Distrito Federal, Daniel afirmou que a regi\u00e3o segue entre as prioridades do governo estadual. \u201cA nossa seguran\u00e7a p\u00fablica continuar\u00e1 sendo refer\u00eancia nacional, com refor\u00e7o e autonomia para que nossos policiais desempenhem suas fun\u00e7\u00f5es com compet\u00eancia, para que as pessoas de bem deste estado possam viver com tranquilidade e paz social garantida\u201d.<\/p>\n<p style=\"text-align: justify;\">Na mesma fala, o vice-governador associou a nova estrutura ao trabalho policial e \u00e0s a\u00e7\u00f5es preventivas desenvolvidas com crian\u00e7as e adolescentes. \u201cN\u00f3s estamos aqui entregando mais uma ferramenta importante para o bom desempenho dos nossos policiais. Mas, ao mesmo tempo, estamos vendo crian\u00e7as sendo ensinadas desde cedo para que possam se tornar cidad\u00e3os de bem\u201d, afirmou.<\/p>\n<p style=\"text-align: justify;\">A interven\u00e7\u00e3o no batalh\u00e3o incluiu sete novas salas, audit\u00f3rio com capacidade para 70 pessoas e \u00e1rea voltada aos projetos comunit\u00e1rios. A unidade tamb\u00e9m passa a abrigar o Centro Integrado de Cuidado e Combate \u00e0 Viol\u00eancia Contra a Mulher, iniciativa que reunir\u00e1 apoio jur\u00eddico, psicol\u00f3gico e social.<\/p>\n<p style=\"text-align: justify;\">Para a c\u00fapula da Pol\u00edcia Militar, a amplia\u00e7\u00e3o melhora as condi\u00e7\u00f5es de trabalho da tropa e amplia a capacidade de atendimento \u00e0 popula\u00e7\u00e3o. \u201cA obra traz mais conforto aos nossos policiais militares e, consequentemente, esses policiais, que passam a maior parte do tempo combatendo a criminalidade, prestam um servi\u00e7o de excel\u00eancia para a sociedade\u201d, declarou o comandante-geral da PMGO, coronel Marcelo Granja.<\/p>\n<p style=\"text-align: justify;\">\u00c0 frente da unidade do munic\u00edpio, o major Alexander J\u00fanior afirmou que o batalh\u00e3o combina repress\u00e3o ao crime com a\u00e7\u00f5es permanentes de aproxima\u00e7\u00e3o com a comunidade. \u201cNosso foco se d\u00e1 em duas diretrizes: linha de frente contra o crime, mas tamb\u00e9m temos o lado social\u201d, disse. \u201cOs projetos sociais foram criados para aproximar nosso batalh\u00e3o da sociedade e, dessa forma, temos um batalh\u00e3o extremamente comunit\u00e1rio e de portas abertas\u201d.<\/p>\n<p style=\"text-align: justify;\">Em discurso na cerim\u00f4nia, o prefeito de Planaltina, Cristiom\u00e1rio Medeiros, atribuiu a melhora da seguran\u00e7a local \u00e0 atua\u00e7\u00e3o da PM e \u00e0 parceria com o Estado. \u201cAgrade\u00e7o ao Governo de Goi\u00e1s por tantos investimentos. \u00c9 preciso reconhecer o trabalho da Pol\u00edcia Militar, que transformou a seguran\u00e7a de nossa cidade\u201d, afirmou.<\/p>\n<p style=\"text-align: justify;\"><strong>Papel social<\/strong><\/p>\n<p style=\"text-align: justify;\">A cerim\u00f4nia incluiu ainda a formatura de 913 estudantes no Proerd, programa desenvolvido na \u00e1rea do 21\u00ba BPM desde 2005. Em Planaltina e \u00c1gua Fria de Goi\u00e1s, a iniciativa j\u00e1 alcan\u00e7ou mais de 16 mil alunos com atividades de preven\u00e7\u00e3o \u00e0s drogas, \u00e0 viol\u00eancia e ao bullying.<\/p>\n<p style=\"text-align: justify;\">Vice-diretora da Escola Municipal Boa Esperan\u00e7a, Ang\u00e9lica Aparecida dos Santos afirmou que a a\u00e7\u00e3o tem efeito direto sobre a rotina dos alunos. \u201cMuitas vezes esses alunos t\u00eam acesso \u00e0s drogas e ao \u00e1lcool muito cedo, inclusive dentro de suas pr\u00f3prias casas. Ent\u00e3o, esse tipo de iniciativa \u00e9 muito importante\u201d, disse. \u201cHoje eles est\u00e3o aqui muito orgulhosos da participa\u00e7\u00e3o\u201d.<\/p>\n<p style=\"text-align: justify;\">Aluno da Escola Municipal E\u00e7a de Queiroz, Kau\u00e3 David Ferreira, de 11 anos, resumiu o aprendizado no curso. \u201cAqui todo mundo aprende a dizer n\u00e3o \u00e0s drogas, desde \u00e1lcool e cigarro at\u00e9 as mais pesadas. E tamb\u00e9m aprendemos muito sobre o bullying\u201d, afirmou.<\/p>\n<p style=\"text-align: justify;\">O projeto \u00e9 aprovado entre os familiares dos estudantes. Pai de Arthur Miguel Ribeiro Silva, de 10 anos, Jos\u00e9 Nilson Ribeiro Ferreira disse que o programa produz efeito fora da escola. \u201c\u00c9 um projeto de extrema import\u00e2ncia, que ajuda a salvar muitas vidas\u201d, declarou.<\/p>\n<p style=\"text-align: justify;\"><strong>Fotos: Jota Eur\u00edpedes e PM5<\/strong><\/p>\n<p><strong>Vice-Governadoria \u2013 Governo de Goi\u00e1s<\/strong><\/p>\n<div id='gallery-1' class='gallery galleryid-294674 gallery-columns-3 gallery-size-full'><figure class='gallery-item'>\n\t\t\t<div class='gallery-icon landscape'>\n\t\t\t\t<a href='https:\/\/goias.gov.br\/seguranca\/governo-de-goias-entrega-novo-batalhao-da-policia-militar-no-entorno-do-distrito-federal\/whatsapp-image-2026-03-27-at-09-38-27-1\/'><img decoding=\"async\" width=\"1280\" height=\"853\" src=\"https:\/\/goias.gov.br\/seguranca\/wp-content\/uploads\/sites\/56\/2026\/03\/WhatsApp-Image-2026-03-27-at-09.38.27-1.jpeg\" class=\"attachment-full size-full\" alt=\"\" srcset=\"https:\/\/goias.gov.br\/seguranca\/wp-content\/uploads\/sites\/56\/2026\/03\/WhatsApp-Image-2026-03-27-at-09.38.27-1.jpeg 1280w, https:\/\/goias.gov.br\/seguranca\/wp-content\/uploads\/sites\/56\/2026\/03\/WhatsApp-Image-2026-03-27-at-09.38.27-1-300x200.jpeg 300w, https:\/\/goias.gov.br\/seguranca\/wp-content\/uploads\/sites\/56\/2026\/03\/WhatsApp-Image-2026-03-27-at-09.38.27-1-1024x682.jpeg 1024w, https:\/\/goias.gov.br\/seguranca\/wp-content\/uploads\/sites\/56\/2026\/03\/WhatsApp-Image-2026-03-27-at-09.38.27-1-768x512.jpeg 768w\" sizes=\"(max-width: 1280px) 100vw, 1280px\" \/><\/a>\n\t\t\t<\/div><\/figure><figure class='gallery-item'>\n\t\t\t<div class='gallery-icon landscape'>\n\t\t\t\t<a href='https:\/\/goias.gov.br\/seguranca\/governo-de-goias-entrega-novo-batalhao-da-policia-militar-no-entorno-do-distrito-federal\/whatsapp-image-2026-03-27-at-09-38-27\/'><img decoding=\"async\" width=\"1280\" height=\"853\" src=\"https:\/\/goias.gov.br\/seguranca\/wp-content\/uploads\/sites\/56\/2026\/03\/WhatsApp-Image-2026-03-27-at-09.38.27.jpeg\" class=\"attachment-full size-full\" alt=\"\" srcset=\"https:\/\/goias.gov.br\/seguranca\/wp-content\/uploads\/sites\/56\/2026\/03\/WhatsApp-Image-2026-03-27-at-09.38.27.jpeg 1280w, https:\/\/goias.gov.br\/seguranca\/wp-content\/uploads\/sites\/56\/2026\/03\/WhatsApp-Image-2026-03-27-at-09.38.27-300x200.jpeg 300w, https:\/\/goias.gov.br\/seguranca\/wp-content\/uploads\/sites\/56\/2026\/03\/WhatsApp-Image-2026-03-27-at-09.38.27-1024x682.jpeg 1024w, https:\/\/goias.gov.br\/seguranca\/wp-content\/uploads\/sites\/56\/2026\/03\/WhatsApp-Image-2026-03-27-at-09.38.27-768x512.jpeg 768w\" sizes=\"(max-width: 1280px) 100vw, 1280px\" \/><\/a>\n\t\t\t<\/div><\/figure><figure class='gallery-item'>\n\t\t\t<div class='gallery-icon landscape'>\n\t\t\t\t<a href='https:\/\/goias.gov.br\/seguranca\/governo-de-goias-entrega-novo-batalhao-da-policia-militar-no-entorno-do-distrito-federal\/whatsapp-image-2026-03-27-at-09-38-26\/'><img loading=\"lazy\" decoding=\"async\" width=\"1280\" height=\"853\" src=\"https:\/\/goias.gov.br\/seguranca\/wp-content\/uploads\/sites\/56\/2026\/03\/WhatsApp-Image-2026-03-27-at-09.38.26.jpeg\" class=\"attachment-full size-full\" alt=\"\" srcset=\"https:\/\/goias.gov.br\/seguranca\/wp-content\/uploads\/sites\/56\/2026\/03\/WhatsApp-Image-2026-03-27-at-09.38.26.jpeg 1280w, https:\/\/goias.gov.br\/seguranca\/wp-content\/uploads\/sites\/56\/2026\/03\/WhatsApp-Image-2026-03-27-at-09.38.26-300x200.jpeg 300w, https:\/\/goias.gov.br\/seguranca\/wp-content\/uploads\/sites\/56\/2026\/03\/WhatsApp-Image-2026-03-27-at-09.38.26-1024x682.jpeg 1024w, https:\/\/goias.gov.br\/seguranca\/wp-content\/uploads\/sites\/56\/2026\/03\/WhatsApp-Image-2026-03-27-at-09.38.26-768x512.jpeg 768w\" sizes=\"(max-width: 1280px) 100vw, 1280px\" \/><\/a>\n\t\t\t<\/div><\/figure><figure class='gallery-item'>\n\t\t\t<div class='gallery-icon landscape'>\n\t\t\t\t<a href='https:\/\/goias.gov.br\/seguranca\/governo-de-goias-entrega-novo-batalhao-da-policia-militar-no-entorno-do-distrito-federal\/whatsapp-image-2026-03-27-at-09-38-25\/'><img loading=\"lazy\" decoding=\"async\" width=\"1280\" height=\"853\" src=\"https:\/\/goias.gov.br\/seguranca\/wp-content\/uploads\/sites\/56\/2026\/03\/WhatsApp-Image-2026-03-27-at-09.38.25.jpeg\" class=\"attachment-full size-full\" alt=\"\" srcset=\"https:\/\/goias.gov.br\/seguranca\/wp-content\/uploads\/sites\/56\/2026\/03\/WhatsApp-Image-2026-03-27-at-09.38.25.jpeg 1280w, https:\/\/goias.gov.br\/seguranca\/wp-content\/uploads\/sites\/56\/2026\/03\/WhatsApp-Image-2026-03-27-at-09.38.25-300x200.jpeg 300w, https:\/\/goias.gov.br\/seguranca\/wp-content\/uploads\/sites\/56\/2026\/03\/WhatsApp-Image-2026-03-27-at-09.38.25-1024x682.jpeg 1024w, https:\/\/goias.gov.br\/seguranca\/wp-content\/uploads\/sites\/56\/2026\/03\/WhatsApp-Image-2026-03-27-at-09.38.25-768x512.jpeg 768w\" sizes=\"(max-width: 1280px) 100vw, 1280px\" \/><\/a>\n\t\t\t<\/div><\/figure><figure class='gallery-item'>\n\t\t\t<div class='gallery-icon landscape'>\n\t\t\t\t<a href='https:\/\/goias.gov.br\/seguranca\/governo-de-goias-entrega-novo-batalhao-da-policia-militar-no-entorno-do-distrito-federal\/whatsapp-image-2026-03-27-at-09-38-24\/'><img loading=\"lazy\" decoding=\"async\" width=\"1280\" height=\"853\" src=\"https:\/\/goias.gov.br\/seguranca\/wp-content\/uploads\/sites\/56\/2026\/03\/WhatsApp-Image-2026-03-27-at-09.38.24.jpeg\" class=\"attachment-full size-full\" alt=\"\" srcset=\"https:\/\/goias.gov.br\/seguranca\/wp-content\/uploads\/sites\/56\/2026\/03\/WhatsApp-Image-2026-03-27-at-09.38.24.jpeg 1280w, https:\/\/goias.gov.br\/seguranca\/wp-content\/uploads\/sites\/56\/2026\/03\/WhatsApp-Image-2026-03-27-at-09.38.24-300x200.jpeg 300w, https:\/\/goias.gov.br\/seguranca\/wp-content\/uploads\/sites\/56\/2026\/03\/WhatsApp-Image-2026-03-27-at-09.38.24-1024x682.jpeg 1024w, https:\/\/goias.gov.br\/seguranca\/wp-content\/uploads\/sites\/56\/2026\/03\/WhatsApp-Image-2026-03-27-at-09.38.24-768x512.jpeg 768w\" sizes=\"(max-width: 1280px) 100vw, 1280px\" \/><\/a>\n\t\t\t<\/div><\/figure><figure class='gallery-item'>\n\t\t\t<div class='gallery-icon landscape'>\n\t\t\t\t<a href='https:\/\/goias.gov.br\/seguranca\/governo-de-goias-entrega-novo-batalhao-da-policia-militar-no-entorno-do-distrito-federal\/saveclip-app_657349555_18573220792004134_9191937676413551814_n\/'><img loading=\"lazy\" decoding=\"async\" width=\"1080\" height=\"1080\" src=\"https:\/\/goias.gov.br\/seguranca\/wp-content\/uploads\/sites\/56\/2026\/03\/SaveClip.App_657349555_18573220792004134_9191937676413551814_n.webp\" class=\"attachment-full size-full\" alt=\"\" srcset=\"https:\/\/goias.gov.br\/seguranca\/wp-content\/uploads\/sites\/56\/2026\/03\/SaveClip.App_657349555_18573220792004134_9191937676413551814_n.webp 1080w, https:\/\/goias.gov.br\/seguranca\/wp-content\/uploads\/sites\/56\/2026\/03\/SaveClip.App_657349555_18573220792004134_9191937676413551814_n-300x300.webp 300w, https:\/\/goias.gov.br\/seguranca\/wp-content\/uploads\/sites\/56\/2026\/03\/SaveClip.App_657349555_18573220792004134_9191937676413551814_n-1024x1024.webp 1024w, https:\/\/goias.gov.br\/seguranca\/wp-content\/uploads\/sites\/56\/2026\/03\/SaveClip.App_657349555_18573220792004134_9191937676413551814_n-150x150.webp 150w, https:\/\/goias.gov.br\/seguranca\/wp-content\/uploads\/sites\/56\/2026\/03\/SaveClip.App_657349555_18573220792004134_9191937676413551814_n-768x768.webp 768w\" sizes=\"(max-width: 1080px) 100vw, 1080px\" \/><\/a>\n\t\t\t<\/div><\/figure><figure class='gallery-item'>\n\t\t\t<div class='gallery-icon landscape'>\n\t\t\t\t<a href='https:\/\/goias.gov.br\/seguranca\/governo-de-goias-entrega-novo-batalhao-da-policia-militar-no-entorno-do-distrito-federal\/saveclip-app_657413643_18573220810004134_6346946875603295278_n\/'><img loading=\"lazy\" decoding=\"async\" width=\"1080\" height=\"1080\" src=\"https:\/\/goias.gov.br\/seguranca\/wp-content\/uploads\/sites\/56\/2026\/03\/SaveClip.App_657413643_18573220810004134_6346946875603295278_n.webp\" class=\"attachment-full size-full\" alt=\"\" srcset=\"https:\/\/goias.gov.br\/seguranca\/wp-content\/uploads\/sites\/56\/2026\/03\/SaveClip.App_657413643_18573220810004134_6346946875603295278_n.webp 1080w, https:\/\/goias.gov.br\/seguranca\/wp-content\/uploads\/sites\/56\/2026\/03\/SaveClip.App_657413643_18573220810004134_6346946875603295278_n-300x300.webp 300w, https:\/\/goias.gov.br\/seguranca\/wp-content\/uploads\/sites\/56\/2026\/03\/SaveClip.App_657413643_18573220810004134_6346946875603295278_n-1024x1024.webp 1024w, https:\/\/goias.gov.br\/seguranca\/wp-content\/uploads\/sites\/56\/2026\/03\/SaveClip.App_657413643_18573220810004134_6346946875603295278_n-150x150.webp 150w, https:\/\/goias.gov.br\/seguranca\/wp-content\/uploads\/sites\/56\/2026\/03\/SaveClip.App_657413643_18573220810004134_6346946875603295278_n-768x768.webp 768w\" sizes=\"(max-width: 1080px) 100vw, 1080px\" \/><\/a>\n\t\t\t<\/div><\/figure><figure class='gallery-item'>\n\t\t\t<div class='gallery-icon landscape'>\n\t\t\t\t<a href='https:\/\/goias.gov.br\/seguranca\/governo-de-goias-entrega-novo-batalhao-da-policia-militar-no-entorno-do-distrito-federal\/saveclip-app_656186281_18573220879004134_2364547877408706682_n\/'><img loading=\"lazy\" decoding=\"async\" width=\"1080\" height=\"1080\" src=\"https:\/\/goias.gov.br\/seguranca\/wp-content\/uploads\/sites\/56\/2026\/03\/SaveClip.App_656186281_18573220879004134_2364547877408706682_n.webp\" class=\"attachment-full size-full\" alt=\"\" srcset=\"https:\/\/goias.gov.br\/seguranca\/wp-content\/uploads\/sites\/56\/2026\/03\/SaveClip.App_656186281_18573220879004134_2364547877408706682_n.webp 1080w, https:\/\/goias.gov.br\/seguranca\/wp-content\/uploads\/sites\/56\/2026\/03\/SaveClip.App_656186281_18573220879004134_2364547877408706682_n-300x300.webp 300w, https:\/\/goias.gov.br\/seguranca\/wp-content\/uploads\/sites\/56\/2026\/03\/SaveClip.App_656186281_18573220879004134_2364547877408706682_n-1024x1024.webp 1024w, https:\/\/goias.gov.br\/seguranca\/wp-content\/uploads\/sites\/56\/2026\/03\/SaveClip.App_656186281_18573220879004134_2364547877408706682_n-150x150.webp 150w, https:\/\/goias.gov.br\/seguranca\/wp-content\/uploads\/sites\/56\/2026\/03\/SaveClip.App_656186281_18573220879004134_2364547877408706682_n-768x768.webp 768w\" sizes=\"(max-width: 1080px) 100vw, 1080px\" \/><\/a>\n\t\t\t<\/div><\/figure><figure class='gallery-item'>\n\t\t\t<div class='gallery-icon landscape'>\n\t\t\t\t<a href='https:\/\/goias.gov.br\/seguranca\/governo-de-goias-entrega-novo-batalhao-da-policia-militar-no-entorno-do-distrito-federal\/saveclip-app_658288813_18573220888004134_9051381058079539895_n\/'><img loading=\"lazy\" decoding=\"async\" width=\"1080\" height=\"1080\" src=\"https:\/\/goias.gov.br\/seguranca\/wp-content\/uploads\/sites\/56\/2026\/03\/SaveClip.App_658288813_18573220888004134_9051381058079539895_n.webp\" class=\"attachment-full size-full\" alt=\"\" srcset=\"https:\/\/goias.gov.br\/seguranca\/wp-content\/uploads\/sites\/56\/2026\/03\/SaveClip.App_658288813_18573220888004134_9051381058079539895_n.webp 1080w, https:\/\/goias.gov.br\/seguranca\/wp-content\/uploads\/sites\/56\/2026\/03\/SaveClip.App_658288813_18573220888004134_9051381058079539895_n-300x300.webp 300w, https:\/\/goias.gov.br\/seguranca\/wp-content\/uploads\/sites\/56\/2026\/03\/SaveClip.App_658288813_18573220888004134_9051381058079539895_n-1024x1024.webp 1024w, https:\/\/goias.gov.br\/seguranca\/wp-content\/uploads\/sites\/56\/2026\/03\/SaveClip.App_658288813_18573220888004134_9051381058079539895_n-150x150.webp 150w, https:\/\/goias.gov.br\/seguranca\/wp-content\/uploads\/sites\/56\/2026\/03\/SaveClip.App_658288813_18573220888004134_9051381058079539895_n-768x768.webp 768w\" sizes=\"(max-width: 1080px) 100vw, 1080px\" \/><\/a>\n\t\t\t<\/div><\/figure><figure class='gallery-item'>\n\t\t\t<div class='gallery-icon landscape'>\n\t\t\t\t<a href='https:\/\/goias.gov.br\/seguranca\/governo-de-goias-entrega-novo-batalhao-da-policia-militar-no-entorno-do-distrito-federal\/saveclip-app_656659152_18573220870004134_8355152922152792094_n\/'><img loading=\"lazy\" decoding=\"async\" width=\"1080\" height=\"1080\" src=\"https:\/\/goias.gov.br\/seguranca\/wp-content\/uploads\/sites\/56\/2026\/03\/SaveClip.App_656659152_18573220870004134_8355152922152792094_n.webp\" class=\"attachment-full size-full\" alt=\"\" srcset=\"https:\/\/goias.gov.br\/seguranca\/wp-content\/uploads\/sites\/56\/2026\/03\/SaveClip.App_656659152_18573220870004134_8355152922152792094_n.webp 1080w, https:\/\/goias.gov.br\/seguranca\/wp-content\/uploads\/sites\/56\/2026\/03\/SaveClip.App_656659152_18573220870004134_8355152922152792094_n-300x300.webp 300w, https:\/\/goias.gov.br\/seguranca\/wp-content\/uploads\/sites\/56\/2026\/03\/SaveClip.App_656659152_18573220870004134_8355152922152792094_n-1024x1024.webp 1024w, https:\/\/goias.gov.br\/seguranca\/wp-content\/uploads\/sites\/56\/2026\/03\/SaveClip.App_656659152_18573220870004134_8355152922152792094_n-150x150.webp 150w, https:\/\/goias.gov.br\/seguranca\/wp-content\/uploads\/sites\/56\/2026\/03\/SaveClip.App_656659152_18573220870004134_8355152922152792094_n-768x768.webp 768w\" sizes=\"(max-width: 1080px) 100vw, 1080px\" \/><\/a>\n\t\t\t<\/div><\/figure><figure class='gallery-item'>\n\t\t\t<div class='gallery-icon landscape'>\n\t\t\t\t<a href='https:\/\/goias.gov.br\/seguranca\/governo-de-goias-entrega-novo-batalhao-da-policia-militar-no-entorno-do-distrito-federal\/saveclip-app_657709469_18573220855004134_2764875033000867352_n\/'><img loading=\"lazy\" decoding=\"async\" width=\"1080\" height=\"1080\" src=\"https:\/\/goias.gov.br\/seguranca\/wp-content\/uploads\/sites\/56\/2026\/03\/SaveClip.App_657709469_18573220855004134_2764875033000867352_n.webp\" class=\"attachment-full size-full\" alt=\"\" srcset=\"https:\/\/goias.gov.br\/seguranca\/wp-content\/uploads\/sites\/56\/2026\/03\/SaveClip.App_657709469_18573220855004134_2764875033000867352_n.webp 1080w, https:\/\/goias.gov.br\/seguranca\/wp-content\/uploads\/sites\/56\/2026\/03\/SaveClip.App_657709469_18573220855004134_2764875033000867352_n-300x300.webp 300w, https:\/\/goias.gov.br\/seguranca\/wp-content\/uploads\/sites\/56\/2026\/03\/SaveClip.App_657709469_18573220855004134_2764875033000867352_n-1024x1024.webp 1024w, https:\/\/goias.gov.br\/seguranca\/wp-content\/uploads\/sites\/56\/2026\/03\/SaveClip.App_657709469_18573220855004134_2764875033000867352_n-150x150.webp 150w, https:\/\/goias.gov.br\/seguranca\/wp-content\/uploads\/sites\/56\/2026\/03\/SaveClip.App_657709469_18573220855004134_2764875033000867352_n-768x768.webp 768w\" sizes=\"(max-width: 1080px) 100vw, 1080px\" \/><\/a>\n\t\t\t<\/div><\/figure><figure class='gallery-item'>\n\t\t\t<div class='gallery-icon landscape'>\n\t\t\t\t<a href='https:\/\/goias.gov.br\/seguranca\/governo-de-goias-entrega-novo-batalhao-da-policia-militar-no-entorno-do-distrito-federal\/saveclip-app_658865506_18573220840004134_2139542836528003175_n\/'><img loading=\"lazy\" decoding=\"async\" width=\"1080\" height=\"1080\" src=\"https:\/\/goias.gov.br\/seguranca\/wp-content\/uploads\/sites\/56\/2026\/03\/SaveClip.App_658865506_18573220840004134_2139542836528003175_n.webp\" class=\"attachment-full size-full\" alt=\"\" srcset=\"https:\/\/goias.gov.br\/seguranca\/wp-content\/uploads\/sites\/56\/2026\/03\/SaveClip.App_658865506_18573220840004134_2139542836528003175_n.webp 1080w, https:\/\/goias.gov.br\/seguranca\/wp-content\/uploads\/sites\/56\/2026\/03\/SaveClip.App_658865506_18573220840004134_2139542836528003175_n-300x300.webp 300w, https:\/\/goias.gov.br\/seguranca\/wp-content\/uploads\/sites\/56\/2026\/03\/SaveClip.App_658865506_18573220840004134_2139542836528003175_n-1024x1024.webp 1024w, https:\/\/goias.gov.br\/seguranca\/wp-content\/uploads\/sites\/56\/2026\/03\/SaveClip.App_658865506_18573220840004134_2139542836528003175_n-150x150.webp 150w, https:\/\/goias.gov.br\/seguranca\/wp-content\/uploads\/sites\/56\/2026\/03\/SaveClip.App_658865506_18573220840004134_2139542836528003175_n-768x768.webp 768w\" sizes=\"(max-width: 1080px) 100vw, 1080px\" \/><\/a>\n\t\t\t<\/div><\/figure><figure class='gallery-item'>\n\t\t\t<div class='gallery-icon landscape'>\n\t\t\t\t<a href='https:\/\/goias.gov.br\/seguranca\/governo-de-goias-entrega-novo-batalhao-da-policia-militar-no-entorno-do-distrito-federal\/saveclip-app_659088019_18573220828004134_444740332337746616_n\/'><img loading=\"lazy\" decoding=\"async\" width=\"1080\" height=\"1080\" src=\"https:\/\/goias.gov.br\/seguranca\/wp-content\/uploads\/sites\/56\/2026\/03\/SaveClip.App_659088019_18573220828004134_444740332337746616_n.webp\" class=\"attachment-full size-full\" alt=\"\" srcset=\"https:\/\/goias.gov.br\/seguranca\/wp-content\/uploads\/sites\/56\/2026\/03\/SaveClip.App_659088019_18573220828004134_444740332337746616_n.webp 1080w, https:\/\/goias.gov.br\/seguranca\/wp-content\/uploads\/sites\/56\/2026\/03\/SaveClip.App_659088019_18573220828004134_444740332337746616_n-300x300.webp 300w, https:\/\/goias.gov.br\/seguranca\/wp-content\/uploads\/sites\/56\/2026\/03\/SaveClip.App_659088019_18573220828004134_444740332337746616_n-1024x1024.webp 1024w, https:\/\/goias.gov.br\/seguranca\/wp-content\/uploads\/sites\/56\/2026\/03\/SaveClip.App_659088019_18573220828004134_444740332337746616_n-150x150.webp 150w, https:\/\/goias.gov.br\/seguranca\/wp-content\/uploads\/sites\/56\/2026\/03\/SaveClip.App_659088019_18573220828004134_444740332337746616_n-768x768.webp 768w\" sizes=\"(max-width: 1080px) 100vw, 1080px\" \/><\/a>\n\t\t\t<\/div><\/figure><figure class='gallery-item'>\n\t\t\t<div class='gallery-icon landscape'>\n\t\t\t\t<a href='https:\/\/goias.gov.br\/seguranca\/governo-de-goias-entrega-novo-batalhao-da-policia-militar-no-entorno-do-distrito-federal\/saveclip-app_657940678_18573220819004134_3350770619268949957_n\/'><img loading=\"lazy\" decoding=\"async\" width=\"1080\" height=\"1080\" src=\"https:\/\/goias.gov.br\/seguranca\/wp-content\/uploads\/sites\/56\/2026\/03\/SaveClip.App_657940678_18573220819004134_3350770619268949957_n.webp\" class=\"attachment-full size-full\" alt=\"\" srcset=\"https:\/\/goias.gov.br\/seguranca\/wp-content\/uploads\/sites\/56\/2026\/03\/SaveClip.App_657940678_18573220819004134_3350770619268949957_n.webp 1080w, https:\/\/goias.gov.br\/seguranca\/wp-content\/uploads\/sites\/56\/2026\/03\/SaveClip.App_657940678_18573220819004134_3350770619268949957_n-300x300.webp 300w, https:\/\/goias.gov.br\/seguranca\/wp-content\/uploads\/sites\/56\/2026\/03\/SaveClip.App_657940678_18573220819004134_3350770619268949957_n-1024x1024.webp 1024w, https:\/\/goias.gov.br\/seguranca\/wp-content\/uploads\/sites\/56\/2026\/03\/SaveClip.App_657940678_18573220819004134_3350770619268949957_n-150x150.webp 150w, https:\/\/goias.gov.br\/seguranca\/wp-content\/uploads\/sites\/56\/2026\/03\/SaveClip.App_657940678_18573220819004134_3350770619268949957_n-768x768.webp 768w\" sizes=\"(max-width: 1080px) 100vw, 1080px\" \/><\/a>\n\t\t\t<\/div><\/figure><figure class='gallery-item'>\n\t\t\t<div class='gallery-icon landscape'>\n\t\t\t\t<a href='https:\/\/goias.gov.br\/seguranca\/governo-de-goias-entrega-novo-batalhao-da-policia-militar-no-entorno-do-distrito-federal\/saveclip-app_658922002_18573220801004134_752939037993594954_n\/'><img loading=\"lazy\" decoding=\"async\" width=\"1080\" height=\"1080\" src=\"https:\/\/goias.gov.br\/seguranca\/wp-content\/uploads\/sites\/56\/2026\/03\/SaveClip.App_658922002_18573220801004134_752939037993594954_n.webp\" class=\"attachment-full size-full\" alt=\"\" srcset=\"https:\/\/goias.gov.br\/seguranca\/wp-content\/uploads\/sites\/56\/2026\/03\/SaveClip.App_658922002_18573220801004134_752939037993594954_n.webp 1080w, https:\/\/goias.gov.br\/seguranca\/wp-content\/uploads\/sites\/56\/2026\/03\/SaveClip.App_658922002_18573220801004134_752939037993594954_n-300x300.webp 300w, https:\/\/goias.gov.br\/seguranca\/wp-content\/uploads\/sites\/56\/2026\/03\/SaveClip.App_658922002_18573220801004134_752939037993594954_n-1024x1024.webp 1024w, https:\/\/goias.gov.br\/seguranca\/wp-content\/uploads\/sites\/56\/2026\/03\/SaveClip.App_658922002_18573220801004134_752939037993594954_n-150x150.webp 150w, https:\/\/goias.gov.br\/seguranca\/wp-content\/uploads\/sites\/56\/2026\/03\/SaveClip.App_658922002_18573220801004134_752939037993594954_n-768x768.webp 768w\" sizes=\"(max-width: 1080px) 100vw, 1080px\" \/><\/a>\n\t\t\t<\/div><\/figure><figure class='gallery-item'>\n\t\t\t<div class='gallery-icon landscape'>\n\t\t\t\t<a href='https:\/\/goias.gov.br\/seguranca\/governo-de-goias-entrega-novo-batalhao-da-policia-militar-no-entorno-do-distrito-federal\/saveclip-app_659435068_18573220777004134_964205766897050437_n\/'><img loading=\"lazy\" decoding=\"async\" width=\"1080\" height=\"1080\" src=\"https:\/\/goias.gov.br\/seguranca\/wp-content\/uploads\/sites\/56\/2026\/03\/SaveClip.App_659435068_18573220777004134_964205766897050437_n.webp\" class=\"attachment-full size-full\" alt=\"\" srcset=\"https:\/\/goias.gov.br\/seguranca\/wp-content\/uploads\/sites\/56\/2026\/03\/SaveClip.App_659435068_18573220777004134_964205766897050437_n.webp 1080w, https:\/\/goias.gov.br\/seguranca\/wp-content\/uploads\/sites\/56\/2026\/03\/SaveClip.App_659435068_18573220777004134_964205766897050437_n-300x300.webp 300w, https:\/\/goias.gov.br\/seguranca\/wp-content\/uploads\/sites\/56\/2026\/03\/SaveClip.App_659435068_18573220777004134_964205766897050437_n-1024x1024.webp 1024w, https:\/\/goias.gov.br\/seguranca\/wp-content\/uploads\/sites\/56\/2026\/03\/SaveClip.App_659435068_18573220777004134_964205766897050437_n-150x150.webp 150w, https:\/\/goias.gov.br\/seguranca\/wp-content\/uploads\/sites\/56\/2026\/03\/SaveClip.App_659435068_18573220777004134_964205766897050437_n-768x768.webp 768w\" sizes=\"(max-width: 1080px) 100vw, 1080px\" \/><\/a>\n\t\t\t<\/div><\/figure><figure class='gallery-item'>\n\t\t\t<div class='gallery-icon landscape'>\n\t\t\t\t<a href='https:\/\/goias.gov.br\/seguranca\/governo-de-goias-entrega-novo-batalhao-da-policia-militar-no-entorno-do-distrito-federal\/saveclip-app_660731729_18573220708004134_6179184516912568623_n\/'><img loading=\"lazy\" decoding=\"async\" width=\"1080\" height=\"1080\" src=\"https:\/\/goias.gov.br\/seguranca\/wp-content\/uploads\/sites\/56\/2026\/03\/SaveClip.App_660731729_18573220708004134_6179184516912568623_n.webp\" class=\"attachment-full size-full\" alt=\"\" srcset=\"https:\/\/goias.gov.br\/seguranca\/wp-content\/uploads\/sites\/56\/2026\/03\/SaveClip.App_660731729_18573220708004134_6179184516912568623_n.webp 1080w, https:\/\/goias.gov.br\/seguranca\/wp-content\/uploads\/sites\/56\/2026\/03\/SaveClip.App_660731729_18573220708004134_6179184516912568623_n-300x300.webp 300w, https:\/\/goias.gov.br\/seguranca\/wp-content\/uploads\/sites\/56\/2026\/03\/SaveClip.App_660731729_18573220708004134_6179184516912568623_n-1024x1024.webp 1024w, https:\/\/goias.gov.br\/seguranca\/wp-content\/uploads\/sites\/56\/2026\/03\/SaveClip.App_660731729_18573220708004134_6179184516912568623_n-150x150.webp 150w, https:\/\/goias.gov.br\/seguranca\/wp-content\/uploads\/sites\/56\/2026\/03\/SaveClip.App_660731729_18573220708004134_6179184516912568623_n-768x768.webp 768w\" sizes=\"(max-width: 1080px) 100vw, 1080px\" \/><\/a>\n\t\t\t<\/div><\/figure><figure class='gallery-item'>\n\t\t\t<div class='gallery-icon landscape'>\n\t\t\t\t<a href='https:\/\/goias.gov.br\/seguranca\/governo-de-goias-entrega-novo-batalhao-da-policia-militar-no-entorno-do-distrito-federal\/saveclip-app_657931980_18573220717004134_6495849825430460081_n\/'><img loading=\"lazy\" decoding=\"async\" width=\"1080\" height=\"1080\" src=\"https:\/\/goias.gov.br\/seguranca\/wp-content\/uploads\/sites\/56\/2026\/03\/SaveClip.App_657931980_18573220717004134_6495849825430460081_n.webp\" class=\"attachment-full size-full\" alt=\"\" srcset=\"https:\/\/goias.gov.br\/seguranca\/wp-content\/uploads\/sites\/56\/2026\/03\/SaveClip.App_657931980_18573220717004134_6495849825430460081_n.webp 1080w, https:\/\/goias.gov.br\/seguranca\/wp-content\/uploads\/sites\/56\/2026\/03\/SaveClip.App_657931980_18573220717004134_6495849825430460081_n-300x300.webp 300w, https:\/\/goias.gov.br\/seguranca\/wp-content\/uploads\/sites\/56\/2026\/03\/SaveClip.App_657931980_18573220717004134_6495849825430460081_n-1024x1024.webp 1024w, https:\/\/goias.gov.br\/seguranca\/wp-content\/uploads\/sites\/56\/2026\/03\/SaveClip.App_657931980_18573220717004134_6495849825430460081_n-150x150.webp 150w, https:\/\/goias.gov.br\/seguranca\/wp-content\/uploads\/sites\/56\/2026\/03\/SaveClip.App_657931980_18573220717004134_6495849825430460081_n-768x768.webp 768w\" sizes=\"(max-width: 1080px) 100vw, 1080px\" \/><\/a>\n\t\t\t<\/div><\/figure><figure class='gallery-item'>\n\t\t\t<div class='gallery-icon landscape'>\n\t\t\t\t<a href='https:\/\/goias.gov.br\/seguranca\/governo-de-goias-entrega-novo-batalhao-da-policia-militar-no-entorno-do-distrito-federal\/saveclip-app_656448687_18573220759004134_5034623717548780538_n\/'><img loading=\"lazy\" decoding=\"async\" width=\"1080\" height=\"1080\" src=\"https:\/\/goias.gov.br\/seguranca\/wp-content\/uploads\/sites\/56\/2026\/03\/SaveClip.App_656448687_18573220759004134_5034623717548780538_n.webp\" class=\"attachment-full size-full\" alt=\"\" srcset=\"https:\/\/goias.gov.br\/seguranca\/wp-content\/uploads\/sites\/56\/2026\/03\/SaveClip.App_656448687_18573220759004134_5034623717548780538_n.webp 1080w, https:\/\/goias.gov.br\/seguranca\/wp-content\/uploads\/sites\/56\/2026\/03\/SaveClip.App_656448687_18573220759004134_5034623717548780538_n-300x300.webp 300w, https:\/\/goias.gov.br\/seguranca\/wp-content\/uploads\/sites\/56\/2026\/03\/SaveClip.App_656448687_18573220759004134_5034623717548780538_n-1024x1024.webp 1024w, https:\/\/goias.gov.br\/seguranca\/wp-content\/uploads\/sites\/56\/2026\/03\/SaveClip.App_656448687_18573220759004134_5034623717548780538_n-150x150.webp 150w, https:\/\/goias.gov.br\/seguranca\/wp-content\/uploads\/sites\/56\/2026\/03\/SaveClip.App_656448687_18573220759004134_5034623717548780538_n-768x768.webp 768w\" sizes=\"(max-width: 1080px) 100vw, 1080px\" \/><\/a>\n\t\t\t<\/div><\/figure><figure class='gallery-item'>\n\t\t\t<div class='gallery-icon landscape'>\n\t\t\t\t<a href='https:\/\/goias.gov.br\/seguranca\/governo-de-goias-entrega-novo-batalhao-da-policia-militar-no-entorno-do-distrito-federal\/saveclip-app_657857458_18573220744004134_7036347668651968128_n\/'><img loading=\"lazy\" decoding=\"async\" width=\"1080\" height=\"1080\" src=\"https:\/\/goias.gov.br\/seguranca\/wp-content\/uploads\/sites\/56\/2026\/03\/SaveClip.App_657857458_18573220744004134_7036347668651968128_n.webp\" class=\"attachment-full size-full\" alt=\"\" srcset=\"https:\/\/goias.gov.br\/seguranca\/wp-content\/uploads\/sites\/56\/2026\/03\/SaveClip.App_657857458_18573220744004134_7036347668651968128_n.webp 1080w, https:\/\/goias.gov.br\/seguranca\/wp-content\/uploads\/sites\/56\/2026\/03\/SaveClip.App_657857458_18573220744004134_7036347668651968128_n-300x300.webp 300w, https:\/\/goias.gov.br\/seguranca\/wp-content\/uploads\/sites\/56\/2026\/03\/SaveClip.App_657857458_18573220744004134_7036347668651968128_n-1024x1024.webp 1024w, https:\/\/goias.gov.br\/seguranca\/wp-content\/uploads\/sites\/56\/2026\/03\/SaveClip.App_657857458_18573220744004134_7036347668651968128_n-150x150.webp 150w, https:\/\/goias.gov.br\/seguranca\/wp-content\/uploads\/sites\/56\/2026\/03\/SaveClip.App_657857458_18573220744004134_7036347668651968128_n-768x768.webp 768w\" sizes=\"(max-width: 1080px) 100vw, 1080px\" \/><\/a>\n\t\t\t<\/div><\/figure><figure class='gallery-item'>\n\t\t\t<div class='gallery-icon landscape'>\n\t\t\t\t<a href='https:\/\/goias.gov.br\/seguranca\/governo-de-goias-entrega-novo-batalhao-da-policia-militar-no-entorno-do-distrito-federal\/saveclip-app_657608359_18573220735004134_7818973257585599610_n\/'><img loading=\"lazy\" decoding=\"async\" width=\"1080\" height=\"1080\" src=\"https:\/\/goias.gov.br\/seguranca\/wp-content\/uploads\/sites\/56\/2026\/03\/SaveClip.App_657608359_18573220735004134_7818973257585599610_n.webp\" class=\"attachment-full size-full\" alt=\"\" srcset=\"https:\/\/goias.gov.br\/seguranca\/wp-content\/uploads\/sites\/56\/2026\/03\/SaveClip.App_657608359_18573220735004134_7818973257585599610_n.webp 1080w, https:\/\/goias.gov.br\/seguranca\/wp-content\/uploads\/sites\/56\/2026\/03\/SaveClip.App_657608359_18573220735004134_7818973257585599610_n-300x300.webp 300w, https:\/\/goias.gov.br\/seguranca\/wp-content\/uploads\/sites\/56\/2026\/03\/SaveClip.App_657608359_18573220735004134_7818973257585599610_n-1024x1024.webp 1024w, https:\/\/goias.gov.br\/seguranca\/wp-content\/uploads\/sites\/56\/2026\/03\/SaveClip.App_657608359_18573220735004134_7818973257585599610_n-150x150.webp 150w, https:\/\/goias.gov.br\/seguranca\/wp-content\/uploads\/sites\/56\/2026\/03\/SaveClip.App_657608359_18573220735004134_7818973257585599610_n-768x768.webp 768w\" sizes=\"(max-width: 1080px) 100vw, 1080px\" \/><\/a>\n\t\t\t<\/div><\/figure><figure class='gallery-item'>\n\t\t\t<div class='gallery-icon landscape'>\n\t\t\t\t<a href='https:\/\/goias.gov.br\/seguranca\/governo-de-goias-entrega-novo-batalhao-da-policia-militar-no-entorno-do-distrito-federal\/saveclip-app_658922798_18573220726004134_8122003593812849595_n\/'><img loading=\"lazy\" decoding=\"async\" width=\"1080\" height=\"1080\" src=\"https:\/\/goias.gov.br\/seguranca\/wp-content\/uploads\/sites\/56\/2026\/03\/SaveClip.App_658922798_18573220726004134_8122003593812849595_n.webp\" class=\"attachment-full size-full\" alt=\"\" srcset=\"https:\/\/goias.gov.br\/seguranca\/wp-content\/uploads\/sites\/56\/2026\/03\/SaveClip.App_658922798_18573220726004134_8122003593812849595_n.webp 1080w, https:\/\/goias.gov.br\/seguranca\/wp-content\/uploads\/sites\/56\/2026\/03\/SaveClip.App_658922798_18573220726004134_8122003593812849595_n-300x300.webp 300w, https:\/\/goias.gov.br\/seguranca\/wp-content\/uploads\/sites\/56\/2026\/03\/SaveClip.App_658922798_18573220726004134_8122003593812849595_n-1024x1024.webp 1024w, https:\/\/goias.gov.br\/seguranca\/wp-content\/uploads\/sites\/56\/2026\/03\/SaveClip.App_658922798_18573220726004134_8122003593812849595_n-150x150.webp 150w, https:\/\/goias.gov.br\/seguranca\/wp-content\/uploads\/sites\/56\/2026\/03\/SaveClip.App_658922798_18573220726004134_8122003593812849595_n-768x768.webp 768w\" sizes=\"(max-width: 1080px) 100vw, 1080px\" \/><\/a>\n\t\t\t<\/div><\/figure><figure class='gallery-item'>\n\t\t\t<div class='gallery-icon landscape'>\n\t\t\t\t<a href='https:\/\/goias.gov.br\/seguranca\/governo-de-goias-entrega-novo-batalhao-da-policia-militar-no-entorno-do-distrito-federal\/saveclip-app_657241987_18573220699004134_3570664661810241883_n\/'><img loading=\"lazy\" decoding=\"async\" width=\"1080\" height=\"1080\" src=\"https:\/\/goias.gov.br\/seguranca\/wp-content\/uploads\/sites\/56\/2026\/03\/SaveClip.App_657241987_18573220699004134_3570664661810241883_n.webp\" class=\"attachment-full size-full\" alt=\"\" srcset=\"https:\/\/goias.gov.br\/seguranca\/wp-content\/uploads\/sites\/56\/2026\/03\/SaveClip.App_657241987_18573220699004134_3570664661810241883_n.webp 1080w, https:\/\/goias.gov.br\/seguranca\/wp-content\/uploads\/sites\/56\/2026\/03\/SaveClip.App_657241987_18573220699004134_3570664661810241883_n-300x300.webp 300w, https:\/\/goias.gov.br\/seguranca\/wp-content\/uploads\/sites\/56\/2026\/03\/SaveClip.App_657241987_18573220699004134_3570664661810241883_n-1024x1024.webp 1024w, https:\/\/goias.gov.br\/seguranca\/wp-content\/uploads\/sites\/56\/2026\/03\/SaveClip.App_657241987_18573220699004134_3570664661810241883_n-150x150.webp 150w, https:\/\/goias.gov.br\/seguranca\/wp-content\/uploads\/sites\/56\/2026\/03\/SaveClip.App_657241987_18573220699004134_3570664661810241883_n-768x768.webp 768w\" sizes=\"(max-width: 1080px) 100vw, 1080px\" \/><\/a>\n\t\t\t<\/div><\/figure>\n\t\t<\/div>\n\n","protected":false},"excerpt":{"rendered":"<p>Amplia\u00e7\u00e3o do 21\u00ba BPM recebe investimento de\u00a0 R$ 2 milh\u00f5es, novo espa\u00e7o para projetos sociais e estrutura para abrigar atendimento a mulheres em situa\u00e7\u00e3o de viol\u00eancia O vice-governador Daniel Vilela entregou nesta quinta-feira (26\/3), em Planaltina de Goi\u00e1s, no Entorno do Distrito Federal, a reforma e amplia\u00e7\u00e3o do 21\u00ba Batalh\u00e3o da Pol\u00edcia Militar, al\u00e9m de [&hellip;]<\/p>\n","protected":false},"author":485,"featured_media":294679,"comment_status":"closed","ping_status":"open","sticky":false,"template":"","format":"standard","meta":{"footnotes":"","_links_to":"","_links_to_target":""},"categories":[3,10,11],"tags":[2412,98,652],"class_list":["post-294674","post","type-post","status-publish","format-standard","has-post-thumbnail","hentry","category-noticias","category-noticias-da-ssp","category-ultimo-segundo","tag-governo-de-goias","tag-policia-militar","tag-seguranca-publica"],"rttpg_featured_image_url":{"full":["https:\/\/goias.gov.br\/seguranca\/wp-content\/uploads\/sites\/56\/2026\/03\/WhatsApp-Image-2026-03-27-at-09.38.24.jpeg",1280,853,false],"landscape":["https:\/\/goias.gov.br\/seguranca\/wp-content\/uploads\/sites\/56\/2026\/03\/WhatsApp-Image-2026-03-27-at-09.38.24.jpeg",1280,853,false],"portraits":["https:\/\/goias.gov.br\/seguranca\/wp-content\/uploads\/sites\/56\/2026\/03\/WhatsApp-Image-2026-03-27-at-09.38.24.jpeg",1280,853,false],"thumbnail":["https:\/\/goias.gov.br\/seguranca\/wp-content\/uploads\/sites\/56\/2026\/03\/WhatsApp-Image-2026-03-27-at-09.38.24-150x150.jpeg",150,150,true],"medium":["https:\/\/goias.gov.br\/seguranca\/wp-content\/uploads\/sites\/56\/2026\/03\/WhatsApp-Image-2026-03-27-at-09.38.24-300x200.jpeg",300,200,true],"large":["https:\/\/goias.gov.br\/seguranca\/wp-content\/uploads\/sites\/56\/2026\/03\/WhatsApp-Image-2026-03-27-at-09.38.24-1024x682.jpeg",1024,682,true],"1536x1536":["https:\/\/goias.gov.br\/seguranca\/wp-content\/uploads\/sites\/56\/2026\/03\/WhatsApp-Image-2026-03-27-at-09.38.24.jpeg",1280,853,false],"2048x2048":["https:\/\/goias.gov.br\/seguranca\/wp-content\/uploads\/sites\/56\/2026\/03\/WhatsApp-Image-2026-03-27-at-09.38.24.jpeg",1280,853,false]},"rttpg_author":{"display_name":"giovanamarcos","author_link":"https:\/\/goias.gov.br\/seguranca\/author\/giovanamarcos\/"},"rttpg_comment":0,"rttpg_category":"<a href=\"https:\/\/goias.gov.br\/seguranca\/categoria\/noticias\/\" rel=\"category tag\">Not\u00edcias<\/a> <a href=\"https:\/\/goias.gov.br\/seguranca\/categoria\/noticias-da-ssp\/\" rel=\"category tag\">Not\u00edcias da SSP<\/a> <a href=\"https:\/\/goias.gov.br\/seguranca\/categoria\/ultimo-segundo\/\" rel=\"category tag\">\u00daltimo Segundo<\/a>","rttpg_excerpt":"Amplia\u00e7\u00e3o do 21\u00ba BPM recebe investimento de\u00a0 R$ 2 milh\u00f5es, novo espa\u00e7o para projetos sociais e estrutura para abrigar atendimento a mulheres em situa\u00e7\u00e3o de viol\u00eancia O vice-governador Daniel Vilela entregou nesta quinta-feira (26\/3), em Planaltina de Goi\u00e1s, no Entorno do Distrito Federal, a reforma e amplia\u00e7\u00e3o do 21\u00ba Batalh\u00e3o da Pol\u00edcia Militar, al\u00e9m de&hellip;","_links":{"self":[{"href":"https:\/\/goias.gov.br\/seguranca\/wp-json\/wp\/v2\/posts\/294674","targetHints":{"allow":["GET"]}}],"collection":[{"href":"https:\/\/goias.gov.br\/seguranca\/wp-json\/wp\/v2\/posts"}],"about":[{"href":"https:\/\/goias.gov.br\/seguranca\/wp-json\/wp\/v2\/types\/post"}],"author":[{"embeddable":true,"href":"https:\/\/goias.gov.br\/seguranca\/wp-json\/wp\/v2\/users\/485"}],"replies":[{"embeddable":true,"href":"https:\/\/goias.gov.br\/seguranca\/wp-json\/wp\/v2\/comments?post=294674"}],"version-history":[{"count":2,"href":"https:\/\/goias.gov.br\/seguranca\/wp-json\/wp\/v2\/posts\/294674\/revisions"}],"predecessor-version":[{"id":294773,"href":"https:\/\/goias.gov.br\/seguranca\/wp-json\/wp\/v2\/posts\/294674\/revisions\/294773"}],"wp:featuredmedia":[{"embeddable":true,"href":"https:\/\/goias.gov.br\/seguranca\/wp-json\/wp\/v2\/media\/294679"}],"wp:attachment":[{"href":"https:\/\/goias.gov.br\/seguranca\/wp-json\/wp\/v2\/media?parent=294674"}],"wp:term":[{"taxonomy":"category","embeddable":true,"href":"https:\/\/goias.gov.br\/seguranca\/wp-json\/wp\/v2\/categories?post=294674"},{"taxonomy":"post_tag","embeddable":true,"href":"https:\/\/goias.gov.br\/seguranca\/wp-json\/wp\/v2\/tags?post=294674"}],"curies":[{"name":"wp","href":"https:\/\/api.w.org\/{rel}","templated":true}]}}