

{"id":291624,"date":"2026-03-11T09:27:17","date_gmt":"2026-03-11T12:27:17","guid":{"rendered":"https:\/\/goias.gov.br\/seguranca\/?p=291624"},"modified":"2026-03-11T09:27:17","modified_gmt":"2026-03-11T12:27:17","slug":"em-operacao-conjunta-4-distribuidoras-de-combustiveis-sao-autuadas-pelo-procon-goias","status":"publish","type":"post","link":"https:\/\/goias.gov.br\/seguranca\/em-operacao-conjunta-4-distribuidoras-de-combustiveis-sao-autuadas-pelo-procon-goias\/","title":{"rendered":"Em opera\u00e7\u00e3o conjunta, 4 distribuidoras de combust\u00edveis s\u00e3o autuadas pelo Procon Goi\u00e1s"},"content":{"rendered":"<p style=\"text-align: center\"><em>Em Senador Canedo, a\u00e7\u00e3o que visa coibir aumento injustificado nos pre\u00e7os dos combust\u00edveis ocorreu com apoio das Delegacias do Consumidor (Decon), de Repress\u00e3o a Crimes Contra a Ordem Tribut\u00e1ria (DOT) e Pol\u00edcia Militar<\/em><\/p>\n<p><img fetchpriority=\"high\" decoding=\"async\" class=\"aligncenter wp-image-291628 size-full\" src=\"https:\/\/goias.gov.br\/seguranca\/wp-content\/uploads\/sites\/56\/2026\/03\/WhatsApp-Image-2026-03-11-at-09.19.35.jpeg\" alt=\"\" width=\"1600\" height=\"1200\" srcset=\"https:\/\/goias.gov.br\/seguranca\/wp-content\/uploads\/sites\/56\/2026\/03\/WhatsApp-Image-2026-03-11-at-09.19.35.jpeg 1600w, https:\/\/goias.gov.br\/seguranca\/wp-content\/uploads\/sites\/56\/2026\/03\/WhatsApp-Image-2026-03-11-at-09.19.35-300x225.jpeg 300w, https:\/\/goias.gov.br\/seguranca\/wp-content\/uploads\/sites\/56\/2026\/03\/WhatsApp-Image-2026-03-11-at-09.19.35-1024x768.jpeg 1024w, https:\/\/goias.gov.br\/seguranca\/wp-content\/uploads\/sites\/56\/2026\/03\/WhatsApp-Image-2026-03-11-at-09.19.35-768x576.jpeg 768w, https:\/\/goias.gov.br\/seguranca\/wp-content\/uploads\/sites\/56\/2026\/03\/WhatsApp-Image-2026-03-11-at-09.19.35-1536x1152.jpeg 1536w, https:\/\/goias.gov.br\/seguranca\/wp-content\/uploads\/sites\/56\/2026\/03\/WhatsApp-Image-2026-03-11-at-09.19.35-600x450.jpeg 600w\" sizes=\"(max-width: 1600px) 100vw, 1600px\" \/><\/p>\n<p style=\"text-align: justify\">Uma a\u00e7\u00e3o conjunta envolvendo o Procon Goi\u00e1s, a Delegacia Estadual de Repress\u00e3o a Crimes Contra o Consumidor (Decon), a Delegacia de Repress\u00e3o a Crimes Contra a Ordem Tribut\u00e1ria (DOT) e a Pol\u00edcia Militar deu in\u00edcio, nesta ter\u00e7a-feira (10\/3), na Opera\u00e7\u00e3o Combust\u00edvel Justo, uma fiscaliza\u00e7\u00e3o em distribuidoras de combust\u00edveis localizadas em Senador Canedo. Foram alvos da opera\u00e7\u00e3o 14 distribuidoras, das quais quatro foram autuadas.<\/p>\n<p style=\"text-align: justify\">A a\u00e7\u00e3o foi motivada pela observa\u00e7\u00e3o de aumento abrupto no pre\u00e7o do \u00f3leo diesel, que em alguns casos passou de aproximadamente R$ 5,30 para at\u00e9 R$ 7,80 por litro nos postos de combust\u00edvel. A fiscaliza\u00e7\u00e3o busca verificar as justificativas dos agentes de toda cadeia de distribui\u00e7\u00e3o, especialmente considerando que n\u00e3o houve altera\u00e7\u00e3o oficial recente nos pre\u00e7os praticados pela Petrobras para distribuidoras.<\/p>\n<p style=\"text-align: justify\">Durante a opera\u00e7\u00e3o desta ter\u00e7a-feira os fiscais do Procon Goi\u00e1s solicitaram as notas fiscais de compra e venda do diesel S10 e S500. As quatro distribuidoras autuadas foram por aumento injustificado de pre\u00e7os. Em um dos casos, no per\u00edodo de 13 de fevereiro a 10 de mar\u00e7o, o estabelecimento comprou o diesel S10 por R$ 4,90 e o vendia ao pre\u00e7o m\u00e9dio de R$ 5,30. Por\u00e9m, passou a vender aos postos por R$ 7,55 no dia 9 de mar\u00e7o.<\/p>\n<p style=\"text-align: justify\">O superintendente do Procon Goi\u00e1s, Marco Palmerston, destaca que \u00e9 preciso responsabilidade de todos os elos desse mercado, pois um aumento injustificado de pre\u00e7o de combust\u00edvel impacta na vida de toda popula\u00e7\u00e3o. \u201cAumento, principalmente do diesel, significa eleva\u00e7\u00e3o de valor de frete, de alimentos, de insumos. N\u00e3o vamos admitir que consumidores e transportadores goianos sejam prejudicados por aumentos desproporcionais. Todo o mercado precisa agir com transpar\u00eancia\u201d, afirma.<\/p>\n<p style=\"text-align: justify\">Notifica\u00e7\u00e3o<br \/>\nAl\u00e9m das distribuidoras autuadas, 11 foram notificadas e ter\u00e3o de apresentar, em at\u00e9 sete dias, notas fiscais de compra e venda do combust\u00edvel dos \u00faltimos 30 dias, informa\u00e7\u00e3o sobre o estoque dispon\u00edvel dos combust\u00edveis comercializados, relatar se houve limita\u00e7\u00e3o ou recusa de venda a postos de combust\u00edveis, al\u00e9m de esclarecer se houve diminui\u00e7\u00e3o da quota estabelecida pela Petrobras.<\/p>\n<p style=\"text-align: justify\">As fiscaliza\u00e7\u00f5es continuar\u00e3o nos pr\u00f3ximos dias e novas medidas poder\u00e3o ser adotadas caso sejam identificadas irregularidades. Al\u00e9m da apura\u00e7\u00e3o administrativa conduzida pelo Procon Goi\u00e1s, os elementos coletados durante a fiscaliza\u00e7\u00e3o ser\u00e3o encaminhados \u00e0 Decon para an\u00e1lise e eventual apura\u00e7\u00e3o de responsabilidades na esfera penal.<\/p>\n<p style=\"text-align: justify\">O Procon Goi\u00e1s refor\u00e7a que seguir\u00e1 atento aos desdobramentos desse mercado e orienta que consumidores que identifiquem situa\u00e7\u00f5es suspeitas registrem den\u00fancia nos canais oficiais do \u00f3rg\u00e3o. Os contatos de atendimento s\u00e3o os telefones 151 ou (62) 3201-7124. O registro pode ser feito ainda pelo Portal Expresso (www.go.gov.br).<\/p>\n<p style=\"text-align: justify\"><strong>Fotos: Procon Goi\u00e1s<\/strong><\/p>\n<p style=\"text-align: justify\"><strong>Secretaria de Seguran\u00e7a P\u00fablica \u2013 Governo de Goi\u00e1s<\/strong><\/p>\n<p>&nbsp;<\/p>\n<div id='gallery-1' class='gallery galleryid-291624 gallery-columns-3 gallery-size-medium'><figure class='gallery-item'>\n\t\t\t<div class='gallery-icon landscape'>\n\t\t\t\t<a href='https:\/\/goias.gov.br\/seguranca\/em-operacao-conjunta-4-distribuidoras-de-combustiveis-sao-autuadas-pelo-procon-goias\/whatsapp-image-2026-03-11-at-09-19-38\/'><img decoding=\"async\" width=\"300\" height=\"225\" src=\"https:\/\/goias.gov.br\/seguranca\/wp-content\/uploads\/sites\/56\/2026\/03\/WhatsApp-Image-2026-03-11-at-09.19.38-300x225.jpeg\" class=\"attachment-medium size-medium\" alt=\"\" srcset=\"https:\/\/goias.gov.br\/seguranca\/wp-content\/uploads\/sites\/56\/2026\/03\/WhatsApp-Image-2026-03-11-at-09.19.38-300x225.jpeg 300w, https:\/\/goias.gov.br\/seguranca\/wp-content\/uploads\/sites\/56\/2026\/03\/WhatsApp-Image-2026-03-11-at-09.19.38-1024x768.jpeg 1024w, https:\/\/goias.gov.br\/seguranca\/wp-content\/uploads\/sites\/56\/2026\/03\/WhatsApp-Image-2026-03-11-at-09.19.38-768x576.jpeg 768w, https:\/\/goias.gov.br\/seguranca\/wp-content\/uploads\/sites\/56\/2026\/03\/WhatsApp-Image-2026-03-11-at-09.19.38-1536x1152.jpeg 1536w, https:\/\/goias.gov.br\/seguranca\/wp-content\/uploads\/sites\/56\/2026\/03\/WhatsApp-Image-2026-03-11-at-09.19.38-600x450.jpeg 600w, https:\/\/goias.gov.br\/seguranca\/wp-content\/uploads\/sites\/56\/2026\/03\/WhatsApp-Image-2026-03-11-at-09.19.38.jpeg 1600w\" sizes=\"(max-width: 300px) 100vw, 300px\" \/><\/a>\n\t\t\t<\/div><\/figure><figure class='gallery-item'>\n\t\t\t<div class='gallery-icon landscape'>\n\t\t\t\t<a href='https:\/\/goias.gov.br\/seguranca\/em-operacao-conjunta-4-distribuidoras-de-combustiveis-sao-autuadas-pelo-procon-goias\/whatsapp-image-2026-03-11-at-09-19-37\/'><img decoding=\"async\" width=\"300\" height=\"169\" src=\"https:\/\/goias.gov.br\/seguranca\/wp-content\/uploads\/sites\/56\/2026\/03\/WhatsApp-Image-2026-03-11-at-09.19.37-300x169.jpeg\" class=\"attachment-medium size-medium\" alt=\"\" srcset=\"https:\/\/goias.gov.br\/seguranca\/wp-content\/uploads\/sites\/56\/2026\/03\/WhatsApp-Image-2026-03-11-at-09.19.37-300x169.jpeg 300w, https:\/\/goias.gov.br\/seguranca\/wp-content\/uploads\/sites\/56\/2026\/03\/WhatsApp-Image-2026-03-11-at-09.19.37-1024x576.jpeg 1024w, https:\/\/goias.gov.br\/seguranca\/wp-content\/uploads\/sites\/56\/2026\/03\/WhatsApp-Image-2026-03-11-at-09.19.37-768x432.jpeg 768w, https:\/\/goias.gov.br\/seguranca\/wp-content\/uploads\/sites\/56\/2026\/03\/WhatsApp-Image-2026-03-11-at-09.19.37-1536x864.jpeg 1536w, https:\/\/goias.gov.br\/seguranca\/wp-content\/uploads\/sites\/56\/2026\/03\/WhatsApp-Image-2026-03-11-at-09.19.37.jpeg 1599w\" sizes=\"(max-width: 300px) 100vw, 300px\" \/><\/a>\n\t\t\t<\/div><\/figure><figure class='gallery-item'>\n\t\t\t<div class='gallery-icon portrait'>\n\t\t\t\t<a href='https:\/\/goias.gov.br\/seguranca\/em-operacao-conjunta-4-distribuidoras-de-combustiveis-sao-autuadas-pelo-procon-goias\/whatsapp-image-2026-03-11-at-09-19-36\/'><img loading=\"lazy\" decoding=\"async\" width=\"169\" height=\"300\" src=\"https:\/\/goias.gov.br\/seguranca\/wp-content\/uploads\/sites\/56\/2026\/03\/WhatsApp-Image-2026-03-11-at-09.19.36-169x300.jpeg\" class=\"attachment-medium size-medium\" alt=\"\" srcset=\"https:\/\/goias.gov.br\/seguranca\/wp-content\/uploads\/sites\/56\/2026\/03\/WhatsApp-Image-2026-03-11-at-09.19.36-169x300.jpeg 169w, https:\/\/goias.gov.br\/seguranca\/wp-content\/uploads\/sites\/56\/2026\/03\/WhatsApp-Image-2026-03-11-at-09.19.36-576x1024.jpeg 576w, https:\/\/goias.gov.br\/seguranca\/wp-content\/uploads\/sites\/56\/2026\/03\/WhatsApp-Image-2026-03-11-at-09.19.36-768x1366.jpeg 768w, https:\/\/goias.gov.br\/seguranca\/wp-content\/uploads\/sites\/56\/2026\/03\/WhatsApp-Image-2026-03-11-at-09.19.36-864x1536.jpeg 864w, https:\/\/goias.gov.br\/seguranca\/wp-content\/uploads\/sites\/56\/2026\/03\/WhatsApp-Image-2026-03-11-at-09.19.36.jpeg 899w\" sizes=\"(max-width: 169px) 100vw, 169px\" \/><\/a>\n\t\t\t<\/div><\/figure>\n\t\t<\/div>\n\n","protected":false},"excerpt":{"rendered":"<p>Em Senador Canedo, a\u00e7\u00e3o que visa coibir aumento injustificado nos pre\u00e7os dos combust\u00edveis ocorreu com apoio das Delegacias do Consumidor (Decon), de Repress\u00e3o a Crimes Contra a Ordem Tribut\u00e1ria (DOT) e Pol\u00edcia Militar Uma a\u00e7\u00e3o conjunta envolvendo o Procon Goi\u00e1s, a Delegacia Estadual de Repress\u00e3o a Crimes Contra o Consumidor (Decon), a Delegacia de Repress\u00e3o [&hellip;]<\/p>\n","protected":false},"author":485,"featured_media":291628,"comment_status":"closed","ping_status":"open","sticky":false,"template":"","format":"standard","meta":{"footnotes":"","_links_to":"","_links_to_target":""},"categories":[3,10,11],"tags":[8,2332,652],"class_list":["post-291624","post","type-post","status-publish","format-standard","has-post-thumbnail","hentry","category-noticias","category-noticias-da-ssp","category-ultimo-segundo","tag-goias","tag-integracao","tag-seguranca-publica"],"rttpg_featured_image_url":{"full":["https:\/\/goias.gov.br\/seguranca\/wp-content\/uploads\/sites\/56\/2026\/03\/WhatsApp-Image-2026-03-11-at-09.19.35.jpeg",1600,1200,false],"landscape":["https:\/\/goias.gov.br\/seguranca\/wp-content\/uploads\/sites\/56\/2026\/03\/WhatsApp-Image-2026-03-11-at-09.19.35.jpeg",1600,1200,false],"portraits":["https:\/\/goias.gov.br\/seguranca\/wp-content\/uploads\/sites\/56\/2026\/03\/WhatsApp-Image-2026-03-11-at-09.19.35.jpeg",1600,1200,false],"thumbnail":["https:\/\/goias.gov.br\/seguranca\/wp-content\/uploads\/sites\/56\/2026\/03\/WhatsApp-Image-2026-03-11-at-09.19.35-150x150.jpeg",150,150,true],"medium":["https:\/\/goias.gov.br\/seguranca\/wp-content\/uploads\/sites\/56\/2026\/03\/WhatsApp-Image-2026-03-11-at-09.19.35-300x225.jpeg",300,225,true],"large":["https:\/\/goias.gov.br\/seguranca\/wp-content\/uploads\/sites\/56\/2026\/03\/WhatsApp-Image-2026-03-11-at-09.19.35-1024x768.jpeg",1024,768,true],"1536x1536":["https:\/\/goias.gov.br\/seguranca\/wp-content\/uploads\/sites\/56\/2026\/03\/WhatsApp-Image-2026-03-11-at-09.19.35-1536x1152.jpeg",1536,1152,true],"2048x2048":["https:\/\/goias.gov.br\/seguranca\/wp-content\/uploads\/sites\/56\/2026\/03\/WhatsApp-Image-2026-03-11-at-09.19.35.jpeg",1600,1200,false]},"rttpg_author":{"display_name":"giovanamarcos","author_link":"https:\/\/goias.gov.br\/seguranca\/author\/giovanamarcos\/"},"rttpg_comment":0,"rttpg_category":"<a href=\"https:\/\/goias.gov.br\/seguranca\/categoria\/noticias\/\" rel=\"category tag\">Not\u00edcias<\/a> <a href=\"https:\/\/goias.gov.br\/seguranca\/categoria\/noticias-da-ssp\/\" rel=\"category tag\">Not\u00edcias da SSP<\/a> <a href=\"https:\/\/goias.gov.br\/seguranca\/categoria\/ultimo-segundo\/\" rel=\"category tag\">\u00daltimo Segundo<\/a>","rttpg_excerpt":"Em Senador Canedo, a\u00e7\u00e3o que visa coibir aumento injustificado nos pre\u00e7os dos combust\u00edveis ocorreu com apoio das Delegacias do Consumidor (Decon), de Repress\u00e3o a Crimes Contra a Ordem Tribut\u00e1ria (DOT) e Pol\u00edcia Militar Uma a\u00e7\u00e3o conjunta envolvendo o Procon Goi\u00e1s, a Delegacia Estadual de Repress\u00e3o a Crimes Contra o Consumidor (Decon), a Delegacia de Repress\u00e3o&hellip;","_links":{"self":[{"href":"https:\/\/goias.gov.br\/seguranca\/wp-json\/wp\/v2\/posts\/291624","targetHints":{"allow":["GET"]}}],"collection":[{"href":"https:\/\/goias.gov.br\/seguranca\/wp-json\/wp\/v2\/posts"}],"about":[{"href":"https:\/\/goias.gov.br\/seguranca\/wp-json\/wp\/v2\/types\/post"}],"author":[{"embeddable":true,"href":"https:\/\/goias.gov.br\/seguranca\/wp-json\/wp\/v2\/users\/485"}],"replies":[{"embeddable":true,"href":"https:\/\/goias.gov.br\/seguranca\/wp-json\/wp\/v2\/comments?post=291624"}],"version-history":[{"count":1,"href":"https:\/\/goias.gov.br\/seguranca\/wp-json\/wp\/v2\/posts\/291624\/revisions"}],"predecessor-version":[{"id":291629,"href":"https:\/\/goias.gov.br\/seguranca\/wp-json\/wp\/v2\/posts\/291624\/revisions\/291629"}],"wp:featuredmedia":[{"embeddable":true,"href":"https:\/\/goias.gov.br\/seguranca\/wp-json\/wp\/v2\/media\/291628"}],"wp:attachment":[{"href":"https:\/\/goias.gov.br\/seguranca\/wp-json\/wp\/v2\/media?parent=291624"}],"wp:term":[{"taxonomy":"category","embeddable":true,"href":"https:\/\/goias.gov.br\/seguranca\/wp-json\/wp\/v2\/categories?post=291624"},{"taxonomy":"post_tag","embeddable":true,"href":"https:\/\/goias.gov.br\/seguranca\/wp-json\/wp\/v2\/tags?post=291624"}],"curies":[{"name":"wp","href":"https:\/\/api.w.org\/{rel}","templated":true}]}}