

{"id":291592,"date":"2026-03-09T16:19:27","date_gmt":"2026-03-09T19:19:27","guid":{"rendered":"https:\/\/goias.gov.br\/seguranca\/?p=291592"},"modified":"2026-03-10T11:23:50","modified_gmt":"2026-03-10T14:23:50","slug":"policiais-penais-iniciam-mestrado-profissional-em-engenharia-de-producao","status":"publish","type":"post","link":"https:\/\/goias.gov.br\/seguranca\/policiais-penais-iniciam-mestrado-profissional-em-engenharia-de-producao\/","title":{"rendered":"Policiais penais iniciam mestrado profissional em Engenharia de Produ\u00e7\u00e3o"},"content":{"rendered":"<p class=\"entry-sub-title\" style=\"text-align: center\"><em>P\u00f3s-gradua\u00e7\u00e3o tem carga hor\u00e1ria de 544 horas<\/em><\/p>\n<p><img fetchpriority=\"high\" decoding=\"async\" class=\"aligncenter wp-image-291593 \" src=\"https:\/\/goias.gov.br\/seguranca\/wp-content\/uploads\/sites\/56\/2026\/03\/SaveClip.App_649928334_18348917956229244_3200365283835508217_n.jpg\" alt=\"\" width=\"740\" height=\"555\" srcset=\"https:\/\/goias.gov.br\/seguranca\/wp-content\/uploads\/sites\/56\/2026\/03\/SaveClip.App_649928334_18348917956229244_3200365283835508217_n.jpg 1080w, https:\/\/goias.gov.br\/seguranca\/wp-content\/uploads\/sites\/56\/2026\/03\/SaveClip.App_649928334_18348917956229244_3200365283835508217_n-300x225.jpg 300w, https:\/\/goias.gov.br\/seguranca\/wp-content\/uploads\/sites\/56\/2026\/03\/SaveClip.App_649928334_18348917956229244_3200365283835508217_n-1024x768.jpg 1024w, https:\/\/goias.gov.br\/seguranca\/wp-content\/uploads\/sites\/56\/2026\/03\/SaveClip.App_649928334_18348917956229244_3200365283835508217_n-768x576.jpg 768w, https:\/\/goias.gov.br\/seguranca\/wp-content\/uploads\/sites\/56\/2026\/03\/SaveClip.App_649928334_18348917956229244_3200365283835508217_n-600x450.jpg 600w\" sizes=\"(max-width: 740px) 100vw, 740px\" \/><\/p>\n<p style=\"text-align: justify\">Quinze policiais penais iniciaram, nesta segunda-feira (09\/03), o Mestrado Profissional do Programa de P\u00f3s-Gradua\u00e7\u00e3o em Engenharia de Produ\u00e7\u00e3o da Universidade Federal de Goi\u00e1s (UFG), em conv\u00eanio com a Diretoria-Geral de Pol\u00edcia Penal (DGPP). A aula inaugural ocorreu no C\u00e2mpus Aparecida de Goi\u00e2nia.<\/p>\n<p style=\"text-align: justify\">O mestrado tem previs\u00e3o de dura\u00e7\u00e3o de dois anos, com carga hor\u00e1ria de 544 horas. O foco \u00e9 a aplica\u00e7\u00e3o do conhecimento t\u00e9cnico-cient\u00edfico para resolver desafios espec\u00edficos da administra\u00e7\u00e3o penitenci\u00e1ria, fortalecendo processos de gest\u00e3o e planejamento estrat\u00e9gico. O objetivo \u00e9 produzir pesquisas aplicadas, disseminar conhecimento e, assim, inovar e otimizar os processos internos da Pol\u00edcia Penal de Goi\u00e1s.<\/p>\n<p style=\"text-align: justify\">\u201cO Governo de Goi\u00e1s tem investido bastante na qualifica\u00e7\u00e3o profissional do servidor p\u00fablico, pois o conhecimento acad\u00eamico faz toda a diferen\u00e7a na gest\u00e3o p\u00fablica. Acredito, inclusive, que o nosso conv\u00eanio com a UFG possa evoluir para um doutorado no futuro\u201d, afirmou o diretor-geral da PPGO, Josimar Pires.<\/p>\n<p style=\"text-align: justify\">O mestrado possui \u00e1rea de concentra\u00e7\u00e3o denominada Gest\u00e3o Estrat\u00e9gica e Operacional da Produ\u00e7\u00e3o, com a proposta de unir as compet\u00eancias em Estrat\u00e9gia e Efetividade Operacional, pr\u00f3prias da Engenharia de Produ\u00e7\u00e3o. Nessa \u00e1rea, estuda-se, por um lado, como as organiza\u00e7\u00f5es definem e implementam suas estrat\u00e9gias de neg\u00f3cio de modo a aumentar sua competitividade, independentemente de serem entidades privadas ou p\u00fablicas, de servi\u00e7os ou da ind\u00fastria.<\/p>\n<p><img decoding=\"async\" class=\"aligncenter wp-image-291594 \" src=\"https:\/\/goias.gov.br\/seguranca\/wp-content\/uploads\/sites\/56\/2026\/03\/SaveClip.App_648730047_18348917965229244_449642239827975018_n.jpg\" alt=\"\" width=\"735\" height=\"551\" srcset=\"https:\/\/goias.gov.br\/seguranca\/wp-content\/uploads\/sites\/56\/2026\/03\/SaveClip.App_648730047_18348917965229244_449642239827975018_n.jpg 1080w, https:\/\/goias.gov.br\/seguranca\/wp-content\/uploads\/sites\/56\/2026\/03\/SaveClip.App_648730047_18348917965229244_449642239827975018_n-300x225.jpg 300w, https:\/\/goias.gov.br\/seguranca\/wp-content\/uploads\/sites\/56\/2026\/03\/SaveClip.App_648730047_18348917965229244_449642239827975018_n-1024x768.jpg 1024w, https:\/\/goias.gov.br\/seguranca\/wp-content\/uploads\/sites\/56\/2026\/03\/SaveClip.App_648730047_18348917965229244_449642239827975018_n-768x576.jpg 768w, https:\/\/goias.gov.br\/seguranca\/wp-content\/uploads\/sites\/56\/2026\/03\/SaveClip.App_648730047_18348917965229244_449642239827975018_n-600x450.jpg 600w\" sizes=\"(max-width: 735px) 100vw, 735px\" \/><\/p>\n<p><strong>Fotos: Pol\u00edcia Penal\u00a0<\/strong><\/p>\n<p><strong>Pol\u00edcia Penal de Goi\u00e1s \u2013 Secretaria da Seguran\u00e7a P\u00fablica \u2013 Governo de Goi\u00e1s\u00a0<\/strong><\/p>\n","protected":false},"excerpt":{"rendered":"<p>P\u00f3s-gradua\u00e7\u00e3o tem carga hor\u00e1ria de 544 horas Quinze policiais penais iniciaram, nesta segunda-feira (09\/03), o Mestrado Profissional do Programa de P\u00f3s-Gradua\u00e7\u00e3o em Engenharia de Produ\u00e7\u00e3o da Universidade Federal de Goi\u00e1s (UFG), em conv\u00eanio com a Diretoria-Geral de Pol\u00edcia Penal (DGPP). A aula inaugural ocorreu no C\u00e2mpus Aparecida de Goi\u00e2nia. O mestrado tem previs\u00e3o de dura\u00e7\u00e3o [&hellip;]<\/p>\n","protected":false},"author":484,"featured_media":291593,"comment_status":"closed","ping_status":"open","sticky":false,"template":"","format":"standard","meta":{"footnotes":"","_links_to":"","_links_to_target":""},"categories":[3,10,11],"tags":[3688,8,2317],"class_list":["post-291592","post","type-post","status-publish","format-standard","has-post-thumbnail","hentry","category-noticias","category-noticias-da-ssp","category-ultimo-segundo","tag-conhecimento","tag-goias","tag-policia-penal"],"rttpg_featured_image_url":{"full":["https:\/\/goias.gov.br\/seguranca\/wp-content\/uploads\/sites\/56\/2026\/03\/SaveClip.App_649928334_18348917956229244_3200365283835508217_n.jpg",1080,810,false],"landscape":["https:\/\/goias.gov.br\/seguranca\/wp-content\/uploads\/sites\/56\/2026\/03\/SaveClip.App_649928334_18348917956229244_3200365283835508217_n.jpg",1080,810,false],"portraits":["https:\/\/goias.gov.br\/seguranca\/wp-content\/uploads\/sites\/56\/2026\/03\/SaveClip.App_649928334_18348917956229244_3200365283835508217_n.jpg",1080,810,false],"thumbnail":["https:\/\/goias.gov.br\/seguranca\/wp-content\/uploads\/sites\/56\/2026\/03\/SaveClip.App_649928334_18348917956229244_3200365283835508217_n-150x150.jpg",150,150,true],"medium":["https:\/\/goias.gov.br\/seguranca\/wp-content\/uploads\/sites\/56\/2026\/03\/SaveClip.App_649928334_18348917956229244_3200365283835508217_n-300x225.jpg",300,225,true],"large":["https:\/\/goias.gov.br\/seguranca\/wp-content\/uploads\/sites\/56\/2026\/03\/SaveClip.App_649928334_18348917956229244_3200365283835508217_n-1024x768.jpg",1024,768,true],"1536x1536":["https:\/\/goias.gov.br\/seguranca\/wp-content\/uploads\/sites\/56\/2026\/03\/SaveClip.App_649928334_18348917956229244_3200365283835508217_n.jpg",1080,810,false],"2048x2048":["https:\/\/goias.gov.br\/seguranca\/wp-content\/uploads\/sites\/56\/2026\/03\/SaveClip.App_649928334_18348917956229244_3200365283835508217_n.jpg",1080,810,false]},"rttpg_author":{"display_name":"isabeloliveira","author_link":"https:\/\/goias.gov.br\/seguranca\/author\/isabeloliveira\/"},"rttpg_comment":0,"rttpg_category":"<a href=\"https:\/\/goias.gov.br\/seguranca\/categoria\/noticias\/\" rel=\"category tag\">Not\u00edcias<\/a> <a href=\"https:\/\/goias.gov.br\/seguranca\/categoria\/noticias-da-ssp\/\" rel=\"category tag\">Not\u00edcias da SSP<\/a> <a href=\"https:\/\/goias.gov.br\/seguranca\/categoria\/ultimo-segundo\/\" rel=\"category tag\">\u00daltimo Segundo<\/a>","rttpg_excerpt":"P\u00f3s-gradua\u00e7\u00e3o tem carga hor\u00e1ria de 544 horas Quinze policiais penais iniciaram, nesta segunda-feira (09\/03), o Mestrado Profissional do Programa de P\u00f3s-Gradua\u00e7\u00e3o em Engenharia de Produ\u00e7\u00e3o da Universidade Federal de Goi\u00e1s (UFG), em conv\u00eanio com a Diretoria-Geral de Pol\u00edcia Penal (DGPP). A aula inaugural ocorreu no C\u00e2mpus Aparecida de Goi\u00e2nia. O mestrado tem previs\u00e3o de dura\u00e7\u00e3o&hellip;","_links":{"self":[{"href":"https:\/\/goias.gov.br\/seguranca\/wp-json\/wp\/v2\/posts\/291592","targetHints":{"allow":["GET"]}}],"collection":[{"href":"https:\/\/goias.gov.br\/seguranca\/wp-json\/wp\/v2\/posts"}],"about":[{"href":"https:\/\/goias.gov.br\/seguranca\/wp-json\/wp\/v2\/types\/post"}],"author":[{"embeddable":true,"href":"https:\/\/goias.gov.br\/seguranca\/wp-json\/wp\/v2\/users\/484"}],"replies":[{"embeddable":true,"href":"https:\/\/goias.gov.br\/seguranca\/wp-json\/wp\/v2\/comments?post=291592"}],"version-history":[{"count":2,"href":"https:\/\/goias.gov.br\/seguranca\/wp-json\/wp\/v2\/posts\/291592\/revisions"}],"predecessor-version":[{"id":291596,"href":"https:\/\/goias.gov.br\/seguranca\/wp-json\/wp\/v2\/posts\/291592\/revisions\/291596"}],"wp:featuredmedia":[{"embeddable":true,"href":"https:\/\/goias.gov.br\/seguranca\/wp-json\/wp\/v2\/media\/291593"}],"wp:attachment":[{"href":"https:\/\/goias.gov.br\/seguranca\/wp-json\/wp\/v2\/media?parent=291592"}],"wp:term":[{"taxonomy":"category","embeddable":true,"href":"https:\/\/goias.gov.br\/seguranca\/wp-json\/wp\/v2\/categories?post=291592"},{"taxonomy":"post_tag","embeddable":true,"href":"https:\/\/goias.gov.br\/seguranca\/wp-json\/wp\/v2\/tags?post=291592"}],"curies":[{"name":"wp","href":"https:\/\/api.w.org\/{rel}","templated":true}]}}