

{"id":285486,"date":"2025-12-09T11:56:33","date_gmt":"2025-12-09T14:56:33","guid":{"rendered":"https:\/\/goias.gov.br\/seguranca\/?p=285486"},"modified":"2025-12-09T11:56:33","modified_gmt":"2025-12-09T14:56:33","slug":"notificacao-no-90-2025-ssp-cfp-20836","status":"publish","type":"post","link":"https:\/\/goias.gov.br\/seguranca\/notificacao-no-90-2025-ssp-cfp-20836\/","title":{"rendered":"Notifica\u00e7\u00e3o\u00a0N\u00ba 90 \/ 2025 SSP\/CFP-20836"},"content":{"rendered":"<p><strong>Notifica\u00e7\u00e3o\u00a0N\u00ba 90 \/ 2025 SSP\/CFP-20836<\/strong><\/p>\n<p>Sr. PAULO JOS\u00c9 ALVES DE OLIVEIRA,<\/p>\n<p>Gerente de Gest\u00e3o e Desenvolvimento de Pessoas<\/p>\n<p>da Superintendente de Gest\u00e3o Integrada,<\/p>\n<p>da Secretaria de Estado da Seguran\u00e7a P\u00fablica,<\/p>\n<p>no uso de suas atribui\u00e7\u00f5es legais.<\/p>\n<p>&nbsp;<\/p>\n<p>Notifica o Sr.\u00a0<strong>LUIZ ANTERO DE MORAIS<\/strong>, inscrito no CPF sob o n\u00ba 026.431.541-34, residente e domiciliado \u00e0 Rua B4, Quadra: 54, Lote: 19, Bairro Parque das Laranjeiras, CEP 74855-080, Goi\u00e2nia &#8211; Goi\u00e1s, tendo em vista o Of\u00edcio n\u00ba 2374\/2023 &#8211; SERV-PUBLICA, inserido no processo administrativo 202300047003809, que ap\u00f3s auditorias realizadas nos benef\u00edcios concedidos aos anistiados pol\u00edticos no \u00e2mbito Estadual e Federal, verificou-se que o referido anistiado pol\u00edtico recebeu repara\u00e7\u00e3o econ\u00f4mica nos dois entes Federativos (Uni\u00e3o e Estado). A\u00a0<a href=\"https:\/\/legisla.casacivil.go.gov.br\/api\/v2\/pesquisa\/legislacoes\/81633\/pdf\">Lei n\u00ba 14.067, de 26 de dezembro de 2001<\/a>:<\/p>\n<p>\u201cArt. 3\u00b0. A concess\u00e3o de eventual repara\u00e7\u00e3o econ\u00f4mica pela Uni\u00e3o, fundada em iguais motivos, impede a repara\u00e7\u00e3o estabelecida nesta lei, facultando-se, por\u00e9m, a op\u00e7\u00e3o mais favor\u00e1vel\u201d.<\/p>\n<p>De acordo com a Lei\u00a0<a href=\"http:\/\/legislacao.planalto.gov.br\/legisla\/legislacao.nsf\/Viw_Identificacao\/lei%2010.559-2002?OpenDocument\">n\u00ba 10.559, de 13 de Novembro de 2002<\/a>:<\/p>\n<p><a href=\"http:\/\/legislacao.planalto.gov.br\/legisla\/legislacao.nsf\/Viw_Identificacao\/lei%2010.559-2002?OpenDocument\">\u201c<\/a>Art. 16. Os direitos expressos nesta Lei n\u00e3o excluem os conferidos por outras normas legais ou constitucionais,\u00a0<strong>vedada a acumula\u00e7\u00e3o de quaisquer pagamentos ou benef\u00edcios ou indeniza\u00e7\u00e3o com o mesmo fundamento, facultando-se a op\u00e7\u00e3o mais favor\u00e1vel\u201d<\/strong>.<\/p>\n<p>Fica o senhor mencionado, notificado a apresentar defesa, no prazo de 10 (dez) dias a partir da publica\u00e7\u00e3o no di\u00e1rio oficial. A defesa dever\u00e1 ser apresentada por escrito e encaminhada atrav\u00e9s do e-mail: folha.ssp@goias.gov.br, ou pessoalmente na Ger\u00eancia de Gest\u00e3o e Desenvolvimento de Pessoas da Secretaria de Estado da Seguran\u00e7a P\u00fablica, na Rua 17, Qd. 01, lote 01, St. Aerovi\u00e1rio, Goi\u00e2nia, CEP: 74.435-300,\u00a0<strong>das 08:00h \u00e0s 12:00h ou das 13h \u00e0s 18:00h<\/strong>. A n\u00e3o apresenta\u00e7\u00e3o de defesa no prazo estabelecido, n\u00e3o impede a continuidade do andamento processual.<\/p>\n<p>Goi\u00e2nia, 08 de dezembro de\u00a02025.<\/p>\n<p><strong><a href=\"https:\/\/goias.gov.br\/seguranca\/wp-content\/uploads\/sites\/56\/2025\/12\/NOTIFICACAO-No-89-2025-SSPCFP-20836-1.pdf\">NOTIFICA\u00c7\u00c3O <\/a><\/strong><\/p>\n","protected":false},"excerpt":{"rendered":"<p>Notifica\u00e7\u00e3o\u00a0N\u00ba 90 \/ 2025 SSP\/CFP-20836 Sr. PAULO JOS\u00c9 ALVES DE OLIVEIRA, Gerente de Gest\u00e3o e Desenvolvimento de Pessoas da Superintendente de Gest\u00e3o Integrada, da Secretaria de Estado da Seguran\u00e7a P\u00fablica, no uso de suas atribui\u00e7\u00f5es legais. &nbsp; Notifica o Sr.\u00a0LUIZ ANTERO DE MORAIS, inscrito no CPF sob o n\u00ba 026.431.541-34, residente e domiciliado \u00e0 Rua [&hellip;]<\/p>\n","protected":false},"author":489,"featured_media":0,"comment_status":"closed","ping_status":"open","sticky":false,"template":"","format":"standard","meta":{"footnotes":"","_links_to":"","_links_to_target":""},"categories":[2152],"tags":[],"class_list":["post-285486","post","type-post","status-publish","format-standard","hentry","category-extratos-pm"],"rttpg_featured_image_url":null,"rttpg_author":{"display_name":"mauritaniaprado","author_link":"https:\/\/goias.gov.br\/seguranca\/author\/mauritaniaprado\/"},"rttpg_comment":0,"rttpg_category":"<a href=\"https:\/\/goias.gov.br\/seguranca\/categoria\/extratos-pm\/\" rel=\"category tag\">Extratos<\/a>","rttpg_excerpt":"Notifica\u00e7\u00e3o\u00a0N\u00ba 90 \/ 2025 SSP\/CFP-20836 Sr. PAULO JOS\u00c9 ALVES DE OLIVEIRA, Gerente de Gest\u00e3o e Desenvolvimento de Pessoas da Superintendente de Gest\u00e3o Integrada, da Secretaria de Estado da Seguran\u00e7a P\u00fablica, no uso de suas atribui\u00e7\u00f5es legais. &nbsp; Notifica o Sr.\u00a0LUIZ ANTERO DE MORAIS, inscrito no CPF sob o n\u00ba 026.431.541-34, residente e domiciliado \u00e0 Rua&hellip;","_links":{"self":[{"href":"https:\/\/goias.gov.br\/seguranca\/wp-json\/wp\/v2\/posts\/285486","targetHints":{"allow":["GET"]}}],"collection":[{"href":"https:\/\/goias.gov.br\/seguranca\/wp-json\/wp\/v2\/posts"}],"about":[{"href":"https:\/\/goias.gov.br\/seguranca\/wp-json\/wp\/v2\/types\/post"}],"author":[{"embeddable":true,"href":"https:\/\/goias.gov.br\/seguranca\/wp-json\/wp\/v2\/users\/489"}],"replies":[{"embeddable":true,"href":"https:\/\/goias.gov.br\/seguranca\/wp-json\/wp\/v2\/comments?post=285486"}],"version-history":[{"count":1,"href":"https:\/\/goias.gov.br\/seguranca\/wp-json\/wp\/v2\/posts\/285486\/revisions"}],"predecessor-version":[{"id":285488,"href":"https:\/\/goias.gov.br\/seguranca\/wp-json\/wp\/v2\/posts\/285486\/revisions\/285488"}],"wp:attachment":[{"href":"https:\/\/goias.gov.br\/seguranca\/wp-json\/wp\/v2\/media?parent=285486"}],"wp:term":[{"taxonomy":"category","embeddable":true,"href":"https:\/\/goias.gov.br\/seguranca\/wp-json\/wp\/v2\/categories?post=285486"},{"taxonomy":"post_tag","embeddable":true,"href":"https:\/\/goias.gov.br\/seguranca\/wp-json\/wp\/v2\/tags?post=285486"}],"curies":[{"name":"wp","href":"https:\/\/api.w.org\/{rel}","templated":true}]}}