

{"id":28511,"date":"2018-01-03T19:12:32","date_gmt":"2018-01-03T21:12:32","guid":{"rendered":"http:\/\/www.ssp.go.gov.br\/?p=28511"},"modified":"2018-01-03T19:12:32","modified_gmt":"2018-01-03T21:12:32","slug":"governo-convoca-1-600-vigilantes-penitenciarios","status":"publish","type":"post","link":"https:\/\/goias.gov.br\/seguranca\/governo-convoca-1-600-vigilantes-penitenciarios\/","title":{"rendered":"Governo convoca 1.600 vigilantes penitenci\u00e1rios"},"content":{"rendered":"<p style=\"text-align: left\" align=\"center\"><img fetchpriority=\"high\" decoding=\"async\" class=\"alignnone  wp-image-28513\" src=\"https:\/\/goias.gov.br\/seguranca\/wp-content\/uploads\/sites\/56\/2018\/01\/sspap-capa.png\" alt=\"\" width=\"889\" height=\"602\" \/><\/p>\n<p style=\"text-align: left\" align=\"center\"><strong>Nesta primeira etapa foram chamados 700 aprovados em processo seletivo. Convocados devem se apresentar imediatamente<\/strong><\/p>\n<p class=\"x_gmail-MsoNormal\">O Di\u00e1rio Oficial do Estado, que circula nesta quarta-feira (03\/01), concretiza o primeiro ato do pacote de medidas emergenciais visando a melhoria no sistema prisional do Estado, anunciado na ter\u00e7a-feira (2\/1) pelo governador Marconi Perillo. Saiu a homologa\u00e7\u00e3o do edital e o chamamento de 1.600 vigilantes penitenci\u00e1rios tempor\u00e1rios (VPT), do processo seletivo realizado em 2016 pela Escola de Governo Henrique Santillo, da Secretaria de Gest\u00e3o e Planejamento (Segplan). De imediato, a Secretaria de Seguran\u00e7a P\u00fablica e Administra\u00e7\u00e3o Penitenci\u00e1ria (SSPAP) est\u00e1 convocando 700 aprovados no processo seletivo.<\/p>\n<p class=\"x_gmail-MsoNormal\">Confira aqui a rela\u00e7\u00e3o dos convocados nesta primeira etapa:<\/p>\n<p class=\"x_gmail-MsoNormal\"><a href=\"https:\/\/goias.gov.br\/seguranca\/wp-content\/uploads\/sites\/56\/2018\/01\/convocacao-processo-seletivo-simplificado-para-contratacao-de-vigilantes-penitenciarios-temporarios.pdf\" target=\"_blank\" rel=\"noopener\">CONVOCA\u00c7\u00c3O &#8211; PROCESSO SELETIVO SIMPLIFICADO PARA CONTRATA\u00c7\u00c3O DE VIGILANTES PENITENCI\u00c1RIOS TEMPOR\u00c1RIOS<\/a><\/p>\n<p class=\"x_gmail-MsoNormal\"><b><i>Comunica\u00e7\u00e3o Setorial da SSPAP com Comunica\u00e7\u00e3o Setorial da Segplan<\/i><\/b><\/p>\n","protected":false},"excerpt":{"rendered":"<p>Nesta primeira etapa foram chamados 700 aprovados em processo seletivo. Convocados devem se apresentar imediatamente O Di\u00e1rio Oficial do Estado, que circula nesta quarta-feira (03\/01), concretiza o primeiro ato do pacote de medidas emergenciais visando a melhoria no sistema prisional do Estado, anunciado na ter\u00e7a-feira (2\/1) pelo governador Marconi Perillo. Saiu a homologa\u00e7\u00e3o do edital [&hellip;]<\/p>\n","protected":false},"author":3,"featured_media":28513,"comment_status":"closed","ping_status":"closed","sticky":false,"template":"","format":"standard","meta":{"footnotes":"","_links_to":"","_links_to_target":""},"categories":[11],"tags":[],"class_list":["post-28511","post","type-post","status-publish","format-standard","has-post-thumbnail","hentry","category-ultimo-segundo"],"rttpg_featured_image_url":null,"rttpg_author":{"display_name":"joanaredator","author_link":"https:\/\/goias.gov.br\/seguranca\/author\/joanaredator\/"},"rttpg_comment":0,"rttpg_category":"<a href=\"https:\/\/goias.gov.br\/seguranca\/categoria\/ultimo-segundo\/\" rel=\"category tag\">\u00daltimo Segundo<\/a>","rttpg_excerpt":"Nesta primeira etapa foram chamados 700 aprovados em processo seletivo. Convocados devem se apresentar imediatamente O Di\u00e1rio Oficial do Estado, que circula nesta quarta-feira (03\/01), concretiza o primeiro ato do pacote de medidas emergenciais visando a melhoria no sistema prisional do Estado, anunciado na ter\u00e7a-feira (2\/1) pelo governador Marconi Perillo. Saiu a homologa\u00e7\u00e3o do edital&hellip;","_links":{"self":[{"href":"https:\/\/goias.gov.br\/seguranca\/wp-json\/wp\/v2\/posts\/28511","targetHints":{"allow":["GET"]}}],"collection":[{"href":"https:\/\/goias.gov.br\/seguranca\/wp-json\/wp\/v2\/posts"}],"about":[{"href":"https:\/\/goias.gov.br\/seguranca\/wp-json\/wp\/v2\/types\/post"}],"author":[{"embeddable":true,"href":"https:\/\/goias.gov.br\/seguranca\/wp-json\/wp\/v2\/users\/3"}],"replies":[{"embeddable":true,"href":"https:\/\/goias.gov.br\/seguranca\/wp-json\/wp\/v2\/comments?post=28511"}],"version-history":[{"count":0,"href":"https:\/\/goias.gov.br\/seguranca\/wp-json\/wp\/v2\/posts\/28511\/revisions"}],"wp:featuredmedia":[{"embeddable":true,"href":"https:\/\/goias.gov.br\/seguranca\/wp-json\/"}],"wp:attachment":[{"href":"https:\/\/goias.gov.br\/seguranca\/wp-json\/wp\/v2\/media?parent=28511"}],"wp:term":[{"taxonomy":"category","embeddable":true,"href":"https:\/\/goias.gov.br\/seguranca\/wp-json\/wp\/v2\/categories?post=28511"},{"taxonomy":"post_tag","embeddable":true,"href":"https:\/\/goias.gov.br\/seguranca\/wp-json\/wp\/v2\/tags?post=28511"}],"curies":[{"name":"wp","href":"https:\/\/api.w.org\/{rel}","templated":true}]}}