

{"id":284668,"date":"2025-12-02T12:08:24","date_gmt":"2025-12-02T15:08:24","guid":{"rendered":"https:\/\/goias.gov.br\/seguranca\/historico-do-cargo-superintendente-de-acoes-e-operacoes-integradas-saoi\/"},"modified":"2025-12-02T12:08:24","modified_gmt":"2025-12-02T15:08:24","slug":"historico-do-cargo-superintendente-de-acoes-e-operacoes-integradas-saoi","status":"publish","type":"post","link":"https:\/\/goias.gov.br\/seguranca\/historico-do-cargo-superintendente-de-acoes-e-operacoes-integradas-saoi\/","title":{"rendered":"Hist\u00f3rico do Cargo Superintendente de A\u00e7\u00f5es e Opera\u00e7\u00f5es Integradas \u2013 SAOI"},"content":{"rendered":"<div class=\"accordion\" id=\"accordionExample\">\n<div class='accordion-item' style='border: none'>\n<h2 class='accordion-header' id='heading-0'>\n                    <button class='accordion-button' type='button' data-bs-toggle='collapse' data-bs-target='#collapse-0' aria-expanded='false' aria-controls='collapse-0' style='border: none;background-color: transparent'><br \/>\n                        EVENIR DA SILVA FRANCO JUNIOR: de: 01-03-2023 at\u00e9 30-11-2025<br \/>\n                    <\/button><br \/>\n                <\/h2>\n<div id='collapse-0' class='accordion-collapse collapse' aria-labelledby='heading-0' data-bs-parent='#accordionExample'>\n<div class='accordion-body'>\n<div class=\"r34ics-ajax-container loading\" id=\"historico-agenda-autoridades\" data-view=\"month\" data-view-is-list-style=\"0\" data-view-is-list-long=\"0\" data-args=\"57cc646f8a3c35c882373b8ba5de71ece7b5e609\" data-js-args=\"{&quot;debug&quot;:null}\">&nbsp;<\/div>\n<\/p><\/div>\n<\/p><\/div>\n<\/p><\/div>\n<\/p><\/div>\n<style>\n        .accordion-button:hover {\n            background-color: #f8f9fa; \/* Cor cinza claro *\/\n            color: #6c757d; \/* Cor cinza do texto *\/\n        }\n        <\/style>\n","protected":false},"excerpt":{"rendered":"<p>EVENIR DA SILVA FRANCO JUNIOR: de: 01-03-2023 at\u00e9 30-11-2025<\/p>\n","protected":false},"author":511,"featured_media":0,"comment_status":"closed","ping_status":"open","sticky":false,"template":"","format":"standard","meta":{"footnotes":"","_links_to":"","_links_to_target":""},"categories":[2410],"tags":[],"class_list":["post-284668","post","type-post","status-publish","format-standard","hentry","category-historico-de-agenda"],"rttpg_featured_image_url":null,"rttpg_author":{"display_name":"welsonsouza","author_link":"https:\/\/goias.gov.br\/seguranca\/author\/welsonsouza\/"},"rttpg_comment":0,"rttpg_category":"<a href=\"https:\/\/goias.gov.br\/seguranca\/categoria\/historico-de-agenda\/\" rel=\"category tag\">historico-de-agenda<\/a>","rttpg_excerpt":"EVENIR DA SILVA FRANCO JUNIOR: de: 01-03-2023 at\u00e9 30-11-2025","_links":{"self":[{"href":"https:\/\/goias.gov.br\/seguranca\/wp-json\/wp\/v2\/posts\/284668","targetHints":{"allow":["GET"]}}],"collection":[{"href":"https:\/\/goias.gov.br\/seguranca\/wp-json\/wp\/v2\/posts"}],"about":[{"href":"https:\/\/goias.gov.br\/seguranca\/wp-json\/wp\/v2\/types\/post"}],"author":[{"embeddable":true,"href":"https:\/\/goias.gov.br\/seguranca\/wp-json\/wp\/v2\/users\/511"}],"replies":[{"embeddable":true,"href":"https:\/\/goias.gov.br\/seguranca\/wp-json\/wp\/v2\/comments?post=284668"}],"version-history":[{"count":0,"href":"https:\/\/goias.gov.br\/seguranca\/wp-json\/wp\/v2\/posts\/284668\/revisions"}],"wp:attachment":[{"href":"https:\/\/goias.gov.br\/seguranca\/wp-json\/wp\/v2\/media?parent=284668"}],"wp:term":[{"taxonomy":"category","embeddable":true,"href":"https:\/\/goias.gov.br\/seguranca\/wp-json\/wp\/v2\/categories?post=284668"},{"taxonomy":"post_tag","embeddable":true,"href":"https:\/\/goias.gov.br\/seguranca\/wp-json\/wp\/v2\/tags?post=284668"}],"curies":[{"name":"wp","href":"https:\/\/api.w.org\/{rel}","templated":true}]}}