

{"id":284203,"date":"2025-11-19T09:43:09","date_gmt":"2025-11-19T12:43:09","guid":{"rendered":"https:\/\/goias.gov.br\/seguranca\/?p=284203"},"modified":"2025-11-19T15:23:16","modified_gmt":"2025-11-19T18:23:16","slug":"pmgo-prende-suspeitos-por-furto-trafico-e-receptacao-apos-acao-rapida-em-goiania","status":"publish","type":"post","link":"https:\/\/goias.gov.br\/seguranca\/pmgo-prende-suspeitos-por-furto-trafico-e-receptacao-apos-acao-rapida-em-goiania\/","title":{"rendered":"PMGO prende suspeitos por furto, tr\u00e1fico e recepta\u00e7\u00e3o ap\u00f3s a\u00e7\u00e3o r\u00e1pida em Goi\u00e2nia"},"content":{"rendered":"<p style=\"text-align: center\"><em>O material recuperado foi apreendido e encaminhado para os procedimentos legais\u00a0<\/em><\/p>\n<p><img fetchpriority=\"high\" decoding=\"async\" class=\"aligncenter wp-image-284205 \" src=\"https:\/\/goias.gov.br\/seguranca\/wp-content\/uploads\/sites\/56\/2025\/11\/Captura-de-tela-2025-11-19-093328.jpg\" alt=\"\" width=\"530\" height=\"514\" srcset=\"https:\/\/goias.gov.br\/seguranca\/wp-content\/uploads\/sites\/56\/2025\/11\/Captura-de-tela-2025-11-19-093328.jpg 579w, https:\/\/goias.gov.br\/seguranca\/wp-content\/uploads\/sites\/56\/2025\/11\/Captura-de-tela-2025-11-19-093328-300x291.jpg 300w\" sizes=\"(max-width: 530px) 100vw, 530px\" \/><\/p>\n<p style=\"text-align: justify\">A Pol\u00edcia Militar de Goi\u00e1s (PMGO) realizou uma a\u00e7\u00e3o r\u00e1pida e eficiente que resultou na pris\u00e3o de quatro envolvidos em furto, tr\u00e1fico e recepta\u00e7\u00e3o. A a\u00e7\u00e3o teve in\u00edcio quando, na madrugada do \u00faltimo s\u00e1bado (15\/11), dois indiv\u00edduos praticaram um furto em uma loja de venda e manuten\u00e7\u00e3o de celulares na Regi\u00e3o Sul de Goi\u00e2nia. A partir da divulga\u00e7\u00e3o das imagens de seguran\u00e7a, policiais do 38\u00ba Batalh\u00e3o conseguiram identificar os autores do crime. Imediatamente, foi montada uma opera\u00e7\u00e3o conjunta, envolvendo as Ag\u00eancias de Intelig\u00eancia do 38\u00ba Batalh\u00e3o e do 6\u00ba Batalh\u00e3o, na busca pelos criminosos.<\/p>\n<p style=\"text-align: justify\">&#8220;Assim que foram encontrados, nenhum dos objetos furtados foram encontrados com a dupla. No entanto, de acordo com a vers\u00e3o dos autores, havia mais dois indiv\u00edduos envolvidos que seriam os mentores do crime. Estes mentores teriam pago aos executores o valor de R$ 1 mil em drogas. Diante dessa informa\u00e7\u00e3o, novas dilig\u00eancias foram iniciadas em busca dos mentores, sendo um deles localizado na Vila Isaura&#8221;, explicou o 2\u00b0 Tenente Rannes, CPU do 38\u00b0 Batalh\u00e3o.<\/p>\n<p style=\"text-align: justify\" data-path-to-node=\"9\">No momento da busca em sua resid\u00eancia, al\u00e9m de objetos furtados da loja, tamb\u00e9m foi constatado o crime de tr\u00e1fico de drogas. Foram encontrados: v\u00e1rias por\u00e7\u00f5es de drogas derivadas; uma grande quantidade de dinheiro em esp\u00e9cie; v\u00e1rios celulares (caixas e aparelhos). O mentor desse crime j\u00e1 respondia a dois processos anteriores pelo crime de tr\u00e1fico de drogas, e sua companheira tamb\u00e9m possu\u00eda a mesma quantidade de ocorr\u00eancias criminais.<\/p>\n<p style=\"text-align: justify\" data-path-to-node=\"12\">Todo o material recuperado foi apreendido e encaminhado para os procedimentos legais. Os envolvidos foram conduzidos \u00e0 Delegacia, onde permaneceram \u00e0 disposi\u00e7\u00e3o da autoridade policial.<\/p>\n<p style=\"text-align: justify\" data-path-to-node=\"12\">A a\u00e7\u00e3o refor\u00e7a o compromisso da Pol\u00edcia Militar com a seguran\u00e7a da comunidade e com o combate firme \u00e0 criminalidade em todas as suas formas.<\/p>\n<p><strong>Fotos: Divulga\u00e7\u00e3o\/PMGO<\/strong><\/p>\n<p><strong>Comunica\u00e7\u00e3o Setorial &#8211; Secretaria de Seguran\u00e7a P\u00fablica &#8211; Governo de Goi\u00e1s<\/strong><\/p>\n<div id='gallery-1' class='gallery galleryid-284203 gallery-columns-3 gallery-size-full'><figure class='gallery-item'>\n\t\t\t<div class='gallery-icon portrait'>\n\t\t\t\t<a href='https:\/\/goias.gov.br\/seguranca\/pmgo-prende-suspeitos-por-furto-trafico-e-receptacao-apos-acao-rapida-em-goiania\/captura-de-tela-2025-11-19-093357\/'><img decoding=\"async\" width=\"575\" height=\"695\" src=\"https:\/\/goias.gov.br\/seguranca\/wp-content\/uploads\/sites\/56\/2025\/11\/Captura-de-tela-2025-11-19-093357.jpg\" class=\"attachment-full size-full\" alt=\"\" srcset=\"https:\/\/goias.gov.br\/seguranca\/wp-content\/uploads\/sites\/56\/2025\/11\/Captura-de-tela-2025-11-19-093357.jpg 575w, https:\/\/goias.gov.br\/seguranca\/wp-content\/uploads\/sites\/56\/2025\/11\/Captura-de-tela-2025-11-19-093357-248x300.jpg 248w\" sizes=\"(max-width: 575px) 100vw, 575px\" \/><\/a>\n\t\t\t<\/div><\/figure><figure class='gallery-item'>\n\t\t\t<div class='gallery-icon portrait'>\n\t\t\t\t<a href='https:\/\/goias.gov.br\/seguranca\/pmgo-prende-suspeitos-por-furto-trafico-e-receptacao-apos-acao-rapida-em-goiania\/captura-de-tela-2025-11-19-093433\/'><img decoding=\"async\" width=\"573\" height=\"587\" src=\"https:\/\/goias.gov.br\/seguranca\/wp-content\/uploads\/sites\/56\/2025\/11\/Captura-de-tela-2025-11-19-093433.jpg\" class=\"attachment-full size-full\" alt=\"\" srcset=\"https:\/\/goias.gov.br\/seguranca\/wp-content\/uploads\/sites\/56\/2025\/11\/Captura-de-tela-2025-11-19-093433.jpg 573w, https:\/\/goias.gov.br\/seguranca\/wp-content\/uploads\/sites\/56\/2025\/11\/Captura-de-tela-2025-11-19-093433-293x300.jpg 293w\" sizes=\"(max-width: 573px) 100vw, 573px\" \/><\/a>\n\t\t\t<\/div><\/figure>\n\t\t<\/div>\n\n","protected":false},"excerpt":{"rendered":"<p>O material recuperado foi apreendido e encaminhado para os procedimentos legais\u00a0 A Pol\u00edcia Militar de Goi\u00e1s (PMGO) realizou uma a\u00e7\u00e3o r\u00e1pida e eficiente que resultou na pris\u00e3o de quatro envolvidos em furto, tr\u00e1fico e recepta\u00e7\u00e3o. A a\u00e7\u00e3o teve in\u00edcio quando, na madrugada do \u00faltimo s\u00e1bado (15\/11), dois indiv\u00edduos praticaram um furto em uma loja de [&hellip;]<\/p>\n","protected":false},"author":484,"featured_media":284205,"comment_status":"closed","ping_status":"open","sticky":false,"template":"","format":"standard","meta":{"footnotes":"","_links_to":"","_links_to_target":""},"categories":[3,10,11],"tags":[8,98,652],"class_list":["post-284203","post","type-post","status-publish","format-standard","has-post-thumbnail","hentry","category-noticias","category-noticias-da-ssp","category-ultimo-segundo","tag-goias","tag-policia-militar","tag-seguranca-publica"],"rttpg_featured_image_url":{"full":["https:\/\/goias.gov.br\/seguranca\/wp-content\/uploads\/sites\/56\/2025\/11\/Captura-de-tela-2025-11-19-093328.jpg",579,562,false],"landscape":["https:\/\/goias.gov.br\/seguranca\/wp-content\/uploads\/sites\/56\/2025\/11\/Captura-de-tela-2025-11-19-093328.jpg",579,562,false],"portraits":["https:\/\/goias.gov.br\/seguranca\/wp-content\/uploads\/sites\/56\/2025\/11\/Captura-de-tela-2025-11-19-093328.jpg",579,562,false],"thumbnail":["https:\/\/goias.gov.br\/seguranca\/wp-content\/uploads\/sites\/56\/2025\/11\/Captura-de-tela-2025-11-19-093328-150x150.jpg",150,150,true],"medium":["https:\/\/goias.gov.br\/seguranca\/wp-content\/uploads\/sites\/56\/2025\/11\/Captura-de-tela-2025-11-19-093328-300x291.jpg",300,291,true],"large":["https:\/\/goias.gov.br\/seguranca\/wp-content\/uploads\/sites\/56\/2025\/11\/Captura-de-tela-2025-11-19-093328.jpg",579,562,false],"1536x1536":["https:\/\/goias.gov.br\/seguranca\/wp-content\/uploads\/sites\/56\/2025\/11\/Captura-de-tela-2025-11-19-093328.jpg",579,562,false],"2048x2048":["https:\/\/goias.gov.br\/seguranca\/wp-content\/uploads\/sites\/56\/2025\/11\/Captura-de-tela-2025-11-19-093328.jpg",579,562,false]},"rttpg_author":{"display_name":"isabeloliveira","author_link":"https:\/\/goias.gov.br\/seguranca\/author\/isabeloliveira\/"},"rttpg_comment":0,"rttpg_category":"<a href=\"https:\/\/goias.gov.br\/seguranca\/categoria\/noticias\/\" rel=\"category tag\">Not\u00edcias<\/a> <a href=\"https:\/\/goias.gov.br\/seguranca\/categoria\/noticias-da-ssp\/\" rel=\"category tag\">Not\u00edcias da SSP<\/a> <a href=\"https:\/\/goias.gov.br\/seguranca\/categoria\/ultimo-segundo\/\" rel=\"category tag\">\u00daltimo Segundo<\/a>","rttpg_excerpt":"O material recuperado foi apreendido e encaminhado para os procedimentos legais\u00a0 A Pol\u00edcia Militar de Goi\u00e1s (PMGO) realizou uma a\u00e7\u00e3o r\u00e1pida e eficiente que resultou na pris\u00e3o de quatro envolvidos em furto, tr\u00e1fico e recepta\u00e7\u00e3o. A a\u00e7\u00e3o teve in\u00edcio quando, na madrugada do \u00faltimo s\u00e1bado (15\/11), dois indiv\u00edduos praticaram um furto em uma loja de&hellip;","_links":{"self":[{"href":"https:\/\/goias.gov.br\/seguranca\/wp-json\/wp\/v2\/posts\/284203","targetHints":{"allow":["GET"]}}],"collection":[{"href":"https:\/\/goias.gov.br\/seguranca\/wp-json\/wp\/v2\/posts"}],"about":[{"href":"https:\/\/goias.gov.br\/seguranca\/wp-json\/wp\/v2\/types\/post"}],"author":[{"embeddable":true,"href":"https:\/\/goias.gov.br\/seguranca\/wp-json\/wp\/v2\/users\/484"}],"replies":[{"embeddable":true,"href":"https:\/\/goias.gov.br\/seguranca\/wp-json\/wp\/v2\/comments?post=284203"}],"version-history":[{"count":2,"href":"https:\/\/goias.gov.br\/seguranca\/wp-json\/wp\/v2\/posts\/284203\/revisions"}],"predecessor-version":[{"id":284244,"href":"https:\/\/goias.gov.br\/seguranca\/wp-json\/wp\/v2\/posts\/284203\/revisions\/284244"}],"wp:featuredmedia":[{"embeddable":true,"href":"https:\/\/goias.gov.br\/seguranca\/wp-json\/wp\/v2\/media\/284205"}],"wp:attachment":[{"href":"https:\/\/goias.gov.br\/seguranca\/wp-json\/wp\/v2\/media?parent=284203"}],"wp:term":[{"taxonomy":"category","embeddable":true,"href":"https:\/\/goias.gov.br\/seguranca\/wp-json\/wp\/v2\/categories?post=284203"},{"taxonomy":"post_tag","embeddable":true,"href":"https:\/\/goias.gov.br\/seguranca\/wp-json\/wp\/v2\/tags?post=284203"}],"curies":[{"name":"wp","href":"https:\/\/api.w.org\/{rel}","templated":true}]}}