

{"id":280419,"date":"2025-08-18T10:10:52","date_gmt":"2025-08-18T13:10:52","guid":{"rendered":"https:\/\/goias.gov.br\/seguranca\/?p=280419"},"modified":"2025-08-18T10:11:11","modified_gmt":"2025-08-18T13:11:11","slug":"reeducandos-contribuem-para-revitalizacao-de-espacos-publicos-em-goias","status":"publish","type":"post","link":"https:\/\/goias.gov.br\/seguranca\/reeducandos-contribuem-para-revitalizacao-de-espacos-publicos-em-goias\/","title":{"rendered":"Reeducandos contribuem para revitaliza\u00e7\u00e3o de espa\u00e7os p\u00fablicos em Goi\u00e1s"},"content":{"rendered":"<p style=\"text-align: center\"><em>Em 2024, quase 5 mil reeducandos do sistema prisional goiano exerciam algum tipo de trabalho; iniciativa visa \u00e0 ressocializa\u00e7\u00e3o e reintegra\u00e7\u00e3o na sociedade, al\u00e9m de possibilitar remiss\u00e3o da pena<\/em><\/p>\n<p><img fetchpriority=\"high\" decoding=\"async\" class=\"aligncenter wp-image-280420 \" src=\"https:\/\/goias.gov.br\/seguranca\/wp-content\/uploads\/sites\/56\/2025\/08\/WhatsApp-Image-2025-08-17-at-07.57.04.jpeg\" alt=\"\" width=\"852\" height=\"564\" srcset=\"https:\/\/goias.gov.br\/seguranca\/wp-content\/uploads\/sites\/56\/2025\/08\/WhatsApp-Image-2025-08-17-at-07.57.04.jpeg 1600w, https:\/\/goias.gov.br\/seguranca\/wp-content\/uploads\/sites\/56\/2025\/08\/WhatsApp-Image-2025-08-17-at-07.57.04-300x199.jpeg 300w, https:\/\/goias.gov.br\/seguranca\/wp-content\/uploads\/sites\/56\/2025\/08\/WhatsApp-Image-2025-08-17-at-07.57.04-1024x678.jpeg 1024w, https:\/\/goias.gov.br\/seguranca\/wp-content\/uploads\/sites\/56\/2025\/08\/WhatsApp-Image-2025-08-17-at-07.57.04-768x508.jpeg 768w, https:\/\/goias.gov.br\/seguranca\/wp-content\/uploads\/sites\/56\/2025\/08\/WhatsApp-Image-2025-08-17-at-07.57.04-1536x1017.jpeg 1536w\" sizes=\"(max-width: 852px) 100vw, 852px\" \/><\/p>\n<p style=\"text-align: justify\">Considerada modelo na gest\u00e3o penitenci\u00e1ria do Brasil, a Pol\u00edcia Penal de Goi\u00e1s (PPGO) desenvolve um trabalho que vai al\u00e9m das suas compet\u00eancias fundamentais, ao disponibilizar para prefeituras e outras institui\u00e7\u00f5es p\u00fablicas e privadas a m\u00e3o de obra das pessoas privadas de liberdade. Em dezembro de 2024, 4.918 reeducandos exerciam alguma atividade laboral. Outros 2.330 foram matriculados em cursos profissionalizantes ao longo do ano.<\/p>\n<p style=\"text-align: justify\">\u201cHoje, temos privados de liberdade exercendo atividades de limpeza de pra\u00e7as, ruas e avenidas, pintura de pr\u00e9dios e outros equipamentos p\u00fablicos, constru\u00e7\u00e3o de delegacias para a Pol\u00edcia Civil, reformas de batalh\u00f5es da Pol\u00edcia Militar, dos Bombeiros. Temos apenados atuando nas mais diversas frentes, com ganhos para todas as partes\u201d, explica o diretor-geral da Pol\u00edcia Penal de Goi\u00e1s, Josimar Pires.<\/p>\n<p style=\"text-align: justify\">\u201cSe por um lado as institui\u00e7\u00f5es recebem m\u00e3o de obra qualificada, com total seguran\u00e7a, por outro os presos t\u00eam a oportunidade de mostrar que est\u00e3o prontos para retornar ao conv\u00edvio em sociedade\u201d, emenda o gerente de Produ\u00e7\u00e3o Agropecu\u00e1ria e Industrial da PPGO, Paulo S\u00e9rgio Silva Santos. A cada 3 dias trabalhados, o preso tem direito a 1 dia remido.<\/p>\n<p style=\"text-align: justify\">Os exemplos dessas frentes de trabalho s\u00e3o in\u00fameros. Ano passado, por exemplo, a m\u00e3o de obra carcer\u00e1ria atuou nas revitaliza\u00e7\u00f5es do Aut\u00f3dromo Internacional de Goi\u00e2nia Ayrton Senna, do Est\u00e1dio Serra Dourada e do Parque Agropecu\u00e1rio da capital, dentre outros espa\u00e7os. Somente na revitaliza\u00e7\u00e3o do aut\u00f3dromo, em parceria com a Secretaria de Esporte e Lazer (Seel), 35 custodiados trabalharam na manuten\u00e7\u00e3o e pintura da pra\u00e7a esportiva.<\/p>\n<p style=\"text-align: justify\"><strong>Revitaliza\u00e7\u00e3o de espa\u00e7os p\u00fablicos<\/strong><\/p>\n<p style=\"text-align: justify\">Diversas cidades goianas iniciaram 2025 com frentes de trabalho organizadas pela Pol\u00edcia Penal com m\u00e3o de obra carcer\u00e1ria. Somente em Goi\u00e2nia, no m\u00eas de janeiro, 200 reeducandos do Complexo Prisional Policial Penal Daniella Cruvinel participam do primeiro mutir\u00e3o de servi\u00e7os urbanos da Prefeitura de Goi\u00e2nia. Os custodiados trabalham na limpeza de bairros da regi\u00e3o Noroeste durante tr\u00eas dias.<\/p>\n<p style=\"text-align: justify\">Os reeducandos eram dos regimes fechado e semiaberto e j\u00e1 executavam atividades laborais dentro do Complexo Prisional. Eles foram vigiados por aproximadamente 110 policiais penais e trabalharam em quatro frentes na regi\u00e3o, a partir do bairro Morada do Sol, liderados por servidores da Companhia de Urbaniza\u00e7\u00e3o de Goi\u00e2nia (Comurg). Executaram atividades rotineiras de limpeza urbana, como recolhimento de lixo e aux\u00edlio na poda de \u00e1rvores, e foram elogiados pelos moradores.<\/p>\n<p style=\"text-align: justify\">Em Aparecida de Goi\u00e2nia, 80 reeducandos participaram de uma for\u00e7a-tarefa de limpeza e ro\u00e7agem de \u00e1reas p\u00fablicas e privadas da cidade. O trabalho de zeladoria percorreu a regi\u00e3o do Pontal Sul durante uma semana. A for\u00e7a-tarefa teve escolta de 40 policiais penais e o suporte de oito fiscais da Secretaria de Desenvolvimento Urbano (SDU). Entre os servi\u00e7os realizados estavam ro\u00e7agem, remo\u00e7\u00e3o de entulhos, e limpeza de tapa-buracos.<\/p>\n<p style=\"text-align: justify\">\u201cNosso objetivo \u00e9 trazer um bem-estar para a popula\u00e7\u00e3o, por meio da limpeza urbana, e aprimorar a reintegra\u00e7\u00e3o social dos apenados, que, com toda certeza, voltar\u00e3o ao conv\u00edvio da sociedade recuperados\u201d, resume o diretor-geral da PPGO, Josimar Pires.<\/p>\n<p style=\"text-align: justify\"><strong>Foto: PPGO<\/strong><\/p>\n<p><strong>Pol\u00edcia Penal \u2013 Governo de Goi\u00e1s<\/strong><\/p>\n","protected":false},"excerpt":{"rendered":"<p>Em 2024, quase 5 mil reeducandos do sistema prisional goiano exerciam algum tipo de trabalho; iniciativa visa \u00e0 ressocializa\u00e7\u00e3o e reintegra\u00e7\u00e3o na sociedade, al\u00e9m de possibilitar remiss\u00e3o da pena Considerada modelo na gest\u00e3o penitenci\u00e1ria do Brasil, a Pol\u00edcia Penal de Goi\u00e1s (PPGO) desenvolve um trabalho que vai al\u00e9m das suas compet\u00eancias fundamentais, ao disponibilizar para [&hellip;]<\/p>\n","protected":false},"author":484,"featured_media":280420,"comment_status":"closed","ping_status":"open","sticky":false,"template":"","format":"standard","meta":{"footnotes":"","_links_to":"","_links_to_target":""},"categories":[3,10,11],"tags":[3009,3168,2403],"class_list":["post-280419","post","type-post","status-publish","format-standard","has-post-thumbnail","hentry","category-noticias","category-noticias-da-ssp","category-ultimo-segundo","tag-diretoria-geral-de-policia-penal","tag-ppgo","tag-reeducandos"],"rttpg_featured_image_url":{"full":["https:\/\/goias.gov.br\/seguranca\/wp-content\/uploads\/sites\/56\/2025\/08\/WhatsApp-Image-2025-08-17-at-07.57.04.jpeg",1600,1059,false],"landscape":["https:\/\/goias.gov.br\/seguranca\/wp-content\/uploads\/sites\/56\/2025\/08\/WhatsApp-Image-2025-08-17-at-07.57.04.jpeg",1600,1059,false],"portraits":["https:\/\/goias.gov.br\/seguranca\/wp-content\/uploads\/sites\/56\/2025\/08\/WhatsApp-Image-2025-08-17-at-07.57.04.jpeg",1600,1059,false],"thumbnail":["https:\/\/goias.gov.br\/seguranca\/wp-content\/uploads\/sites\/56\/2025\/08\/WhatsApp-Image-2025-08-17-at-07.57.04-150x150.jpeg",150,150,true],"medium":["https:\/\/goias.gov.br\/seguranca\/wp-content\/uploads\/sites\/56\/2025\/08\/WhatsApp-Image-2025-08-17-at-07.57.04-300x199.jpeg",300,199,true],"large":["https:\/\/goias.gov.br\/seguranca\/wp-content\/uploads\/sites\/56\/2025\/08\/WhatsApp-Image-2025-08-17-at-07.57.04-1024x678.jpeg",1024,678,true],"1536x1536":["https:\/\/goias.gov.br\/seguranca\/wp-content\/uploads\/sites\/56\/2025\/08\/WhatsApp-Image-2025-08-17-at-07.57.04-1536x1017.jpeg",1536,1017,true],"2048x2048":["https:\/\/goias.gov.br\/seguranca\/wp-content\/uploads\/sites\/56\/2025\/08\/WhatsApp-Image-2025-08-17-at-07.57.04.jpeg",1600,1059,false]},"rttpg_author":{"display_name":"isabeloliveira","author_link":"https:\/\/goias.gov.br\/seguranca\/author\/isabeloliveira\/"},"rttpg_comment":0,"rttpg_category":"<a href=\"https:\/\/goias.gov.br\/seguranca\/categoria\/noticias\/\" rel=\"category tag\">Not\u00edcias<\/a> <a href=\"https:\/\/goias.gov.br\/seguranca\/categoria\/noticias-da-ssp\/\" rel=\"category tag\">Not\u00edcias da SSP<\/a> <a href=\"https:\/\/goias.gov.br\/seguranca\/categoria\/ultimo-segundo\/\" rel=\"category tag\">\u00daltimo Segundo<\/a>","rttpg_excerpt":"Em 2024, quase 5 mil reeducandos do sistema prisional goiano exerciam algum tipo de trabalho; iniciativa visa \u00e0 ressocializa\u00e7\u00e3o e reintegra\u00e7\u00e3o na sociedade, al\u00e9m de possibilitar remiss\u00e3o da pena Considerada modelo na gest\u00e3o penitenci\u00e1ria do Brasil, a Pol\u00edcia Penal de Goi\u00e1s (PPGO) desenvolve um trabalho que vai al\u00e9m das suas compet\u00eancias fundamentais, ao disponibilizar para&hellip;","_links":{"self":[{"href":"https:\/\/goias.gov.br\/seguranca\/wp-json\/wp\/v2\/posts\/280419","targetHints":{"allow":["GET"]}}],"collection":[{"href":"https:\/\/goias.gov.br\/seguranca\/wp-json\/wp\/v2\/posts"}],"about":[{"href":"https:\/\/goias.gov.br\/seguranca\/wp-json\/wp\/v2\/types\/post"}],"author":[{"embeddable":true,"href":"https:\/\/goias.gov.br\/seguranca\/wp-json\/wp\/v2\/users\/484"}],"replies":[{"embeddable":true,"href":"https:\/\/goias.gov.br\/seguranca\/wp-json\/wp\/v2\/comments?post=280419"}],"version-history":[{"count":2,"href":"https:\/\/goias.gov.br\/seguranca\/wp-json\/wp\/v2\/posts\/280419\/revisions"}],"predecessor-version":[{"id":280427,"href":"https:\/\/goias.gov.br\/seguranca\/wp-json\/wp\/v2\/posts\/280419\/revisions\/280427"}],"wp:featuredmedia":[{"embeddable":true,"href":"https:\/\/goias.gov.br\/seguranca\/wp-json\/wp\/v2\/media\/280420"}],"wp:attachment":[{"href":"https:\/\/goias.gov.br\/seguranca\/wp-json\/wp\/v2\/media?parent=280419"}],"wp:term":[{"taxonomy":"category","embeddable":true,"href":"https:\/\/goias.gov.br\/seguranca\/wp-json\/wp\/v2\/categories?post=280419"},{"taxonomy":"post_tag","embeddable":true,"href":"https:\/\/goias.gov.br\/seguranca\/wp-json\/wp\/v2\/tags?post=280419"}],"curies":[{"name":"wp","href":"https:\/\/api.w.org\/{rel}","templated":true}]}}