

{"id":278217,"date":"2025-07-24T10:03:10","date_gmt":"2025-07-24T13:03:10","guid":{"rendered":"https:\/\/goias.gov.br\/seguranca\/?p=278217"},"modified":"2025-07-24T15:05:21","modified_gmt":"2025-07-24T18:05:21","slug":"mutirao-social-atende-pre-egressos-do-complexo-prisional","status":"publish","type":"post","link":"https:\/\/goias.gov.br\/seguranca\/mutirao-social-atende-pre-egressos-do-complexo-prisional\/","title":{"rendered":"Mutir\u00e3o social atende pr\u00e9-egressos do Complexo Prisional"},"content":{"rendered":"<p style=\"text-align: center\"><em>A a\u00e7\u00e3o \u00e9 fruto de parceria entre o Escrit\u00f3rio Social e as ger\u00eancias de Cart\u00f3rio e Assist\u00eancia Biopsicossocial da PPGO<\/em><\/p>\n<p><img fetchpriority=\"high\" decoding=\"async\" class=\"aligncenter wp-image-278218 \" src=\"https:\/\/goias.gov.br\/seguranca\/wp-content\/uploads\/sites\/56\/2025\/07\/Atendimento-pre-egresso-2.jpeg\" alt=\"\" width=\"781\" height=\"652\" srcset=\"https:\/\/goias.gov.br\/seguranca\/wp-content\/uploads\/sites\/56\/2025\/07\/Atendimento-pre-egresso-2.jpeg 1200w, https:\/\/goias.gov.br\/seguranca\/wp-content\/uploads\/sites\/56\/2025\/07\/Atendimento-pre-egresso-2-300x251.jpeg 300w, https:\/\/goias.gov.br\/seguranca\/wp-content\/uploads\/sites\/56\/2025\/07\/Atendimento-pre-egresso-2-1024x855.jpeg 1024w, https:\/\/goias.gov.br\/seguranca\/wp-content\/uploads\/sites\/56\/2025\/07\/Atendimento-pre-egresso-2-768x641.jpeg 768w\" sizes=\"(max-width: 781px) 100vw, 781px\" \/><\/p>\n<p style=\"text-align: justify\">Quarenta e sete pessoas privadas de liberdade do Complexo Prisional Policial Penal Daniella Cruvinel, em Aparecida de Goi\u00e2nia, foram atendidas durante mutir\u00e3o social nesta quarta-feira (23\/07), nas \u00e1reas de sa\u00fade, psicologia, servi\u00e7o social, jur\u00eddico e cartor\u00e1rio. A a\u00e7\u00e3o \u00e9 fruto de parceria entre o Escrit\u00f3rio Social e as ger\u00eancias de Cart\u00f3rio e Assist\u00eancia Biopsicossocial da PPGO.<\/p>\n<p style=\"text-align: justify\">O reeducandos e reeducandas beneficiados foram os pr\u00e9-egressos, ou seja, quem est\u00e1 prestes a deixar o sistema penitenci\u00e1rio. Por isso, os atendimentos foram voltados para identificar suas demandas de remi\u00e7\u00e3o de pena, documenta\u00e7\u00e3o e sa\u00fade. \u201cA ideia \u00e9 deix\u00e1-los ainda mais preparados para o conv\u00edvio social quando deixarem o pres\u00eddio\u201d, resume a gerente de Educa\u00e7\u00e3o, M\u00f3dulo de Respeito e Patronato da PPGO, Michelle Cabral.<\/p>\n<p style=\"text-align: justify\">A partir do momento em que deixarem as unidades prisionais, esses privados de liberdade ser\u00e3o acompanhados pelo Escrit\u00f3rio Social de Goi\u00e2nia, cuja miss\u00e3o \u00e9 prover atendimentos voltados \u00e0 reinser\u00e7\u00e3o dos apenados no mercado de trabalho e acesso a pol\u00edticas p\u00fablicas, ofertando escuta qualificada e singulariza\u00e7\u00e3o do atendimento. O espa\u00e7o promove a articula\u00e7\u00e3o entre Judici\u00e1rio e Executivo para acolher o liberado definitivo (pelo prazo de um ano a contar da sa\u00edda do estabelecimento) ou o liberado condicional, durante o per\u00edodo de prova, al\u00e9m de pr\u00e9-egressos (apenados que possuem previs\u00e3o de sa\u00edda em seis meses).<\/p>\n<p><strong>Foto: DGPP<\/strong><\/p>\n<p><strong>Comunica\u00e7\u00e3o Setorial da Pol\u00edcia Penal de Goi\u00e1s \u2013 Secretaria de Seguran\u00e7a P\u00fablica \u2013 Governo de Goi\u00e1s<\/strong><\/p>\n","protected":false},"excerpt":{"rendered":"<p>A a\u00e7\u00e3o \u00e9 fruto de parceria entre o Escrit\u00f3rio Social e as ger\u00eancias de Cart\u00f3rio e Assist\u00eancia Biopsicossocial da PPGO Quarenta e sete pessoas privadas de liberdade do Complexo Prisional Policial Penal Daniella Cruvinel, em Aparecida de Goi\u00e2nia, foram atendidas durante mutir\u00e3o social nesta quarta-feira (23\/07), nas \u00e1reas de sa\u00fade, psicologia, servi\u00e7o social, jur\u00eddico e [&hellip;]<\/p>\n","protected":false},"author":484,"featured_media":278218,"comment_status":"closed","ping_status":"open","sticky":false,"template":"","format":"standard","meta":{"footnotes":"","_links_to":"","_links_to_target":""},"categories":[3,10,11],"tags":[2706,3168,2403],"class_list":["post-278217","post","type-post","status-publish","format-standard","has-post-thumbnail","hentry","category-noticias","category-noticias-da-ssp","category-ultimo-segundo","tag-policia-penal-de-goias","tag-ppgo","tag-reeducandos"],"rttpg_featured_image_url":{"full":["https:\/\/goias.gov.br\/seguranca\/wp-content\/uploads\/sites\/56\/2025\/07\/Atendimento-pre-egresso-2.jpeg",1200,1002,false],"landscape":["https:\/\/goias.gov.br\/seguranca\/wp-content\/uploads\/sites\/56\/2025\/07\/Atendimento-pre-egresso-2.jpeg",1200,1002,false],"portraits":["https:\/\/goias.gov.br\/seguranca\/wp-content\/uploads\/sites\/56\/2025\/07\/Atendimento-pre-egresso-2.jpeg",1200,1002,false],"thumbnail":["https:\/\/goias.gov.br\/seguranca\/wp-content\/uploads\/sites\/56\/2025\/07\/Atendimento-pre-egresso-2-150x150.jpeg",150,150,true],"medium":["https:\/\/goias.gov.br\/seguranca\/wp-content\/uploads\/sites\/56\/2025\/07\/Atendimento-pre-egresso-2-300x251.jpeg",300,251,true],"large":["https:\/\/goias.gov.br\/seguranca\/wp-content\/uploads\/sites\/56\/2025\/07\/Atendimento-pre-egresso-2-1024x855.jpeg",1024,855,true],"1536x1536":["https:\/\/goias.gov.br\/seguranca\/wp-content\/uploads\/sites\/56\/2025\/07\/Atendimento-pre-egresso-2.jpeg",1200,1002,false],"2048x2048":["https:\/\/goias.gov.br\/seguranca\/wp-content\/uploads\/sites\/56\/2025\/07\/Atendimento-pre-egresso-2.jpeg",1200,1002,false]},"rttpg_author":{"display_name":"isabeloliveira","author_link":"https:\/\/goias.gov.br\/seguranca\/author\/isabeloliveira\/"},"rttpg_comment":0,"rttpg_category":"<a href=\"https:\/\/goias.gov.br\/seguranca\/categoria\/noticias\/\" rel=\"category tag\">Not\u00edcias<\/a> <a href=\"https:\/\/goias.gov.br\/seguranca\/categoria\/noticias-da-ssp\/\" rel=\"category tag\">Not\u00edcias da SSP<\/a> <a href=\"https:\/\/goias.gov.br\/seguranca\/categoria\/ultimo-segundo\/\" rel=\"category tag\">\u00daltimo Segundo<\/a>","rttpg_excerpt":"A a\u00e7\u00e3o \u00e9 fruto de parceria entre o Escrit\u00f3rio Social e as ger\u00eancias de Cart\u00f3rio e Assist\u00eancia Biopsicossocial da PPGO Quarenta e sete pessoas privadas de liberdade do Complexo Prisional Policial Penal Daniella Cruvinel, em Aparecida de Goi\u00e2nia, foram atendidas durante mutir\u00e3o social nesta quarta-feira (23\/07), nas \u00e1reas de sa\u00fade, psicologia, servi\u00e7o social, jur\u00eddico e&hellip;","_links":{"self":[{"href":"https:\/\/goias.gov.br\/seguranca\/wp-json\/wp\/v2\/posts\/278217","targetHints":{"allow":["GET"]}}],"collection":[{"href":"https:\/\/goias.gov.br\/seguranca\/wp-json\/wp\/v2\/posts"}],"about":[{"href":"https:\/\/goias.gov.br\/seguranca\/wp-json\/wp\/v2\/types\/post"}],"author":[{"embeddable":true,"href":"https:\/\/goias.gov.br\/seguranca\/wp-json\/wp\/v2\/users\/484"}],"replies":[{"embeddable":true,"href":"https:\/\/goias.gov.br\/seguranca\/wp-json\/wp\/v2\/comments?post=278217"}],"version-history":[{"count":1,"href":"https:\/\/goias.gov.br\/seguranca\/wp-json\/wp\/v2\/posts\/278217\/revisions"}],"predecessor-version":[{"id":278219,"href":"https:\/\/goias.gov.br\/seguranca\/wp-json\/wp\/v2\/posts\/278217\/revisions\/278219"}],"wp:featuredmedia":[{"embeddable":true,"href":"https:\/\/goias.gov.br\/seguranca\/wp-json\/wp\/v2\/media\/278218"}],"wp:attachment":[{"href":"https:\/\/goias.gov.br\/seguranca\/wp-json\/wp\/v2\/media?parent=278217"}],"wp:term":[{"taxonomy":"category","embeddable":true,"href":"https:\/\/goias.gov.br\/seguranca\/wp-json\/wp\/v2\/categories?post=278217"},{"taxonomy":"post_tag","embeddable":true,"href":"https:\/\/goias.gov.br\/seguranca\/wp-json\/wp\/v2\/tags?post=278217"}],"curies":[{"name":"wp","href":"https:\/\/api.w.org\/{rel}","templated":true}]}}