

{"id":274991,"date":"2025-06-18T14:14:40","date_gmt":"2025-06-18T17:14:40","guid":{"rendered":"https:\/\/goias.gov.br\/seguranca\/?p=274991"},"modified":"2025-06-18T14:14:40","modified_gmt":"2025-06-18T17:14:40","slug":"termo-de-cooperacao-tecnica-no-8-2025","status":"publish","type":"post","link":"https:\/\/goias.gov.br\/seguranca\/termo-de-cooperacao-tecnica-no-8-2025\/","title":{"rendered":"TERMO DE COOPERA\u00c7\u00c3O T\u00c9CNICA N\u00ba 8\/2025"},"content":{"rendered":"<p class=\"Texto_Alinhado_Esquerda_Espa\u00e7amento_Simples\" data-c=\"9\"><strong>Processo SEI:\u00a0202500016012060<\/strong><\/p>\n<p class=\"Texto_Alinhado_Esquerda_Espa\u00e7amento_Simples\" data-c=\"10\">\n<p class=\"Texto_Alinhado_Esquerda_Espa\u00e7amento_Simples\" data-c=\"11\"><strong>OBJETO:<\/strong><\/p>\n<p class=\"Texto_Alinhado_Esquerda_Espa\u00e7amento_Simples\" data-c=\"12\">O presente termo tem como objeto a coopera\u00e7\u00e3o educacional, por meio do oferecimento pela UniRV do \u201cCurso de Especializa\u00e7\u00e3o Lato Sensu em Lideran\u00e7a e Gest\u00e3o Estrat\u00e9gica em Seguran\u00e7a P\u00fablica\u201d, a ser ministrado para profissionais da \u00e1rea de Seguran\u00e7a, bem como para outros profissionais ligados \u00e0 \u00e1rea, nos termos do Programa de P\u00f3s-Gradua\u00e7\u00e3o.<\/p>\n<p class=\"Texto_Alinhado_Esquerda_Espa\u00e7amento_Simples\" data-c=\"13\">\n<strong>PART\u00cdCIPES:<\/strong><\/p>\n<p class=\"Texto_Alinhado_Esquerda_Espa\u00e7amento_Simples\" data-c=\"14\">I. Secretaria de Estado da Seguran\u00e7a P\u00fablica do Estado de Goi\u00e1s &#8211; SSPGO.<\/p>\n<p class=\"Texto_Alinhado_Esquerda_Espa\u00e7amento_Simples\" data-c=\"15\">II.\u00a0Universidade de Rio Verde &#8211; UNIRV.<\/p>\n<p class=\"Texto_Alinhado_Esquerda_Espa\u00e7amento_Simples\" data-c=\"16\">\n<strong>VIG\u00caNCIA:<\/strong>\u00a012 (doze) meses a partir da data de assinatura.<\/p>\n<p class=\"Texto_Alinhado_Esquerda_Espa\u00e7amento_Simples\" data-c=\"17\">\n<p class=\"Texto_Alinhado_Esquerda_Espa\u00e7amento_Simples\" data-c=\"18\"><strong>DATA DE ASSINATURA:<\/strong>\u00a016 de junho de 2025.<\/p>\n<p data-c=\"18\">\n<p class=\"Tabela_Texto_Centralizado\" style=\"text-align: center\" data-c=\"36\"><strong>DIOGO VIN\u00cdCIUS DE OLIVEIRA<\/strong><\/p>\n<p class=\"Tabela_Texto_Centralizado\" style=\"text-align: center\" data-c=\"37\">Gerente de Conv\u00eanios<\/p>\n<p class=\"Tabela_Texto_Centralizado\" style=\"text-align: center\" data-c=\"38\">em substitui\u00e7\u00e3o\u00a0Portaria n\u00ba 635, de 06 de junho de 2025 (<a id=\"lnkSei78784361\" class=\"ancora_sei\" href=\"https:\/\/sei.go.gov.br\/sei\/controlador.php?acao=protocolo_visualizar&amp;id_protocolo=78784361&amp;id_procedimento_atual=75767641&amp;infra_sistema=100000100&amp;infra_unidade_atual=14123&amp;infra_hash=bc68834c1584120e831b9abd3f949c29ea4073d9de3ba5fa9f2748cb20cb0e4d43bf6899944d3face162525aef04bf83fdc1b15cdb7327eb1d814fb738465a5afbecd1f13ea1df6d6c6d57ec590e1984dcd2aee2c14ceb23467182a542a25010\" target=\"_blank\" rel=\"noopener\">75508541<\/a>)<\/p>\n","protected":false},"excerpt":{"rendered":"<p>Processo SEI:\u00a0202500016012060 OBJETO: O presente termo tem como objeto a coopera\u00e7\u00e3o educacional, por meio do oferecimento pela UniRV do \u201cCurso de Especializa\u00e7\u00e3o Lato Sensu em Lideran\u00e7a e Gest\u00e3o Estrat\u00e9gica em Seguran\u00e7a P\u00fablica\u201d, a ser ministrado para profissionais da \u00e1rea de Seguran\u00e7a, bem como para outros profissionais ligados \u00e0 \u00e1rea, nos termos do Programa de P\u00f3s-Gradua\u00e7\u00e3o. [&hellip;]<\/p>\n","protected":false},"author":679,"featured_media":0,"comment_status":"closed","ping_status":"open","sticky":false,"template":"","format":"standard","meta":{"footnotes":"","_links_to":"","_links_to_target":""},"categories":[1985],"tags":[3139,3140,149,3136,1101,2959,8,3137,3138,2979,3141,943,652,3133,3135,3134],"class_list":["post-274991","post","type-post","status-publish","format-standard","hentry","category-convenios-da-ssp","tag-16-de-junho-de-2025","tag-3140","tag-curso","tag-educacional","tag-especializacao","tag-estado","tag-goias","tag-lato-sensu","tag-lideranca-e-gestao-estrategica-em-seguranca-publica","tag-pos-graduacao","tag-processo-sei","tag-secretaria","tag-seguranca-publica","tag-termo-de-cooperacao-tecnica-no-8-2025","tag-unirv","tag-universidade-de-rio-verde"],"rttpg_featured_image_url":null,"rttpg_author":{"display_name":"harleycarneiro","author_link":"https:\/\/goias.gov.br\/seguranca\/author\/harleycarneiro\/"},"rttpg_comment":0,"rttpg_category":"<a href=\"https:\/\/goias.gov.br\/seguranca\/categoria\/convenios-da-ssp\/\" rel=\"category tag\">Conv\u00eanios da SSP<\/a>","rttpg_excerpt":"Processo SEI:\u00a0202500016012060 OBJETO: O presente termo tem como objeto a coopera\u00e7\u00e3o educacional, por meio do oferecimento pela UniRV do \u201cCurso de Especializa\u00e7\u00e3o Lato Sensu em Lideran\u00e7a e Gest\u00e3o Estrat\u00e9gica em Seguran\u00e7a P\u00fablica\u201d, a ser ministrado para profissionais da \u00e1rea de Seguran\u00e7a, bem como para outros profissionais ligados \u00e0 \u00e1rea, nos termos do Programa de P\u00f3s-Gradua\u00e7\u00e3o.&hellip;","_links":{"self":[{"href":"https:\/\/goias.gov.br\/seguranca\/wp-json\/wp\/v2\/posts\/274991","targetHints":{"allow":["GET"]}}],"collection":[{"href":"https:\/\/goias.gov.br\/seguranca\/wp-json\/wp\/v2\/posts"}],"about":[{"href":"https:\/\/goias.gov.br\/seguranca\/wp-json\/wp\/v2\/types\/post"}],"author":[{"embeddable":true,"href":"https:\/\/goias.gov.br\/seguranca\/wp-json\/wp\/v2\/users\/679"}],"replies":[{"embeddable":true,"href":"https:\/\/goias.gov.br\/seguranca\/wp-json\/wp\/v2\/comments?post=274991"}],"version-history":[{"count":1,"href":"https:\/\/goias.gov.br\/seguranca\/wp-json\/wp\/v2\/posts\/274991\/revisions"}],"predecessor-version":[{"id":274992,"href":"https:\/\/goias.gov.br\/seguranca\/wp-json\/wp\/v2\/posts\/274991\/revisions\/274992"}],"wp:attachment":[{"href":"https:\/\/goias.gov.br\/seguranca\/wp-json\/wp\/v2\/media?parent=274991"}],"wp:term":[{"taxonomy":"category","embeddable":true,"href":"https:\/\/goias.gov.br\/seguranca\/wp-json\/wp\/v2\/categories?post=274991"},{"taxonomy":"post_tag","embeddable":true,"href":"https:\/\/goias.gov.br\/seguranca\/wp-json\/wp\/v2\/tags?post=274991"}],"curies":[{"name":"wp","href":"https:\/\/api.w.org\/{rel}","templated":true}]}}