

{"id":274341,"date":"2025-06-06T16:17:56","date_gmt":"2025-06-06T19:17:56","guid":{"rendered":"https:\/\/goias.gov.br\/seguranca\/?p=274341"},"modified":"2025-06-10T12:17:33","modified_gmt":"2025-06-10T15:17:33","slug":"pmgo-forma-nova-turma-em-comunicacao-social","status":"publish","type":"post","link":"https:\/\/goias.gov.br\/seguranca\/pmgo-forma-nova-turma-em-comunicacao-social\/","title":{"rendered":"PMGO forma nova turma em Comunica\u00e7\u00e3o Social"},"content":{"rendered":"<p style=\"text-align: center\"><em>Realizado de 12 de maio a 6 de junho de 2025, o curso contou com a participa\u00e7\u00e3o de 51 alunos\u00a0\u00a0<\/em><\/p>\n<p><img fetchpriority=\"high\" decoding=\"async\" class=\"aligncenter wp-image-274342 \" src=\"https:\/\/goias.gov.br\/seguranca\/wp-content\/uploads\/sites\/56\/2025\/06\/SaveClip.App_504178170_18506656549004134_1828552419283746362_n.webp\" alt=\"\" width=\"584\" height=\"584\" srcset=\"https:\/\/goias.gov.br\/seguranca\/wp-content\/uploads\/sites\/56\/2025\/06\/SaveClip.App_504178170_18506656549004134_1828552419283746362_n.webp 1080w, https:\/\/goias.gov.br\/seguranca\/wp-content\/uploads\/sites\/56\/2025\/06\/SaveClip.App_504178170_18506656549004134_1828552419283746362_n-300x300.webp 300w, https:\/\/goias.gov.br\/seguranca\/wp-content\/uploads\/sites\/56\/2025\/06\/SaveClip.App_504178170_18506656549004134_1828552419283746362_n-1024x1024.webp 1024w, https:\/\/goias.gov.br\/seguranca\/wp-content\/uploads\/sites\/56\/2025\/06\/SaveClip.App_504178170_18506656549004134_1828552419283746362_n-150x150.webp 150w, https:\/\/goias.gov.br\/seguranca\/wp-content\/uploads\/sites\/56\/2025\/06\/SaveClip.App_504178170_18506656549004134_1828552419283746362_n-768x768.webp 768w\" sizes=\"(max-width: 584px) 100vw, 584px\" \/><\/p>\n<p style=\"text-align: justify\">A Pol\u00edcia Militar de Goi\u00e1s realizou, na manh\u00e3 desta sexta-feira (06\/06), no audit\u00f3rio do Comando da Academia de Pol\u00edcia Militar, em Goi\u00e2nia, a solenidade de formatura do 3\u00ba Curso de Comunica\u00e7\u00e3o Social da Corpora\u00e7\u00e3o \u2013 Turma Tenente-Coronel L\u00edvio Adriano de Oliveira. O 3\u00ba CCS capacitou profissionais para atuarem em assessorias de comunica\u00e7\u00e3o com senso cr\u00edtico, \u00e9tica e inova\u00e7\u00e3o, preparando-os para os desafios da comunica\u00e7\u00e3o institucional.<\/p>\n<p style=\"text-align: justify\">Realizado de 12 de maio a 6 de junho de 2025, nas depend\u00eancias do Quartel do Comando-Geral da PMGO, o curso contou com a participa\u00e7\u00e3o de 51 alunos da Pol\u00edcia Militar de Goi\u00e1s, Corpo de Bombeiros Militar, Pol\u00edcia Civil de Goi\u00e1s, Superintend\u00eancia da Pol\u00edcia T\u00e9cnico-Cient\u00edfica e Guarda Civil Metropolitana de Goi\u00e2nia. Durante a forma\u00e7\u00e3o, com carga hor\u00e1ria de 200 horas\/aula, os alunos vivenciaram uma grade curricular integrada entre teoria e pr\u00e1tica, com foco em publicidade, rela\u00e7\u00f5es p\u00fablicas, comunica\u00e7\u00e3o organizacional e estrat\u00e9gias voltadas \u00e0 seguran\u00e7a p\u00fablica.<\/p>\n<p style=\"text-align: justify\">A formatura foi prestigiada pelo Comandante-Geral da PMGO, Coronel Marcelo Granja, pelo Subcomandante-Geral, Coronel \u00canio Jos\u00e9 Carlos Hans, pelo Delegado-Geral da PCGO, Dr. Andr\u00e9 Gustavo Corteze Ganga, pelo Superintendente da Pol\u00edcia T\u00e9cnico-Cient\u00edfica, Perito Criminal Ricardo Matos da Silva, pelo Subcomandante-Geral do CBMGO, Coronel Pablo L\u00e1zaro Fraz\u00e3o, pelo Comandante da GCM de Goi\u00e2nia, Gustavo Toledo da Silva Lima, e pelo Chefe da 5\u00aa Se\u00e7\u00e3o do Estado-Maior Estrat\u00e9gico, Tenente-Coronel L\u00edvio Adriano de Oliveira, al\u00e9m de diversas autoridades civis e militares.<\/p>\n<p style=\"text-align: justify\">A solenidade tamb\u00e9m foi marcada por uma homenagem especial aos policiais militares que, ao longo dos anos, contribu\u00edram decisivamente para consolidar a comunica\u00e7\u00e3o institucional como ferramenta estrat\u00e9gica de valoriza\u00e7\u00e3o da miss\u00e3o policial. Pela Portaria n\u00ba 20.276\/2025, foram agraciados profissionais que exerceram fun\u00e7\u00f5es de lideran\u00e7a, ensino e orienta\u00e7\u00e3o no \u00e2mbito da 5\u00aa Se\u00e7\u00e3o do Estado-Maior, reconhecidos como protagonistas na constru\u00e7\u00e3o deste legado.<\/p>\n<p style=\"text-align: justify\">Em um cen\u00e1rio de intensa circula\u00e7\u00e3o de informa\u00e7\u00f5es, torna-se essencial formar comunicadores com t\u00e9cnica, criatividade, pensamento cr\u00edtico e compromisso \u00e9tico &#8211; pilares que fortalecem as rela\u00e7\u00f5es sociais e constroem conhecimento.<\/p>\n<p style=\"text-align: justify\"><strong>Fotos: PM\/5<\/strong><\/p>\n<p><strong>Pol\u00edcia Militar de Goi\u00e1s &#8211; Secretaria de Seguran\u00e7a P\u00fablica &#8211; Governo de Goi\u00e1s<\/strong><\/p>\n<div id='gallery-1' class='gallery galleryid-274341 gallery-columns-3 gallery-size-full'><figure class='gallery-item'>\n\t\t\t<div class='gallery-icon landscape'>\n\t\t\t\t<a href='https:\/\/goias.gov.br\/seguranca\/pmgo-forma-nova-turma-em-comunicacao-social\/saveclip-app_504170155_18506656420004134_4069810328488812693_n\/'><img decoding=\"async\" width=\"1080\" height=\"1080\" src=\"https:\/\/goias.gov.br\/seguranca\/wp-content\/uploads\/sites\/56\/2025\/06\/SaveClip.App_504170155_18506656420004134_4069810328488812693_n.webp\" class=\"attachment-full size-full\" alt=\"\" srcset=\"https:\/\/goias.gov.br\/seguranca\/wp-content\/uploads\/sites\/56\/2025\/06\/SaveClip.App_504170155_18506656420004134_4069810328488812693_n.webp 1080w, https:\/\/goias.gov.br\/seguranca\/wp-content\/uploads\/sites\/56\/2025\/06\/SaveClip.App_504170155_18506656420004134_4069810328488812693_n-300x300.webp 300w, https:\/\/goias.gov.br\/seguranca\/wp-content\/uploads\/sites\/56\/2025\/06\/SaveClip.App_504170155_18506656420004134_4069810328488812693_n-1024x1024.webp 1024w, https:\/\/goias.gov.br\/seguranca\/wp-content\/uploads\/sites\/56\/2025\/06\/SaveClip.App_504170155_18506656420004134_4069810328488812693_n-150x150.webp 150w, https:\/\/goias.gov.br\/seguranca\/wp-content\/uploads\/sites\/56\/2025\/06\/SaveClip.App_504170155_18506656420004134_4069810328488812693_n-768x768.webp 768w\" sizes=\"(max-width: 1080px) 100vw, 1080px\" \/><\/a>\n\t\t\t<\/div><\/figure><figure class='gallery-item'>\n\t\t\t<div class='gallery-icon landscape'>\n\t\t\t\t<a href='https:\/\/goias.gov.br\/seguranca\/pmgo-forma-nova-turma-em-comunicacao-social\/saveclip-app_504121713_18506656513004134_9194656962307981966_n\/'><img decoding=\"async\" width=\"1080\" height=\"1080\" src=\"https:\/\/goias.gov.br\/seguranca\/wp-content\/uploads\/sites\/56\/2025\/06\/SaveClip.App_504121713_18506656513004134_9194656962307981966_n.webp\" class=\"attachment-full size-full\" alt=\"\" srcset=\"https:\/\/goias.gov.br\/seguranca\/wp-content\/uploads\/sites\/56\/2025\/06\/SaveClip.App_504121713_18506656513004134_9194656962307981966_n.webp 1080w, https:\/\/goias.gov.br\/seguranca\/wp-content\/uploads\/sites\/56\/2025\/06\/SaveClip.App_504121713_18506656513004134_9194656962307981966_n-300x300.webp 300w, https:\/\/goias.gov.br\/seguranca\/wp-content\/uploads\/sites\/56\/2025\/06\/SaveClip.App_504121713_18506656513004134_9194656962307981966_n-1024x1024.webp 1024w, https:\/\/goias.gov.br\/seguranca\/wp-content\/uploads\/sites\/56\/2025\/06\/SaveClip.App_504121713_18506656513004134_9194656962307981966_n-150x150.webp 150w, https:\/\/goias.gov.br\/seguranca\/wp-content\/uploads\/sites\/56\/2025\/06\/SaveClip.App_504121713_18506656513004134_9194656962307981966_n-768x768.webp 768w\" sizes=\"(max-width: 1080px) 100vw, 1080px\" \/><\/a>\n\t\t\t<\/div><\/figure><figure class='gallery-item'>\n\t\t\t<div class='gallery-icon landscape'>\n\t\t\t\t<a href='https:\/\/goias.gov.br\/seguranca\/pmgo-forma-nova-turma-em-comunicacao-social\/saveclip-app_504119091_18506656408004134_3014817725547269720_n\/'><img loading=\"lazy\" decoding=\"async\" width=\"1080\" height=\"1080\" src=\"https:\/\/goias.gov.br\/seguranca\/wp-content\/uploads\/sites\/56\/2025\/06\/SaveClip.App_504119091_18506656408004134_3014817725547269720_n.webp\" class=\"attachment-full size-full\" alt=\"\" srcset=\"https:\/\/goias.gov.br\/seguranca\/wp-content\/uploads\/sites\/56\/2025\/06\/SaveClip.App_504119091_18506656408004134_3014817725547269720_n.webp 1080w, https:\/\/goias.gov.br\/seguranca\/wp-content\/uploads\/sites\/56\/2025\/06\/SaveClip.App_504119091_18506656408004134_3014817725547269720_n-300x300.webp 300w, https:\/\/goias.gov.br\/seguranca\/wp-content\/uploads\/sites\/56\/2025\/06\/SaveClip.App_504119091_18506656408004134_3014817725547269720_n-1024x1024.webp 1024w, https:\/\/goias.gov.br\/seguranca\/wp-content\/uploads\/sites\/56\/2025\/06\/SaveClip.App_504119091_18506656408004134_3014817725547269720_n-150x150.webp 150w, https:\/\/goias.gov.br\/seguranca\/wp-content\/uploads\/sites\/56\/2025\/06\/SaveClip.App_504119091_18506656408004134_3014817725547269720_n-768x768.webp 768w\" sizes=\"(max-width: 1080px) 100vw, 1080px\" \/><\/a>\n\t\t\t<\/div><\/figure><figure class='gallery-item'>\n\t\t\t<div class='gallery-icon landscape'>\n\t\t\t\t<a href='https:\/\/goias.gov.br\/seguranca\/pmgo-forma-nova-turma-em-comunicacao-social\/saveclip-app_504199408_18506656426004134_1816690082443856590_n\/'><img loading=\"lazy\" decoding=\"async\" width=\"1080\" height=\"1080\" src=\"https:\/\/goias.gov.br\/seguranca\/wp-content\/uploads\/sites\/56\/2025\/06\/SaveClip.App_504199408_18506656426004134_1816690082443856590_n.webp\" class=\"attachment-full size-full\" alt=\"\" srcset=\"https:\/\/goias.gov.br\/seguranca\/wp-content\/uploads\/sites\/56\/2025\/06\/SaveClip.App_504199408_18506656426004134_1816690082443856590_n.webp 1080w, https:\/\/goias.gov.br\/seguranca\/wp-content\/uploads\/sites\/56\/2025\/06\/SaveClip.App_504199408_18506656426004134_1816690082443856590_n-300x300.webp 300w, https:\/\/goias.gov.br\/seguranca\/wp-content\/uploads\/sites\/56\/2025\/06\/SaveClip.App_504199408_18506656426004134_1816690082443856590_n-1024x1024.webp 1024w, https:\/\/goias.gov.br\/seguranca\/wp-content\/uploads\/sites\/56\/2025\/06\/SaveClip.App_504199408_18506656426004134_1816690082443856590_n-150x150.webp 150w, https:\/\/goias.gov.br\/seguranca\/wp-content\/uploads\/sites\/56\/2025\/06\/SaveClip.App_504199408_18506656426004134_1816690082443856590_n-768x768.webp 768w\" sizes=\"(max-width: 1080px) 100vw, 1080px\" \/><\/a>\n\t\t\t<\/div><\/figure><figure class='gallery-item'>\n\t\t\t<div class='gallery-icon landscape'>\n\t\t\t\t<a href='https:\/\/goias.gov.br\/seguranca\/pmgo-forma-nova-turma-em-comunicacao-social\/saveclip-app_504154173_18506656390004134_3702994620389140020_n\/'><img loading=\"lazy\" decoding=\"async\" width=\"1080\" height=\"1080\" src=\"https:\/\/goias.gov.br\/seguranca\/wp-content\/uploads\/sites\/56\/2025\/06\/SaveClip.App_504154173_18506656390004134_3702994620389140020_n.webp\" class=\"attachment-full size-full\" alt=\"\" srcset=\"https:\/\/goias.gov.br\/seguranca\/wp-content\/uploads\/sites\/56\/2025\/06\/SaveClip.App_504154173_18506656390004134_3702994620389140020_n.webp 1080w, https:\/\/goias.gov.br\/seguranca\/wp-content\/uploads\/sites\/56\/2025\/06\/SaveClip.App_504154173_18506656390004134_3702994620389140020_n-300x300.webp 300w, https:\/\/goias.gov.br\/seguranca\/wp-content\/uploads\/sites\/56\/2025\/06\/SaveClip.App_504154173_18506656390004134_3702994620389140020_n-1024x1024.webp 1024w, https:\/\/goias.gov.br\/seguranca\/wp-content\/uploads\/sites\/56\/2025\/06\/SaveClip.App_504154173_18506656390004134_3702994620389140020_n-150x150.webp 150w, https:\/\/goias.gov.br\/seguranca\/wp-content\/uploads\/sites\/56\/2025\/06\/SaveClip.App_504154173_18506656390004134_3702994620389140020_n-768x768.webp 768w\" sizes=\"(max-width: 1080px) 100vw, 1080px\" \/><\/a>\n\t\t\t<\/div><\/figure><figure class='gallery-item'>\n\t\t\t<div class='gallery-icon landscape'>\n\t\t\t\t<a href='https:\/\/goias.gov.br\/seguranca\/pmgo-forma-nova-turma-em-comunicacao-social\/saveclip-app_504121063_18506656423004134_3391224507302664781_n\/'><img loading=\"lazy\" decoding=\"async\" width=\"1080\" height=\"1080\" src=\"https:\/\/goias.gov.br\/seguranca\/wp-content\/uploads\/sites\/56\/2025\/06\/SaveClip.App_504121063_18506656423004134_3391224507302664781_n.webp\" class=\"attachment-full size-full\" alt=\"\" srcset=\"https:\/\/goias.gov.br\/seguranca\/wp-content\/uploads\/sites\/56\/2025\/06\/SaveClip.App_504121063_18506656423004134_3391224507302664781_n.webp 1080w, https:\/\/goias.gov.br\/seguranca\/wp-content\/uploads\/sites\/56\/2025\/06\/SaveClip.App_504121063_18506656423004134_3391224507302664781_n-300x300.webp 300w, https:\/\/goias.gov.br\/seguranca\/wp-content\/uploads\/sites\/56\/2025\/06\/SaveClip.App_504121063_18506656423004134_3391224507302664781_n-1024x1024.webp 1024w, https:\/\/goias.gov.br\/seguranca\/wp-content\/uploads\/sites\/56\/2025\/06\/SaveClip.App_504121063_18506656423004134_3391224507302664781_n-150x150.webp 150w, https:\/\/goias.gov.br\/seguranca\/wp-content\/uploads\/sites\/56\/2025\/06\/SaveClip.App_504121063_18506656423004134_3391224507302664781_n-768x768.webp 768w\" sizes=\"(max-width: 1080px) 100vw, 1080px\" \/><\/a>\n\t\t\t<\/div><\/figure><figure class='gallery-item'>\n\t\t\t<div class='gallery-icon landscape'>\n\t\t\t\t<a href='https:\/\/goias.gov.br\/seguranca\/pmgo-forma-nova-turma-em-comunicacao-social\/saveclip-app_504222108_18506656516004134_4491058100510016592_n\/'><img loading=\"lazy\" decoding=\"async\" width=\"1080\" height=\"1080\" src=\"https:\/\/goias.gov.br\/seguranca\/wp-content\/uploads\/sites\/56\/2025\/06\/SaveClip.App_504222108_18506656516004134_4491058100510016592_n.webp\" class=\"attachment-full size-full\" alt=\"\" srcset=\"https:\/\/goias.gov.br\/seguranca\/wp-content\/uploads\/sites\/56\/2025\/06\/SaveClip.App_504222108_18506656516004134_4491058100510016592_n.webp 1080w, https:\/\/goias.gov.br\/seguranca\/wp-content\/uploads\/sites\/56\/2025\/06\/SaveClip.App_504222108_18506656516004134_4491058100510016592_n-300x300.webp 300w, https:\/\/goias.gov.br\/seguranca\/wp-content\/uploads\/sites\/56\/2025\/06\/SaveClip.App_504222108_18506656516004134_4491058100510016592_n-1024x1024.webp 1024w, https:\/\/goias.gov.br\/seguranca\/wp-content\/uploads\/sites\/56\/2025\/06\/SaveClip.App_504222108_18506656516004134_4491058100510016592_n-150x150.webp 150w, https:\/\/goias.gov.br\/seguranca\/wp-content\/uploads\/sites\/56\/2025\/06\/SaveClip.App_504222108_18506656516004134_4491058100510016592_n-768x768.webp 768w\" sizes=\"(max-width: 1080px) 100vw, 1080px\" \/><\/a>\n\t\t\t<\/div><\/figure><figure class='gallery-item'>\n\t\t\t<div class='gallery-icon landscape'>\n\t\t\t\t<a href='https:\/\/goias.gov.br\/seguranca\/pmgo-forma-nova-turma-em-comunicacao-social\/saveclip-app_504399872_18506656480004134_6044056458214514003_n\/'><img loading=\"lazy\" decoding=\"async\" width=\"1080\" height=\"1080\" src=\"https:\/\/goias.gov.br\/seguranca\/wp-content\/uploads\/sites\/56\/2025\/06\/SaveClip.App_504399872_18506656480004134_6044056458214514003_n.webp\" class=\"attachment-full size-full\" alt=\"\" srcset=\"https:\/\/goias.gov.br\/seguranca\/wp-content\/uploads\/sites\/56\/2025\/06\/SaveClip.App_504399872_18506656480004134_6044056458214514003_n.webp 1080w, https:\/\/goias.gov.br\/seguranca\/wp-content\/uploads\/sites\/56\/2025\/06\/SaveClip.App_504399872_18506656480004134_6044056458214514003_n-300x300.webp 300w, https:\/\/goias.gov.br\/seguranca\/wp-content\/uploads\/sites\/56\/2025\/06\/SaveClip.App_504399872_18506656480004134_6044056458214514003_n-1024x1024.webp 1024w, https:\/\/goias.gov.br\/seguranca\/wp-content\/uploads\/sites\/56\/2025\/06\/SaveClip.App_504399872_18506656480004134_6044056458214514003_n-150x150.webp 150w, https:\/\/goias.gov.br\/seguranca\/wp-content\/uploads\/sites\/56\/2025\/06\/SaveClip.App_504399872_18506656480004134_6044056458214514003_n-768x768.webp 768w\" sizes=\"(max-width: 1080px) 100vw, 1080px\" \/><\/a>\n\t\t\t<\/div><\/figure><figure class='gallery-item'>\n\t\t\t<div class='gallery-icon landscape'>\n\t\t\t\t<a href='https:\/\/goias.gov.br\/seguranca\/pmgo-forma-nova-turma-em-comunicacao-social\/saveclip-app_505138539_18506656561004134_9041754811935971510_n\/'><img loading=\"lazy\" decoding=\"async\" width=\"1080\" height=\"1080\" src=\"https:\/\/goias.gov.br\/seguranca\/wp-content\/uploads\/sites\/56\/2025\/06\/SaveClip.App_505138539_18506656561004134_9041754811935971510_n.webp\" class=\"attachment-full size-full\" alt=\"\" srcset=\"https:\/\/goias.gov.br\/seguranca\/wp-content\/uploads\/sites\/56\/2025\/06\/SaveClip.App_505138539_18506656561004134_9041754811935971510_n.webp 1080w, https:\/\/goias.gov.br\/seguranca\/wp-content\/uploads\/sites\/56\/2025\/06\/SaveClip.App_505138539_18506656561004134_9041754811935971510_n-300x300.webp 300w, https:\/\/goias.gov.br\/seguranca\/wp-content\/uploads\/sites\/56\/2025\/06\/SaveClip.App_505138539_18506656561004134_9041754811935971510_n-1024x1024.webp 1024w, https:\/\/goias.gov.br\/seguranca\/wp-content\/uploads\/sites\/56\/2025\/06\/SaveClip.App_505138539_18506656561004134_9041754811935971510_n-150x150.webp 150w, https:\/\/goias.gov.br\/seguranca\/wp-content\/uploads\/sites\/56\/2025\/06\/SaveClip.App_505138539_18506656561004134_9041754811935971510_n-768x768.webp 768w\" sizes=\"(max-width: 1080px) 100vw, 1080px\" \/><\/a>\n\t\t\t<\/div><\/figure><figure class='gallery-item'>\n\t\t\t<div class='gallery-icon landscape'>\n\t\t\t\t<a href='https:\/\/goias.gov.br\/seguranca\/pmgo-forma-nova-turma-em-comunicacao-social\/saveclip-app_504497193_18506656495004134_7143747192387012261_n\/'><img loading=\"lazy\" decoding=\"async\" width=\"1080\" height=\"1080\" src=\"https:\/\/goias.gov.br\/seguranca\/wp-content\/uploads\/sites\/56\/2025\/06\/SaveClip.App_504497193_18506656495004134_7143747192387012261_n.webp\" class=\"attachment-full size-full\" alt=\"\" srcset=\"https:\/\/goias.gov.br\/seguranca\/wp-content\/uploads\/sites\/56\/2025\/06\/SaveClip.App_504497193_18506656495004134_7143747192387012261_n.webp 1080w, https:\/\/goias.gov.br\/seguranca\/wp-content\/uploads\/sites\/56\/2025\/06\/SaveClip.App_504497193_18506656495004134_7143747192387012261_n-300x300.webp 300w, https:\/\/goias.gov.br\/seguranca\/wp-content\/uploads\/sites\/56\/2025\/06\/SaveClip.App_504497193_18506656495004134_7143747192387012261_n-1024x1024.webp 1024w, https:\/\/goias.gov.br\/seguranca\/wp-content\/uploads\/sites\/56\/2025\/06\/SaveClip.App_504497193_18506656495004134_7143747192387012261_n-150x150.webp 150w, https:\/\/goias.gov.br\/seguranca\/wp-content\/uploads\/sites\/56\/2025\/06\/SaveClip.App_504497193_18506656495004134_7143747192387012261_n-768x768.webp 768w\" sizes=\"(max-width: 1080px) 100vw, 1080px\" \/><\/a>\n\t\t\t<\/div><\/figure><figure class='gallery-item'>\n\t\t\t<div class='gallery-icon landscape'>\n\t\t\t\t<a href='https:\/\/goias.gov.br\/seguranca\/pmgo-forma-nova-turma-em-comunicacao-social\/saveclip-app_503783611_18506656498004134_3053231542396078401_n\/'><img loading=\"lazy\" decoding=\"async\" width=\"1080\" height=\"1080\" src=\"https:\/\/goias.gov.br\/seguranca\/wp-content\/uploads\/sites\/56\/2025\/06\/SaveClip.App_503783611_18506656498004134_3053231542396078401_n.webp\" class=\"attachment-full size-full\" alt=\"\" srcset=\"https:\/\/goias.gov.br\/seguranca\/wp-content\/uploads\/sites\/56\/2025\/06\/SaveClip.App_503783611_18506656498004134_3053231542396078401_n.webp 1080w, https:\/\/goias.gov.br\/seguranca\/wp-content\/uploads\/sites\/56\/2025\/06\/SaveClip.App_503783611_18506656498004134_3053231542396078401_n-300x300.webp 300w, https:\/\/goias.gov.br\/seguranca\/wp-content\/uploads\/sites\/56\/2025\/06\/SaveClip.App_503783611_18506656498004134_3053231542396078401_n-1024x1024.webp 1024w, https:\/\/goias.gov.br\/seguranca\/wp-content\/uploads\/sites\/56\/2025\/06\/SaveClip.App_503783611_18506656498004134_3053231542396078401_n-150x150.webp 150w, https:\/\/goias.gov.br\/seguranca\/wp-content\/uploads\/sites\/56\/2025\/06\/SaveClip.App_503783611_18506656498004134_3053231542396078401_n-768x768.webp 768w\" sizes=\"(max-width: 1080px) 100vw, 1080px\" \/><\/a>\n\t\t\t<\/div><\/figure><figure class='gallery-item'>\n\t\t\t<div class='gallery-icon landscape'>\n\t\t\t\t<a href='https:\/\/goias.gov.br\/seguranca\/pmgo-forma-nova-turma-em-comunicacao-social\/saveclip-app_505116482_18506656462004134_605352855996507622_n\/'><img loading=\"lazy\" decoding=\"async\" width=\"1080\" height=\"1080\" src=\"https:\/\/goias.gov.br\/seguranca\/wp-content\/uploads\/sites\/56\/2025\/06\/SaveClip.App_505116482_18506656462004134_605352855996507622_n.webp\" class=\"attachment-full size-full\" alt=\"\" srcset=\"https:\/\/goias.gov.br\/seguranca\/wp-content\/uploads\/sites\/56\/2025\/06\/SaveClip.App_505116482_18506656462004134_605352855996507622_n.webp 1080w, https:\/\/goias.gov.br\/seguranca\/wp-content\/uploads\/sites\/56\/2025\/06\/SaveClip.App_505116482_18506656462004134_605352855996507622_n-300x300.webp 300w, https:\/\/goias.gov.br\/seguranca\/wp-content\/uploads\/sites\/56\/2025\/06\/SaveClip.App_505116482_18506656462004134_605352855996507622_n-1024x1024.webp 1024w, https:\/\/goias.gov.br\/seguranca\/wp-content\/uploads\/sites\/56\/2025\/06\/SaveClip.App_505116482_18506656462004134_605352855996507622_n-150x150.webp 150w, https:\/\/goias.gov.br\/seguranca\/wp-content\/uploads\/sites\/56\/2025\/06\/SaveClip.App_505116482_18506656462004134_605352855996507622_n-768x768.webp 768w\" sizes=\"(max-width: 1080px) 100vw, 1080px\" \/><\/a>\n\t\t\t<\/div><\/figure><figure class='gallery-item'>\n\t\t\t<div class='gallery-icon landscape'>\n\t\t\t\t<a href='https:\/\/goias.gov.br\/seguranca\/pmgo-forma-nova-turma-em-comunicacao-social\/saveclip-app_504550776_18506656453004134_8423846492925292712_n\/'><img loading=\"lazy\" decoding=\"async\" width=\"1080\" height=\"1080\" src=\"https:\/\/goias.gov.br\/seguranca\/wp-content\/uploads\/sites\/56\/2025\/06\/SaveClip.App_504550776_18506656453004134_8423846492925292712_n.webp\" class=\"attachment-full size-full\" alt=\"\" srcset=\"https:\/\/goias.gov.br\/seguranca\/wp-content\/uploads\/sites\/56\/2025\/06\/SaveClip.App_504550776_18506656453004134_8423846492925292712_n.webp 1080w, https:\/\/goias.gov.br\/seguranca\/wp-content\/uploads\/sites\/56\/2025\/06\/SaveClip.App_504550776_18506656453004134_8423846492925292712_n-300x300.webp 300w, https:\/\/goias.gov.br\/seguranca\/wp-content\/uploads\/sites\/56\/2025\/06\/SaveClip.App_504550776_18506656453004134_8423846492925292712_n-1024x1024.webp 1024w, https:\/\/goias.gov.br\/seguranca\/wp-content\/uploads\/sites\/56\/2025\/06\/SaveClip.App_504550776_18506656453004134_8423846492925292712_n-150x150.webp 150w, https:\/\/goias.gov.br\/seguranca\/wp-content\/uploads\/sites\/56\/2025\/06\/SaveClip.App_504550776_18506656453004134_8423846492925292712_n-768x768.webp 768w\" sizes=\"(max-width: 1080px) 100vw, 1080px\" \/><\/a>\n\t\t\t<\/div><\/figure><figure class='gallery-item'>\n\t\t\t<div class='gallery-icon landscape'>\n\t\t\t\t<a href='https:\/\/goias.gov.br\/seguranca\/pmgo-forma-nova-turma-em-comunicacao-social\/saveclip-app_504507445_18506656435004134_8877096352376098183_n\/'><img loading=\"lazy\" decoding=\"async\" width=\"1080\" height=\"1080\" src=\"https:\/\/goias.gov.br\/seguranca\/wp-content\/uploads\/sites\/56\/2025\/06\/SaveClip.App_504507445_18506656435004134_8877096352376098183_n.webp\" class=\"attachment-full size-full\" alt=\"\" srcset=\"https:\/\/goias.gov.br\/seguranca\/wp-content\/uploads\/sites\/56\/2025\/06\/SaveClip.App_504507445_18506656435004134_8877096352376098183_n.webp 1080w, https:\/\/goias.gov.br\/seguranca\/wp-content\/uploads\/sites\/56\/2025\/06\/SaveClip.App_504507445_18506656435004134_8877096352376098183_n-300x300.webp 300w, https:\/\/goias.gov.br\/seguranca\/wp-content\/uploads\/sites\/56\/2025\/06\/SaveClip.App_504507445_18506656435004134_8877096352376098183_n-1024x1024.webp 1024w, https:\/\/goias.gov.br\/seguranca\/wp-content\/uploads\/sites\/56\/2025\/06\/SaveClip.App_504507445_18506656435004134_8877096352376098183_n-150x150.webp 150w, https:\/\/goias.gov.br\/seguranca\/wp-content\/uploads\/sites\/56\/2025\/06\/SaveClip.App_504507445_18506656435004134_8877096352376098183_n-768x768.webp 768w\" sizes=\"(max-width: 1080px) 100vw, 1080px\" \/><\/a>\n\t\t\t<\/div><\/figure><figure class='gallery-item'>\n\t\t\t<div class='gallery-icon landscape'>\n\t\t\t\t<a href='https:\/\/goias.gov.br\/seguranca\/pmgo-forma-nova-turma-em-comunicacao-social\/saveclip-app_504475841_18506656444004134_1700253162955138007_n\/'><img loading=\"lazy\" decoding=\"async\" width=\"1080\" height=\"1080\" src=\"https:\/\/goias.gov.br\/seguranca\/wp-content\/uploads\/sites\/56\/2025\/06\/SaveClip.App_504475841_18506656444004134_1700253162955138007_n.webp\" class=\"attachment-full size-full\" alt=\"\" srcset=\"https:\/\/goias.gov.br\/seguranca\/wp-content\/uploads\/sites\/56\/2025\/06\/SaveClip.App_504475841_18506656444004134_1700253162955138007_n.webp 1080w, https:\/\/goias.gov.br\/seguranca\/wp-content\/uploads\/sites\/56\/2025\/06\/SaveClip.App_504475841_18506656444004134_1700253162955138007_n-300x300.webp 300w, https:\/\/goias.gov.br\/seguranca\/wp-content\/uploads\/sites\/56\/2025\/06\/SaveClip.App_504475841_18506656444004134_1700253162955138007_n-1024x1024.webp 1024w, https:\/\/goias.gov.br\/seguranca\/wp-content\/uploads\/sites\/56\/2025\/06\/SaveClip.App_504475841_18506656444004134_1700253162955138007_n-150x150.webp 150w, https:\/\/goias.gov.br\/seguranca\/wp-content\/uploads\/sites\/56\/2025\/06\/SaveClip.App_504475841_18506656444004134_1700253162955138007_n-768x768.webp 768w\" sizes=\"(max-width: 1080px) 100vw, 1080px\" \/><\/a>\n\t\t\t<\/div><\/figure><figure class='gallery-item'>\n\t\t\t<div class='gallery-icon landscape'>\n\t\t\t\t<a href='https:\/\/goias.gov.br\/seguranca\/pmgo-forma-nova-turma-em-comunicacao-social\/saveclip-app_504256310_18506656552004134_5403139811833845775_n\/'><img loading=\"lazy\" decoding=\"async\" width=\"1080\" height=\"1080\" src=\"https:\/\/goias.gov.br\/seguranca\/wp-content\/uploads\/sites\/56\/2025\/06\/SaveClip.App_504256310_18506656552004134_5403139811833845775_n.webp\" class=\"attachment-full size-full\" alt=\"\" srcset=\"https:\/\/goias.gov.br\/seguranca\/wp-content\/uploads\/sites\/56\/2025\/06\/SaveClip.App_504256310_18506656552004134_5403139811833845775_n.webp 1080w, https:\/\/goias.gov.br\/seguranca\/wp-content\/uploads\/sites\/56\/2025\/06\/SaveClip.App_504256310_18506656552004134_5403139811833845775_n-300x300.webp 300w, https:\/\/goias.gov.br\/seguranca\/wp-content\/uploads\/sites\/56\/2025\/06\/SaveClip.App_504256310_18506656552004134_5403139811833845775_n-1024x1024.webp 1024w, https:\/\/goias.gov.br\/seguranca\/wp-content\/uploads\/sites\/56\/2025\/06\/SaveClip.App_504256310_18506656552004134_5403139811833845775_n-150x150.webp 150w, https:\/\/goias.gov.br\/seguranca\/wp-content\/uploads\/sites\/56\/2025\/06\/SaveClip.App_504256310_18506656552004134_5403139811833845775_n-768x768.webp 768w\" sizes=\"(max-width: 1080px) 100vw, 1080px\" \/><\/a>\n\t\t\t<\/div><\/figure><figure class='gallery-item'>\n\t\t\t<div class='gallery-icon landscape'>\n\t\t\t\t<a href='https:\/\/goias.gov.br\/seguranca\/pmgo-forma-nova-turma-em-comunicacao-social\/saveclip-app_504181037_18506656540004134_8079543737289926901_n\/'><img loading=\"lazy\" decoding=\"async\" width=\"1080\" height=\"1080\" src=\"https:\/\/goias.gov.br\/seguranca\/wp-content\/uploads\/sites\/56\/2025\/06\/SaveClip.App_504181037_18506656540004134_8079543737289926901_n.webp\" class=\"attachment-full size-full\" alt=\"\" srcset=\"https:\/\/goias.gov.br\/seguranca\/wp-content\/uploads\/sites\/56\/2025\/06\/SaveClip.App_504181037_18506656540004134_8079543737289926901_n.webp 1080w, https:\/\/goias.gov.br\/seguranca\/wp-content\/uploads\/sites\/56\/2025\/06\/SaveClip.App_504181037_18506656540004134_8079543737289926901_n-300x300.webp 300w, https:\/\/goias.gov.br\/seguranca\/wp-content\/uploads\/sites\/56\/2025\/06\/SaveClip.App_504181037_18506656540004134_8079543737289926901_n-1024x1024.webp 1024w, https:\/\/goias.gov.br\/seguranca\/wp-content\/uploads\/sites\/56\/2025\/06\/SaveClip.App_504181037_18506656540004134_8079543737289926901_n-150x150.webp 150w, https:\/\/goias.gov.br\/seguranca\/wp-content\/uploads\/sites\/56\/2025\/06\/SaveClip.App_504181037_18506656540004134_8079543737289926901_n-768x768.webp 768w\" sizes=\"(max-width: 1080px) 100vw, 1080px\" \/><\/a>\n\t\t\t<\/div><\/figure><figure class='gallery-item'>\n\t\t\t<div class='gallery-icon landscape'>\n\t\t\t\t<a href='https:\/\/goias.gov.br\/seguranca\/pmgo-forma-nova-turma-em-comunicacao-social\/saveclip-app_504176398_18506656537004134_5295553355032966406_n\/'><img loading=\"lazy\" decoding=\"async\" width=\"1080\" height=\"1080\" src=\"https:\/\/goias.gov.br\/seguranca\/wp-content\/uploads\/sites\/56\/2025\/06\/SaveClip.App_504176398_18506656537004134_5295553355032966406_n.webp\" class=\"attachment-full size-full\" alt=\"\" srcset=\"https:\/\/goias.gov.br\/seguranca\/wp-content\/uploads\/sites\/56\/2025\/06\/SaveClip.App_504176398_18506656537004134_5295553355032966406_n.webp 1080w, https:\/\/goias.gov.br\/seguranca\/wp-content\/uploads\/sites\/56\/2025\/06\/SaveClip.App_504176398_18506656537004134_5295553355032966406_n-300x300.webp 300w, https:\/\/goias.gov.br\/seguranca\/wp-content\/uploads\/sites\/56\/2025\/06\/SaveClip.App_504176398_18506656537004134_5295553355032966406_n-1024x1024.webp 1024w, https:\/\/goias.gov.br\/seguranca\/wp-content\/uploads\/sites\/56\/2025\/06\/SaveClip.App_504176398_18506656537004134_5295553355032966406_n-150x150.webp 150w, https:\/\/goias.gov.br\/seguranca\/wp-content\/uploads\/sites\/56\/2025\/06\/SaveClip.App_504176398_18506656537004134_5295553355032966406_n-768x768.webp 768w\" sizes=\"(max-width: 1080px) 100vw, 1080px\" \/><\/a>\n\t\t\t<\/div><\/figure>\n\t\t<\/div>\n\n","protected":false},"excerpt":{"rendered":"<p>Realizado de 12 de maio a 6 de junho de 2025, o curso contou com a participa\u00e7\u00e3o de 51 alunos\u00a0\u00a0 A Pol\u00edcia Militar de Goi\u00e1s realizou, na manh\u00e3 desta sexta-feira (06\/06), no audit\u00f3rio do Comando da Academia de Pol\u00edcia Militar, em Goi\u00e2nia, a solenidade de formatura do 3\u00ba Curso de Comunica\u00e7\u00e3o Social da Corpora\u00e7\u00e3o \u2013 [&hellip;]<\/p>\n","protected":false},"author":484,"featured_media":274342,"comment_status":"closed","ping_status":"open","sticky":false,"template":"","format":"standard","meta":{"footnotes":"","_links_to":"","_links_to_target":""},"categories":[3,10,11],"tags":[3107,2378,186],"class_list":["post-274341","post","type-post","status-publish","format-standard","has-post-thumbnail","hentry","category-noticias","category-noticias-da-ssp","category-ultimo-segundo","tag-comunicacao-social","tag-forcas-de-seguranca","tag-pmgo"],"rttpg_featured_image_url":{"full":["https:\/\/goias.gov.br\/seguranca\/wp-content\/uploads\/sites\/56\/2025\/06\/SaveClip.App_504178170_18506656549004134_1828552419283746362_n.webp",1080,1080,false],"landscape":["https:\/\/goias.gov.br\/seguranca\/wp-content\/uploads\/sites\/56\/2025\/06\/SaveClip.App_504178170_18506656549004134_1828552419283746362_n.webp",1080,1080,false],"portraits":["https:\/\/goias.gov.br\/seguranca\/wp-content\/uploads\/sites\/56\/2025\/06\/SaveClip.App_504178170_18506656549004134_1828552419283746362_n.webp",1080,1080,false],"thumbnail":["https:\/\/goias.gov.br\/seguranca\/wp-content\/uploads\/sites\/56\/2025\/06\/SaveClip.App_504178170_18506656549004134_1828552419283746362_n-150x150.webp",150,150,true],"medium":["https:\/\/goias.gov.br\/seguranca\/wp-content\/uploads\/sites\/56\/2025\/06\/SaveClip.App_504178170_18506656549004134_1828552419283746362_n-300x300.webp",300,300,true],"large":["https:\/\/goias.gov.br\/seguranca\/wp-content\/uploads\/sites\/56\/2025\/06\/SaveClip.App_504178170_18506656549004134_1828552419283746362_n-1024x1024.webp",1024,1024,true],"1536x1536":["https:\/\/goias.gov.br\/seguranca\/wp-content\/uploads\/sites\/56\/2025\/06\/SaveClip.App_504178170_18506656549004134_1828552419283746362_n.webp",1080,1080,false],"2048x2048":["https:\/\/goias.gov.br\/seguranca\/wp-content\/uploads\/sites\/56\/2025\/06\/SaveClip.App_504178170_18506656549004134_1828552419283746362_n.webp",1080,1080,false]},"rttpg_author":{"display_name":"isabeloliveira","author_link":"https:\/\/goias.gov.br\/seguranca\/author\/isabeloliveira\/"},"rttpg_comment":0,"rttpg_category":"<a href=\"https:\/\/goias.gov.br\/seguranca\/categoria\/noticias\/\" rel=\"category tag\">Not\u00edcias<\/a> <a href=\"https:\/\/goias.gov.br\/seguranca\/categoria\/noticias-da-ssp\/\" rel=\"category tag\">Not\u00edcias da SSP<\/a> <a href=\"https:\/\/goias.gov.br\/seguranca\/categoria\/ultimo-segundo\/\" rel=\"category tag\">\u00daltimo Segundo<\/a>","rttpg_excerpt":"Realizado de 12 de maio a 6 de junho de 2025, o curso contou com a participa\u00e7\u00e3o de 51 alunos\u00a0\u00a0 A Pol\u00edcia Militar de Goi\u00e1s realizou, na manh\u00e3 desta sexta-feira (06\/06), no audit\u00f3rio do Comando da Academia de Pol\u00edcia Militar, em Goi\u00e2nia, a solenidade de formatura do 3\u00ba Curso de Comunica\u00e7\u00e3o Social da Corpora\u00e7\u00e3o \u2013&hellip;","_links":{"self":[{"href":"https:\/\/goias.gov.br\/seguranca\/wp-json\/wp\/v2\/posts\/274341","targetHints":{"allow":["GET"]}}],"collection":[{"href":"https:\/\/goias.gov.br\/seguranca\/wp-json\/wp\/v2\/posts"}],"about":[{"href":"https:\/\/goias.gov.br\/seguranca\/wp-json\/wp\/v2\/types\/post"}],"author":[{"embeddable":true,"href":"https:\/\/goias.gov.br\/seguranca\/wp-json\/wp\/v2\/users\/484"}],"replies":[{"embeddable":true,"href":"https:\/\/goias.gov.br\/seguranca\/wp-json\/wp\/v2\/comments?post=274341"}],"version-history":[{"count":2,"href":"https:\/\/goias.gov.br\/seguranca\/wp-json\/wp\/v2\/posts\/274341\/revisions"}],"predecessor-version":[{"id":274485,"href":"https:\/\/goias.gov.br\/seguranca\/wp-json\/wp\/v2\/posts\/274341\/revisions\/274485"}],"wp:featuredmedia":[{"embeddable":true,"href":"https:\/\/goias.gov.br\/seguranca\/wp-json\/wp\/v2\/media\/274342"}],"wp:attachment":[{"href":"https:\/\/goias.gov.br\/seguranca\/wp-json\/wp\/v2\/media?parent=274341"}],"wp:term":[{"taxonomy":"category","embeddable":true,"href":"https:\/\/goias.gov.br\/seguranca\/wp-json\/wp\/v2\/categories?post=274341"},{"taxonomy":"post_tag","embeddable":true,"href":"https:\/\/goias.gov.br\/seguranca\/wp-json\/wp\/v2\/tags?post=274341"}],"curies":[{"name":"wp","href":"https:\/\/api.w.org\/{rel}","templated":true}]}}