

{"id":273041,"date":"2025-05-30T09:22:36","date_gmt":"2025-05-30T12:22:36","guid":{"rendered":"https:\/\/goias.gov.br\/seguranca\/?p=273041"},"modified":"2025-05-30T10:19:34","modified_gmt":"2025-05-30T13:19:34","slug":"pmgo-deflagra-operacao-comando-geral-no-cpc","status":"publish","type":"post","link":"https:\/\/goias.gov.br\/seguranca\/pmgo-deflagra-operacao-comando-geral-no-cpc\/","title":{"rendered":"PMGO deflagra Opera\u00e7\u00e3o Comando-Geral no CPC"},"content":{"rendered":"<p style=\"text-align: center\"><em>A\u00e7\u00e3o refor\u00e7a a presen\u00e7a do comando nas ruas e busca ampliar a efici\u00eancia do policiamento na capital\u00a0<\/em><\/p>\n<p><img fetchpriority=\"high\" decoding=\"async\" class=\"aligncenter wp-image-273061 \" src=\"https:\/\/goias.gov.br\/seguranca\/wp-content\/uploads\/sites\/56\/2025\/05\/502630078_18505109236004134_2592815769777521083_n.webp\" alt=\"\" width=\"855\" height=\"855\" srcset=\"https:\/\/goias.gov.br\/seguranca\/wp-content\/uploads\/sites\/56\/2025\/05\/502630078_18505109236004134_2592815769777521083_n.webp 1080w, https:\/\/goias.gov.br\/seguranca\/wp-content\/uploads\/sites\/56\/2025\/05\/502630078_18505109236004134_2592815769777521083_n-300x300.webp 300w, https:\/\/goias.gov.br\/seguranca\/wp-content\/uploads\/sites\/56\/2025\/05\/502630078_18505109236004134_2592815769777521083_n-1024x1024.webp 1024w, https:\/\/goias.gov.br\/seguranca\/wp-content\/uploads\/sites\/56\/2025\/05\/502630078_18505109236004134_2592815769777521083_n-150x150.webp 150w, https:\/\/goias.gov.br\/seguranca\/wp-content\/uploads\/sites\/56\/2025\/05\/502630078_18505109236004134_2592815769777521083_n-768x768.webp 768w\" sizes=\"(max-width: 855px) 100vw, 855px\" \/><\/p>\n<p style=\"text-align: justify\">A Pol\u00edcia Militar de Goi\u00e1s (PMGO) lan\u00e7ou, nesta quinta-feira (29\/05), na Pra\u00e7a Joaquim L\u00facio, no Setor Campinas, a Opera\u00e7\u00e3o Comando-Geral na capital. A a\u00e7\u00e3o tem como objetivo fortalecer a gest\u00e3o operacional e ampliar a efici\u00eancia do policiamento, aproximando ainda mais a corpora\u00e7\u00e3o da comunidade.<\/p>\n<p style=\"text-align: justify\">A a\u00e7\u00e3o refor\u00e7a\u00a0 o princ\u00edpio de que o Comandante deve estar presente e atuante junto \u00e0 tropa, conduzindo o policiamento de forma estrat\u00e9gica e alinhada \u00e0s necessidades espec\u00edficas de cada regi\u00e3o.<\/p>\n<p style=\"text-align: justify\">A solenidade de lan\u00e7amento contou com a presen\u00e7a do Comandante-Geral da PMGO, coronel Marcelo Granja; do Comandante de Miss\u00f5es Especiais (CME), coronel Alexandre Saliba Sales; e do Comandante de Policiamento da Capital (CPC), coronel Pedro Henrique Batista Alves de Paiva, al\u00e9m de comandantes e militares das unidades subordinadas ao CPC e ao CME.<\/p>\n<p style=\"text-align: justify\">Durante o evento, o comandante do CPC, coronel Pedro Henrique Batista, destacou o papel da opera\u00e7\u00e3o no enfrentamento \u00e0 criminalidade. &#8220;Continuamos zelando pela tranquilidade, pela paz social e, principalmente, defendendo as fam\u00edlias de bem. Aos criminosos e faccionados, queremos deixar claro: o que queremos \u00e9 que sintam temor da presen\u00e7a da Pol\u00edcia Militar&#8221;, afirmou.<\/p>\n<p style=\"text-align: justify\">J\u00e1 o Comandante-Geral da PMGO, coronel Marcelo Granja, ressaltou a relev\u00e2ncia da iniciativa como forma de reconhecimento e fortalecimento da tropa.&#8221;Ao lan\u00e7armos a Opera\u00e7\u00e3o Comando-Geral, reafirmamos nosso apoio a cada policial. Essa \u00e9 tamb\u00e9m uma forma de agradecer e demonstrar que o comando est\u00e1 ao lado dos senhores&#8221;, declarou.<\/p>\n<p data-sourcepos=\"10:1-10:179\"><strong>Fotos: PM5<\/strong><\/p>\n<p data-sourcepos=\"10:1-10:179\"><strong>Comunica\u00e7\u00e3o Setorial \u2013 Secretaria de Seguran\u00e7a P\u00fablica \u2013 Governo de Goi\u00e1s<\/strong><\/p>\n<div id='gallery-1' class='gallery galleryid-273041 gallery-columns-3 gallery-size-medium'><figure class='gallery-item'>\n\t\t\t<div class='gallery-icon landscape'>\n\t\t\t\t<a href='https:\/\/goias.gov.br\/seguranca\/pmgo-deflagra-operacao-comando-geral-no-cpc\/502733787_18505109368004134_4757472473339168738_n\/'><img decoding=\"async\" width=\"300\" height=\"300\" src=\"https:\/\/goias.gov.br\/seguranca\/wp-content\/uploads\/sites\/56\/2025\/05\/502733787_18505109368004134_4757472473339168738_n-300x300.webp\" class=\"attachment-medium size-medium\" alt=\"\" srcset=\"https:\/\/goias.gov.br\/seguranca\/wp-content\/uploads\/sites\/56\/2025\/05\/502733787_18505109368004134_4757472473339168738_n-300x300.webp 300w, https:\/\/goias.gov.br\/seguranca\/wp-content\/uploads\/sites\/56\/2025\/05\/502733787_18505109368004134_4757472473339168738_n-1024x1024.webp 1024w, https:\/\/goias.gov.br\/seguranca\/wp-content\/uploads\/sites\/56\/2025\/05\/502733787_18505109368004134_4757472473339168738_n-150x150.webp 150w, https:\/\/goias.gov.br\/seguranca\/wp-content\/uploads\/sites\/56\/2025\/05\/502733787_18505109368004134_4757472473339168738_n-768x768.webp 768w, https:\/\/goias.gov.br\/seguranca\/wp-content\/uploads\/sites\/56\/2025\/05\/502733787_18505109368004134_4757472473339168738_n.webp 1080w\" sizes=\"(max-width: 300px) 100vw, 300px\" \/><\/a>\n\t\t\t<\/div><\/figure><figure class='gallery-item'>\n\t\t\t<div class='gallery-icon landscape'>\n\t\t\t\t<a href='https:\/\/goias.gov.br\/seguranca\/pmgo-deflagra-operacao-comando-geral-no-cpc\/501984404_18505109254004134_8174194027950100334_n\/'><img decoding=\"async\" width=\"300\" height=\"300\" src=\"https:\/\/goias.gov.br\/seguranca\/wp-content\/uploads\/sites\/56\/2025\/05\/501984404_18505109254004134_8174194027950100334_n-300x300.webp\" class=\"attachment-medium size-medium\" alt=\"\" srcset=\"https:\/\/goias.gov.br\/seguranca\/wp-content\/uploads\/sites\/56\/2025\/05\/501984404_18505109254004134_8174194027950100334_n-300x300.webp 300w, https:\/\/goias.gov.br\/seguranca\/wp-content\/uploads\/sites\/56\/2025\/05\/501984404_18505109254004134_8174194027950100334_n-1024x1024.webp 1024w, https:\/\/goias.gov.br\/seguranca\/wp-content\/uploads\/sites\/56\/2025\/05\/501984404_18505109254004134_8174194027950100334_n-150x150.webp 150w, https:\/\/goias.gov.br\/seguranca\/wp-content\/uploads\/sites\/56\/2025\/05\/501984404_18505109254004134_8174194027950100334_n-768x768.webp 768w, https:\/\/goias.gov.br\/seguranca\/wp-content\/uploads\/sites\/56\/2025\/05\/501984404_18505109254004134_8174194027950100334_n.webp 1080w\" sizes=\"(max-width: 300px) 100vw, 300px\" \/><\/a>\n\t\t\t<\/div><\/figure><figure class='gallery-item'>\n\t\t\t<div class='gallery-icon landscape'>\n\t\t\t\t<a href='https:\/\/goias.gov.br\/seguranca\/pmgo-deflagra-operacao-comando-geral-no-cpc\/501919253_18505109377004134_666824096845027912_n\/'><img loading=\"lazy\" decoding=\"async\" width=\"300\" height=\"300\" src=\"https:\/\/goias.gov.br\/seguranca\/wp-content\/uploads\/sites\/56\/2025\/05\/501919253_18505109377004134_666824096845027912_n-300x300.webp\" class=\"attachment-medium size-medium\" alt=\"\" srcset=\"https:\/\/goias.gov.br\/seguranca\/wp-content\/uploads\/sites\/56\/2025\/05\/501919253_18505109377004134_666824096845027912_n-300x300.webp 300w, https:\/\/goias.gov.br\/seguranca\/wp-content\/uploads\/sites\/56\/2025\/05\/501919253_18505109377004134_666824096845027912_n-1024x1024.webp 1024w, https:\/\/goias.gov.br\/seguranca\/wp-content\/uploads\/sites\/56\/2025\/05\/501919253_18505109377004134_666824096845027912_n-150x150.webp 150w, https:\/\/goias.gov.br\/seguranca\/wp-content\/uploads\/sites\/56\/2025\/05\/501919253_18505109377004134_666824096845027912_n-768x768.webp 768w, https:\/\/goias.gov.br\/seguranca\/wp-content\/uploads\/sites\/56\/2025\/05\/501919253_18505109377004134_666824096845027912_n.webp 1080w\" sizes=\"(max-width: 300px) 100vw, 300px\" \/><\/a>\n\t\t\t<\/div><\/figure><figure class='gallery-item'>\n\t\t\t<div class='gallery-icon landscape'>\n\t\t\t\t<a href='https:\/\/goias.gov.br\/seguranca\/pmgo-deflagra-operacao-comando-geral-no-cpc\/502712035_18505109365004134_2150299044112510987_n\/'><img loading=\"lazy\" decoding=\"async\" width=\"300\" height=\"300\" src=\"https:\/\/goias.gov.br\/seguranca\/wp-content\/uploads\/sites\/56\/2025\/05\/502712035_18505109365004134_2150299044112510987_n-300x300.webp\" class=\"attachment-medium size-medium\" alt=\"\" srcset=\"https:\/\/goias.gov.br\/seguranca\/wp-content\/uploads\/sites\/56\/2025\/05\/502712035_18505109365004134_2150299044112510987_n-300x300.webp 300w, https:\/\/goias.gov.br\/seguranca\/wp-content\/uploads\/sites\/56\/2025\/05\/502712035_18505109365004134_2150299044112510987_n-1024x1024.webp 1024w, https:\/\/goias.gov.br\/seguranca\/wp-content\/uploads\/sites\/56\/2025\/05\/502712035_18505109365004134_2150299044112510987_n-150x150.webp 150w, https:\/\/goias.gov.br\/seguranca\/wp-content\/uploads\/sites\/56\/2025\/05\/502712035_18505109365004134_2150299044112510987_n-768x768.webp 768w, https:\/\/goias.gov.br\/seguranca\/wp-content\/uploads\/sites\/56\/2025\/05\/502712035_18505109365004134_2150299044112510987_n.webp 1080w\" sizes=\"(max-width: 300px) 100vw, 300px\" \/><\/a>\n\t\t\t<\/div><\/figure><figure class='gallery-item'>\n\t\t\t<div class='gallery-icon landscape'>\n\t\t\t\t<a href='https:\/\/goias.gov.br\/seguranca\/pmgo-deflagra-operacao-comando-geral-no-cpc\/501858326_18505109386004134_380981304298227215_n\/'><img loading=\"lazy\" decoding=\"async\" width=\"300\" height=\"300\" src=\"https:\/\/goias.gov.br\/seguranca\/wp-content\/uploads\/sites\/56\/2025\/05\/501858326_18505109386004134_380981304298227215_n-300x300.webp\" class=\"attachment-medium size-medium\" alt=\"\" srcset=\"https:\/\/goias.gov.br\/seguranca\/wp-content\/uploads\/sites\/56\/2025\/05\/501858326_18505109386004134_380981304298227215_n-300x300.webp 300w, https:\/\/goias.gov.br\/seguranca\/wp-content\/uploads\/sites\/56\/2025\/05\/501858326_18505109386004134_380981304298227215_n-1024x1024.webp 1024w, https:\/\/goias.gov.br\/seguranca\/wp-content\/uploads\/sites\/56\/2025\/05\/501858326_18505109386004134_380981304298227215_n-150x150.webp 150w, https:\/\/goias.gov.br\/seguranca\/wp-content\/uploads\/sites\/56\/2025\/05\/501858326_18505109386004134_380981304298227215_n-768x768.webp 768w, https:\/\/goias.gov.br\/seguranca\/wp-content\/uploads\/sites\/56\/2025\/05\/501858326_18505109386004134_380981304298227215_n.webp 1080w\" sizes=\"(max-width: 300px) 100vw, 300px\" \/><\/a>\n\t\t\t<\/div><\/figure><figure class='gallery-item'>\n\t\t\t<div class='gallery-icon landscape'>\n\t\t\t\t<a href='https:\/\/goias.gov.br\/seguranca\/pmgo-deflagra-operacao-comando-geral-no-cpc\/502010124_18505109347004134_4158430797790691025_n\/'><img loading=\"lazy\" decoding=\"async\" width=\"300\" height=\"300\" src=\"https:\/\/goias.gov.br\/seguranca\/wp-content\/uploads\/sites\/56\/2025\/05\/502010124_18505109347004134_4158430797790691025_n-300x300.webp\" class=\"attachment-medium size-medium\" alt=\"\" srcset=\"https:\/\/goias.gov.br\/seguranca\/wp-content\/uploads\/sites\/56\/2025\/05\/502010124_18505109347004134_4158430797790691025_n-300x300.webp 300w, https:\/\/goias.gov.br\/seguranca\/wp-content\/uploads\/sites\/56\/2025\/05\/502010124_18505109347004134_4158430797790691025_n-1024x1024.webp 1024w, https:\/\/goias.gov.br\/seguranca\/wp-content\/uploads\/sites\/56\/2025\/05\/502010124_18505109347004134_4158430797790691025_n-150x150.webp 150w, https:\/\/goias.gov.br\/seguranca\/wp-content\/uploads\/sites\/56\/2025\/05\/502010124_18505109347004134_4158430797790691025_n-768x768.webp 768w, https:\/\/goias.gov.br\/seguranca\/wp-content\/uploads\/sites\/56\/2025\/05\/502010124_18505109347004134_4158430797790691025_n.webp 1080w\" sizes=\"(max-width: 300px) 100vw, 300px\" \/><\/a>\n\t\t\t<\/div><\/figure><figure class='gallery-item'>\n\t\t\t<div class='gallery-icon landscape'>\n\t\t\t\t<a href='https:\/\/goias.gov.br\/seguranca\/pmgo-deflagra-operacao-comando-geral-no-cpc\/501955592_18505109350004134_7183854236811410157_n\/'><img loading=\"lazy\" decoding=\"async\" width=\"300\" height=\"300\" src=\"https:\/\/goias.gov.br\/seguranca\/wp-content\/uploads\/sites\/56\/2025\/05\/501955592_18505109350004134_7183854236811410157_n-300x300.webp\" class=\"attachment-medium size-medium\" alt=\"\" srcset=\"https:\/\/goias.gov.br\/seguranca\/wp-content\/uploads\/sites\/56\/2025\/05\/501955592_18505109350004134_7183854236811410157_n-300x300.webp 300w, https:\/\/goias.gov.br\/seguranca\/wp-content\/uploads\/sites\/56\/2025\/05\/501955592_18505109350004134_7183854236811410157_n-1024x1024.webp 1024w, https:\/\/goias.gov.br\/seguranca\/wp-content\/uploads\/sites\/56\/2025\/05\/501955592_18505109350004134_7183854236811410157_n-150x150.webp 150w, https:\/\/goias.gov.br\/seguranca\/wp-content\/uploads\/sites\/56\/2025\/05\/501955592_18505109350004134_7183854236811410157_n-768x768.webp 768w, https:\/\/goias.gov.br\/seguranca\/wp-content\/uploads\/sites\/56\/2025\/05\/501955592_18505109350004134_7183854236811410157_n.webp 1080w\" sizes=\"(max-width: 300px) 100vw, 300px\" \/><\/a>\n\t\t\t<\/div><\/figure><figure class='gallery-item'>\n\t\t\t<div class='gallery-icon landscape'>\n\t\t\t\t<a href='https:\/\/goias.gov.br\/seguranca\/pmgo-deflagra-operacao-comando-geral-no-cpc\/502054084_18505109272004134_6761930668588671897_n\/'><img loading=\"lazy\" decoding=\"async\" width=\"300\" height=\"300\" src=\"https:\/\/goias.gov.br\/seguranca\/wp-content\/uploads\/sites\/56\/2025\/05\/502054084_18505109272004134_6761930668588671897_n-300x300.webp\" class=\"attachment-medium size-medium\" alt=\"\" srcset=\"https:\/\/goias.gov.br\/seguranca\/wp-content\/uploads\/sites\/56\/2025\/05\/502054084_18505109272004134_6761930668588671897_n-300x300.webp 300w, https:\/\/goias.gov.br\/seguranca\/wp-content\/uploads\/sites\/56\/2025\/05\/502054084_18505109272004134_6761930668588671897_n-1024x1024.webp 1024w, https:\/\/goias.gov.br\/seguranca\/wp-content\/uploads\/sites\/56\/2025\/05\/502054084_18505109272004134_6761930668588671897_n-150x150.webp 150w, https:\/\/goias.gov.br\/seguranca\/wp-content\/uploads\/sites\/56\/2025\/05\/502054084_18505109272004134_6761930668588671897_n-768x768.webp 768w, https:\/\/goias.gov.br\/seguranca\/wp-content\/uploads\/sites\/56\/2025\/05\/502054084_18505109272004134_6761930668588671897_n.webp 1080w\" sizes=\"(max-width: 300px) 100vw, 300px\" \/><\/a>\n\t\t\t<\/div><\/figure><figure class='gallery-item'>\n\t\t\t<div class='gallery-icon landscape'>\n\t\t\t\t<a href='https:\/\/goias.gov.br\/seguranca\/pmgo-deflagra-operacao-comando-geral-no-cpc\/501996034_18505109314004134_2516304622326640179_n\/'><img loading=\"lazy\" decoding=\"async\" width=\"300\" height=\"300\" src=\"https:\/\/goias.gov.br\/seguranca\/wp-content\/uploads\/sites\/56\/2025\/05\/501996034_18505109314004134_2516304622326640179_n-300x300.webp\" class=\"attachment-medium size-medium\" alt=\"\" srcset=\"https:\/\/goias.gov.br\/seguranca\/wp-content\/uploads\/sites\/56\/2025\/05\/501996034_18505109314004134_2516304622326640179_n-300x300.webp 300w, https:\/\/goias.gov.br\/seguranca\/wp-content\/uploads\/sites\/56\/2025\/05\/501996034_18505109314004134_2516304622326640179_n-1024x1024.webp 1024w, https:\/\/goias.gov.br\/seguranca\/wp-content\/uploads\/sites\/56\/2025\/05\/501996034_18505109314004134_2516304622326640179_n-150x150.webp 150w, https:\/\/goias.gov.br\/seguranca\/wp-content\/uploads\/sites\/56\/2025\/05\/501996034_18505109314004134_2516304622326640179_n-768x768.webp 768w, https:\/\/goias.gov.br\/seguranca\/wp-content\/uploads\/sites\/56\/2025\/05\/501996034_18505109314004134_2516304622326640179_n.webp 1080w\" sizes=\"(max-width: 300px) 100vw, 300px\" \/><\/a>\n\t\t\t<\/div><\/figure><figure class='gallery-item'>\n\t\t\t<div class='gallery-icon landscape'>\n\t\t\t\t<a href='https:\/\/goias.gov.br\/seguranca\/pmgo-deflagra-operacao-comando-geral-no-cpc\/502005211_18505109299004134_5611392942143692975_n\/'><img loading=\"lazy\" decoding=\"async\" width=\"300\" height=\"300\" src=\"https:\/\/goias.gov.br\/seguranca\/wp-content\/uploads\/sites\/56\/2025\/05\/502005211_18505109299004134_5611392942143692975_n-300x300.webp\" class=\"attachment-medium size-medium\" alt=\"\" srcset=\"https:\/\/goias.gov.br\/seguranca\/wp-content\/uploads\/sites\/56\/2025\/05\/502005211_18505109299004134_5611392942143692975_n-300x300.webp 300w, https:\/\/goias.gov.br\/seguranca\/wp-content\/uploads\/sites\/56\/2025\/05\/502005211_18505109299004134_5611392942143692975_n-1024x1024.webp 1024w, https:\/\/goias.gov.br\/seguranca\/wp-content\/uploads\/sites\/56\/2025\/05\/502005211_18505109299004134_5611392942143692975_n-150x150.webp 150w, https:\/\/goias.gov.br\/seguranca\/wp-content\/uploads\/sites\/56\/2025\/05\/502005211_18505109299004134_5611392942143692975_n-768x768.webp 768w, https:\/\/goias.gov.br\/seguranca\/wp-content\/uploads\/sites\/56\/2025\/05\/502005211_18505109299004134_5611392942143692975_n.webp 1080w\" sizes=\"(max-width: 300px) 100vw, 300px\" \/><\/a>\n\t\t\t<\/div><\/figure><figure class='gallery-item'>\n\t\t\t<div class='gallery-icon landscape'>\n\t\t\t\t<a href='https:\/\/goias.gov.br\/seguranca\/pmgo-deflagra-operacao-comando-geral-no-cpc\/502697928_18505109323004134_6061258225768512428_n\/'><img loading=\"lazy\" decoding=\"async\" width=\"300\" height=\"300\" src=\"https:\/\/goias.gov.br\/seguranca\/wp-content\/uploads\/sites\/56\/2025\/05\/502697928_18505109323004134_6061258225768512428_n-300x300.webp\" class=\"attachment-medium size-medium\" alt=\"\" srcset=\"https:\/\/goias.gov.br\/seguranca\/wp-content\/uploads\/sites\/56\/2025\/05\/502697928_18505109323004134_6061258225768512428_n-300x300.webp 300w, https:\/\/goias.gov.br\/seguranca\/wp-content\/uploads\/sites\/56\/2025\/05\/502697928_18505109323004134_6061258225768512428_n-1024x1024.webp 1024w, https:\/\/goias.gov.br\/seguranca\/wp-content\/uploads\/sites\/56\/2025\/05\/502697928_18505109323004134_6061258225768512428_n-150x150.webp 150w, https:\/\/goias.gov.br\/seguranca\/wp-content\/uploads\/sites\/56\/2025\/05\/502697928_18505109323004134_6061258225768512428_n-768x768.webp 768w, https:\/\/goias.gov.br\/seguranca\/wp-content\/uploads\/sites\/56\/2025\/05\/502697928_18505109323004134_6061258225768512428_n.webp 1080w\" sizes=\"(max-width: 300px) 100vw, 300px\" \/><\/a>\n\t\t\t<\/div><\/figure><figure class='gallery-item'>\n\t\t\t<div class='gallery-icon landscape'>\n\t\t\t\t<a href='https:\/\/goias.gov.br\/seguranca\/pmgo-deflagra-operacao-comando-geral-no-cpc\/502380875_18505109290004134_7410136139857463681_n\/'><img loading=\"lazy\" decoding=\"async\" width=\"300\" height=\"300\" src=\"https:\/\/goias.gov.br\/seguranca\/wp-content\/uploads\/sites\/56\/2025\/05\/502380875_18505109290004134_7410136139857463681_n-300x300.webp\" class=\"attachment-medium size-medium\" alt=\"\" srcset=\"https:\/\/goias.gov.br\/seguranca\/wp-content\/uploads\/sites\/56\/2025\/05\/502380875_18505109290004134_7410136139857463681_n-300x300.webp 300w, https:\/\/goias.gov.br\/seguranca\/wp-content\/uploads\/sites\/56\/2025\/05\/502380875_18505109290004134_7410136139857463681_n-1024x1024.webp 1024w, https:\/\/goias.gov.br\/seguranca\/wp-content\/uploads\/sites\/56\/2025\/05\/502380875_18505109290004134_7410136139857463681_n-150x150.webp 150w, https:\/\/goias.gov.br\/seguranca\/wp-content\/uploads\/sites\/56\/2025\/05\/502380875_18505109290004134_7410136139857463681_n-768x768.webp 768w, https:\/\/goias.gov.br\/seguranca\/wp-content\/uploads\/sites\/56\/2025\/05\/502380875_18505109290004134_7410136139857463681_n.webp 1080w\" sizes=\"(max-width: 300px) 100vw, 300px\" \/><\/a>\n\t\t\t<\/div><\/figure><figure class='gallery-item'>\n\t\t\t<div class='gallery-icon landscape'>\n\t\t\t\t<a href='https:\/\/goias.gov.br\/seguranca\/pmgo-deflagra-operacao-comando-geral-no-cpc\/501912829_18505109263004134_3257169754818266750_n\/'><img loading=\"lazy\" decoding=\"async\" width=\"300\" height=\"300\" src=\"https:\/\/goias.gov.br\/seguranca\/wp-content\/uploads\/sites\/56\/2025\/05\/501912829_18505109263004134_3257169754818266750_n-300x300.webp\" class=\"attachment-medium size-medium\" alt=\"\" srcset=\"https:\/\/goias.gov.br\/seguranca\/wp-content\/uploads\/sites\/56\/2025\/05\/501912829_18505109263004134_3257169754818266750_n-300x300.webp 300w, https:\/\/goias.gov.br\/seguranca\/wp-content\/uploads\/sites\/56\/2025\/05\/501912829_18505109263004134_3257169754818266750_n-1024x1024.webp 1024w, https:\/\/goias.gov.br\/seguranca\/wp-content\/uploads\/sites\/56\/2025\/05\/501912829_18505109263004134_3257169754818266750_n-150x150.webp 150w, https:\/\/goias.gov.br\/seguranca\/wp-content\/uploads\/sites\/56\/2025\/05\/501912829_18505109263004134_3257169754818266750_n-768x768.webp 768w, https:\/\/goias.gov.br\/seguranca\/wp-content\/uploads\/sites\/56\/2025\/05\/501912829_18505109263004134_3257169754818266750_n.webp 1080w\" sizes=\"(max-width: 300px) 100vw, 300px\" \/><\/a>\n\t\t\t<\/div><\/figure><figure class='gallery-item'>\n\t\t\t<div class='gallery-icon landscape'>\n\t\t\t\t<a href='https:\/\/goias.gov.br\/seguranca\/pmgo-deflagra-operacao-comando-geral-no-cpc\/501931601_18505109245004134_7383716663013125971_n\/'><img loading=\"lazy\" decoding=\"async\" width=\"300\" height=\"300\" src=\"https:\/\/goias.gov.br\/seguranca\/wp-content\/uploads\/sites\/56\/2025\/05\/501931601_18505109245004134_7383716663013125971_n-300x300.webp\" class=\"attachment-medium size-medium\" alt=\"\" srcset=\"https:\/\/goias.gov.br\/seguranca\/wp-content\/uploads\/sites\/56\/2025\/05\/501931601_18505109245004134_7383716663013125971_n-300x300.webp 300w, https:\/\/goias.gov.br\/seguranca\/wp-content\/uploads\/sites\/56\/2025\/05\/501931601_18505109245004134_7383716663013125971_n-1024x1024.webp 1024w, https:\/\/goias.gov.br\/seguranca\/wp-content\/uploads\/sites\/56\/2025\/05\/501931601_18505109245004134_7383716663013125971_n-150x150.webp 150w, https:\/\/goias.gov.br\/seguranca\/wp-content\/uploads\/sites\/56\/2025\/05\/501931601_18505109245004134_7383716663013125971_n-768x768.webp 768w, https:\/\/goias.gov.br\/seguranca\/wp-content\/uploads\/sites\/56\/2025\/05\/501931601_18505109245004134_7383716663013125971_n.webp 1080w\" sizes=\"(max-width: 300px) 100vw, 300px\" \/><\/a>\n\t\t\t<\/div><\/figure><figure class='gallery-item'>\n\t\t\t<div class='gallery-icon landscape'>\n\t\t\t\t<a href='https:\/\/goias.gov.br\/seguranca\/pmgo-deflagra-operacao-comando-geral-no-cpc\/501990424_18505109233004134_5505844817655213867_n\/'><img loading=\"lazy\" decoding=\"async\" width=\"300\" height=\"300\" src=\"https:\/\/goias.gov.br\/seguranca\/wp-content\/uploads\/sites\/56\/2025\/05\/501990424_18505109233004134_5505844817655213867_n-300x300.webp\" class=\"attachment-medium size-medium\" alt=\"\" srcset=\"https:\/\/goias.gov.br\/seguranca\/wp-content\/uploads\/sites\/56\/2025\/05\/501990424_18505109233004134_5505844817655213867_n-300x300.webp 300w, https:\/\/goias.gov.br\/seguranca\/wp-content\/uploads\/sites\/56\/2025\/05\/501990424_18505109233004134_5505844817655213867_n-1024x1024.webp 1024w, https:\/\/goias.gov.br\/seguranca\/wp-content\/uploads\/sites\/56\/2025\/05\/501990424_18505109233004134_5505844817655213867_n-150x150.webp 150w, https:\/\/goias.gov.br\/seguranca\/wp-content\/uploads\/sites\/56\/2025\/05\/501990424_18505109233004134_5505844817655213867_n-768x768.webp 768w, https:\/\/goias.gov.br\/seguranca\/wp-content\/uploads\/sites\/56\/2025\/05\/501990424_18505109233004134_5505844817655213867_n.webp 1080w\" sizes=\"(max-width: 300px) 100vw, 300px\" \/><\/a>\n\t\t\t<\/div><\/figure><figure class='gallery-item'>\n\t\t\t<div class='gallery-icon landscape'>\n\t\t\t\t<a href='https:\/\/goias.gov.br\/seguranca\/pmgo-deflagra-operacao-comando-geral-no-cpc\/501915448_18505109281004134_595993658258937350_n\/'><img loading=\"lazy\" decoding=\"async\" width=\"300\" height=\"300\" src=\"https:\/\/goias.gov.br\/seguranca\/wp-content\/uploads\/sites\/56\/2025\/05\/501915448_18505109281004134_595993658258937350_n-300x300.webp\" class=\"attachment-medium size-medium\" alt=\"\" srcset=\"https:\/\/goias.gov.br\/seguranca\/wp-content\/uploads\/sites\/56\/2025\/05\/501915448_18505109281004134_595993658258937350_n-300x300.webp 300w, https:\/\/goias.gov.br\/seguranca\/wp-content\/uploads\/sites\/56\/2025\/05\/501915448_18505109281004134_595993658258937350_n-1024x1024.webp 1024w, https:\/\/goias.gov.br\/seguranca\/wp-content\/uploads\/sites\/56\/2025\/05\/501915448_18505109281004134_595993658258937350_n-150x150.webp 150w, https:\/\/goias.gov.br\/seguranca\/wp-content\/uploads\/sites\/56\/2025\/05\/501915448_18505109281004134_595993658258937350_n-768x768.webp 768w, https:\/\/goias.gov.br\/seguranca\/wp-content\/uploads\/sites\/56\/2025\/05\/501915448_18505109281004134_595993658258937350_n.webp 1080w\" sizes=\"(max-width: 300px) 100vw, 300px\" \/><\/a>\n\t\t\t<\/div><\/figure><figure class='gallery-item'>\n\t\t\t<div class='gallery-icon landscape'>\n\t\t\t\t<a href='https:\/\/goias.gov.br\/seguranca\/pmgo-deflagra-operacao-comando-geral-no-cpc\/502630078_18505109236004134_2592815769777521083_n\/'><img loading=\"lazy\" decoding=\"async\" width=\"300\" height=\"300\" src=\"https:\/\/goias.gov.br\/seguranca\/wp-content\/uploads\/sites\/56\/2025\/05\/502630078_18505109236004134_2592815769777521083_n-300x300.webp\" class=\"attachment-medium size-medium\" alt=\"\" srcset=\"https:\/\/goias.gov.br\/seguranca\/wp-content\/uploads\/sites\/56\/2025\/05\/502630078_18505109236004134_2592815769777521083_n-300x300.webp 300w, https:\/\/goias.gov.br\/seguranca\/wp-content\/uploads\/sites\/56\/2025\/05\/502630078_18505109236004134_2592815769777521083_n-1024x1024.webp 1024w, https:\/\/goias.gov.br\/seguranca\/wp-content\/uploads\/sites\/56\/2025\/05\/502630078_18505109236004134_2592815769777521083_n-150x150.webp 150w, https:\/\/goias.gov.br\/seguranca\/wp-content\/uploads\/sites\/56\/2025\/05\/502630078_18505109236004134_2592815769777521083_n-768x768.webp 768w, https:\/\/goias.gov.br\/seguranca\/wp-content\/uploads\/sites\/56\/2025\/05\/502630078_18505109236004134_2592815769777521083_n.webp 1080w\" sizes=\"(max-width: 300px) 100vw, 300px\" \/><\/a>\n\t\t\t<\/div><\/figure><figure class='gallery-item'>\n\t\t\t<div class='gallery-icon landscape'>\n\t\t\t\t<a href='https:\/\/goias.gov.br\/seguranca\/pmgo-deflagra-operacao-comando-geral-no-cpc\/502393553_18505109218004134_286344682819129021_n\/'><img loading=\"lazy\" decoding=\"async\" width=\"300\" height=\"300\" src=\"https:\/\/goias.gov.br\/seguranca\/wp-content\/uploads\/sites\/56\/2025\/05\/502393553_18505109218004134_286344682819129021_n-300x300.webp\" class=\"attachment-medium size-medium\" alt=\"\" srcset=\"https:\/\/goias.gov.br\/seguranca\/wp-content\/uploads\/sites\/56\/2025\/05\/502393553_18505109218004134_286344682819129021_n-300x300.webp 300w, https:\/\/goias.gov.br\/seguranca\/wp-content\/uploads\/sites\/56\/2025\/05\/502393553_18505109218004134_286344682819129021_n-1024x1024.webp 1024w, https:\/\/goias.gov.br\/seguranca\/wp-content\/uploads\/sites\/56\/2025\/05\/502393553_18505109218004134_286344682819129021_n-150x150.webp 150w, https:\/\/goias.gov.br\/seguranca\/wp-content\/uploads\/sites\/56\/2025\/05\/502393553_18505109218004134_286344682819129021_n-768x768.webp 768w, https:\/\/goias.gov.br\/seguranca\/wp-content\/uploads\/sites\/56\/2025\/05\/502393553_18505109218004134_286344682819129021_n.webp 1080w\" sizes=\"(max-width: 300px) 100vw, 300px\" \/><\/a>\n\t\t\t<\/div><\/figure>\n\t\t<\/div>\n\n","protected":false},"excerpt":{"rendered":"<p>A\u00e7\u00e3o refor\u00e7a a presen\u00e7a do comando nas ruas e busca ampliar a efici\u00eancia do policiamento na capital\u00a0 A Pol\u00edcia Militar de Goi\u00e1s (PMGO) lan\u00e7ou, nesta quinta-feira (29\/05), na Pra\u00e7a Joaquim L\u00facio, no Setor Campinas, a Opera\u00e7\u00e3o Comando-Geral na capital. A a\u00e7\u00e3o tem como objetivo fortalecer a gest\u00e3o operacional e ampliar a efici\u00eancia do policiamento, aproximando [&hellip;]<\/p>\n","protected":false},"author":485,"featured_media":273045,"comment_status":"closed","ping_status":"open","sticky":false,"template":"","format":"standard","meta":{"footnotes":"","_links_to":"","_links_to_target":""},"categories":[3,10,11],"tags":[2632,186,652],"class_list":["post-273041","post","type-post","status-publish","format-standard","has-post-thumbnail","hentry","category-noticias","category-noticias-da-ssp","category-ultimo-segundo","tag-cpc","tag-pmgo","tag-seguranca-publica"],"rttpg_featured_image_url":{"full":["https:\/\/goias.gov.br\/seguranca\/wp-content\/uploads\/sites\/56\/2025\/05\/502381322_18505109395004134_3831236672681057361_n.webp",1080,1080,false],"landscape":["https:\/\/goias.gov.br\/seguranca\/wp-content\/uploads\/sites\/56\/2025\/05\/502381322_18505109395004134_3831236672681057361_n.webp",1080,1080,false],"portraits":["https:\/\/goias.gov.br\/seguranca\/wp-content\/uploads\/sites\/56\/2025\/05\/502381322_18505109395004134_3831236672681057361_n.webp",1080,1080,false],"thumbnail":["https:\/\/goias.gov.br\/seguranca\/wp-content\/uploads\/sites\/56\/2025\/05\/502381322_18505109395004134_3831236672681057361_n-150x150.webp",150,150,true],"medium":["https:\/\/goias.gov.br\/seguranca\/wp-content\/uploads\/sites\/56\/2025\/05\/502381322_18505109395004134_3831236672681057361_n-300x300.webp",300,300,true],"large":["https:\/\/goias.gov.br\/seguranca\/wp-content\/uploads\/sites\/56\/2025\/05\/502381322_18505109395004134_3831236672681057361_n-1024x1024.webp",1024,1024,true],"1536x1536":["https:\/\/goias.gov.br\/seguranca\/wp-content\/uploads\/sites\/56\/2025\/05\/502381322_18505109395004134_3831236672681057361_n.webp",1080,1080,false],"2048x2048":["https:\/\/goias.gov.br\/seguranca\/wp-content\/uploads\/sites\/56\/2025\/05\/502381322_18505109395004134_3831236672681057361_n.webp",1080,1080,false]},"rttpg_author":{"display_name":"giovanamarcos","author_link":"https:\/\/goias.gov.br\/seguranca\/author\/giovanamarcos\/"},"rttpg_comment":0,"rttpg_category":"<a href=\"https:\/\/goias.gov.br\/seguranca\/categoria\/noticias\/\" rel=\"category tag\">Not\u00edcias<\/a> <a href=\"https:\/\/goias.gov.br\/seguranca\/categoria\/noticias-da-ssp\/\" rel=\"category tag\">Not\u00edcias da SSP<\/a> <a href=\"https:\/\/goias.gov.br\/seguranca\/categoria\/ultimo-segundo\/\" rel=\"category tag\">\u00daltimo Segundo<\/a>","rttpg_excerpt":"A\u00e7\u00e3o refor\u00e7a a presen\u00e7a do comando nas ruas e busca ampliar a efici\u00eancia do policiamento na capital\u00a0 A Pol\u00edcia Militar de Goi\u00e1s (PMGO) lan\u00e7ou, nesta quinta-feira (29\/05), na Pra\u00e7a Joaquim L\u00facio, no Setor Campinas, a Opera\u00e7\u00e3o Comando-Geral na capital. A a\u00e7\u00e3o tem como objetivo fortalecer a gest\u00e3o operacional e ampliar a efici\u00eancia do policiamento, aproximando&hellip;","_links":{"self":[{"href":"https:\/\/goias.gov.br\/seguranca\/wp-json\/wp\/v2\/posts\/273041","targetHints":{"allow":["GET"]}}],"collection":[{"href":"https:\/\/goias.gov.br\/seguranca\/wp-json\/wp\/v2\/posts"}],"about":[{"href":"https:\/\/goias.gov.br\/seguranca\/wp-json\/wp\/v2\/types\/post"}],"author":[{"embeddable":true,"href":"https:\/\/goias.gov.br\/seguranca\/wp-json\/wp\/v2\/users\/485"}],"replies":[{"embeddable":true,"href":"https:\/\/goias.gov.br\/seguranca\/wp-json\/wp\/v2\/comments?post=273041"}],"version-history":[{"count":2,"href":"https:\/\/goias.gov.br\/seguranca\/wp-json\/wp\/v2\/posts\/273041\/revisions"}],"predecessor-version":[{"id":273079,"href":"https:\/\/goias.gov.br\/seguranca\/wp-json\/wp\/v2\/posts\/273041\/revisions\/273079"}],"wp:featuredmedia":[{"embeddable":true,"href":"https:\/\/goias.gov.br\/seguranca\/wp-json\/wp\/v2\/media\/273045"}],"wp:attachment":[{"href":"https:\/\/goias.gov.br\/seguranca\/wp-json\/wp\/v2\/media?parent=273041"}],"wp:term":[{"taxonomy":"category","embeddable":true,"href":"https:\/\/goias.gov.br\/seguranca\/wp-json\/wp\/v2\/categories?post=273041"},{"taxonomy":"post_tag","embeddable":true,"href":"https:\/\/goias.gov.br\/seguranca\/wp-json\/wp\/v2\/tags?post=273041"}],"curies":[{"name":"wp","href":"https:\/\/api.w.org\/{rel}","templated":true}]}}