

{"id":272452,"date":"2025-05-19T17:18:43","date_gmt":"2025-05-19T20:18:43","guid":{"rendered":"https:\/\/goias.gov.br\/seguranca\/?p=272452"},"modified":"2025-05-19T17:20:11","modified_gmt":"2025-05-19T20:20:11","slug":"cod-e-prf-apreendem-carga-de-eletronicos","status":"publish","type":"post","link":"https:\/\/goias.gov.br\/seguranca\/cod-e-prf-apreendem-carga-de-eletronicos\/","title":{"rendered":"COD e PRF apreendem carga de eletr\u00f4nicos"},"content":{"rendered":"<p style=\"text-align: center\" data-sourcepos=\"5:1-5:434\"><em>Policiais encontraram uma grande quantidade de aparelhos celulares &#8220;smartphones&#8221; e produtos eletr\u00f4nicos diversos sem a devida documenta\u00e7\u00e3o fiscal caracterizando o crime de descaminho\u00a0<\/em><\/p>\n<p data-sourcepos=\"5:1-5:434\"><img fetchpriority=\"high\" decoding=\"async\" class=\"aligncenter wp-image-272454 \" src=\"https:\/\/goias.gov.br\/seguranca\/wp-content\/uploads\/sites\/56\/2025\/05\/WhatsApp-Image-2025-05-19-at-10.11.44.jpeg\" alt=\"\" width=\"673\" height=\"505\" srcset=\"https:\/\/goias.gov.br\/seguranca\/wp-content\/uploads\/sites\/56\/2025\/05\/WhatsApp-Image-2025-05-19-at-10.11.44.jpeg 1280w, https:\/\/goias.gov.br\/seguranca\/wp-content\/uploads\/sites\/56\/2025\/05\/WhatsApp-Image-2025-05-19-at-10.11.44-300x225.jpeg 300w, https:\/\/goias.gov.br\/seguranca\/wp-content\/uploads\/sites\/56\/2025\/05\/WhatsApp-Image-2025-05-19-at-10.11.44-1024x768.jpeg 1024w, https:\/\/goias.gov.br\/seguranca\/wp-content\/uploads\/sites\/56\/2025\/05\/WhatsApp-Image-2025-05-19-at-10.11.44-768x576.jpeg 768w, https:\/\/goias.gov.br\/seguranca\/wp-content\/uploads\/sites\/56\/2025\/05\/WhatsApp-Image-2025-05-19-at-10.11.44-600x450.jpeg 600w\" sizes=\"(max-width: 673px) 100vw, 673px\" \/><\/p>\n<p style=\"text-align: justify\" data-sourcepos=\"5:1-5:434\">Uma opera\u00e7\u00e3o conjunta entre o Comando de Opera\u00e7\u00f5es de Divisas (COD) e a Pol\u00edcia Rodovi\u00e1ria Federal (PRF) resultou na apreens\u00e3o de uma significativa carga de aparelhos celulares smartphones e diversos produtos eletr\u00f4nicos. A a\u00e7\u00e3o ocorreu neste domingo (18\/05), na regi\u00e3o Sul de Goi\u00e1s.<\/p>\n<p style=\"text-align: justify\" data-sourcepos=\"7:1-7:399\">A mercadoria ilegal foi descoberta no porta-malas de um ve\u00edculo de passeio que retornava de uma viagem ao Paraguai. O condutor do ve\u00edculo, identificado como A.M.N., j\u00e1 possu\u00eda hist\u00f3rico de envolvimento em crimes de contrabando e descaminho. Ele confessou aos policiais que os eletr\u00f4nicos, adquiridos ilegalmente no pa\u00eds vizinho, tinham como destino a comercializa\u00e7\u00e3o na cidade de An\u00e1polis, em Goi\u00e1s.<\/p>\n<p style=\"text-align: justify\" data-sourcepos=\"9:1-9:196\">Diante da constata\u00e7\u00e3o do crime de descaminho, os produtos apreendidos e o ve\u00edculo utilizado no transporte foram encaminhados para a Receita Federal em Goi\u00e2nia para as provid\u00eancias legais cab\u00edveis.<\/p>\n<p style=\"text-align: justify\" data-sourcepos=\"11:1-11:26\"><strong>Resultado\u00a0<\/strong><\/p>\n<ul style=\"text-align: justify\" data-sourcepos=\"13:1-17:0\">\n<li data-sourcepos=\"13:1-13:77\">Apreens\u00e3o de diversos aparelhos celulares smartphones e outros eletr\u00f4nicos;<\/li>\n<li data-sourcepos=\"14:1-14:66\">Apreens\u00e3o de um ve\u00edculo utilizado no transporte da carga ilegal;<\/li>\n<li data-sourcepos=\"15:1-15:22\">Um indiv\u00edduo detido;<\/li>\n<li data-sourcepos=\"16:1-17:0\">Preju\u00edzo estimado de R$ 375 mil ao crime organizado.<\/li>\n<\/ul>\n<p style=\"text-align: justify\" data-sourcepos=\"18:1-18:314\">Esta opera\u00e7\u00e3o demonstra a import\u00e2ncia da integra\u00e7\u00e3o entre as For\u00e7as de Seguran\u00e7a no combate a crimes transfronteiri\u00e7os, como o descaminho, que causam preju\u00edzos significativos \u00e0 economia e \u00e0 arrecada\u00e7\u00e3o de impostos no pa\u00eds. A a\u00e7\u00e3o conjunta do COD e da PRF representa um duro golpe nas atividades il\u00edcitas na regi\u00e3o.<\/p>\n<p data-sourcepos=\"18:1-18:314\">\u00a0<img decoding=\"async\" class=\"wp-image-272456 aligncenter\" src=\"https:\/\/goias.gov.br\/seguranca\/wp-content\/uploads\/sites\/56\/2025\/05\/WhatsApp-Image-2025-05-19-at-10.11.44-2.jpeg\" alt=\"\" width=\"617\" height=\"463\" srcset=\"https:\/\/goias.gov.br\/seguranca\/wp-content\/uploads\/sites\/56\/2025\/05\/WhatsApp-Image-2025-05-19-at-10.11.44-2.jpeg 1280w, https:\/\/goias.gov.br\/seguranca\/wp-content\/uploads\/sites\/56\/2025\/05\/WhatsApp-Image-2025-05-19-at-10.11.44-2-300x225.jpeg 300w, https:\/\/goias.gov.br\/seguranca\/wp-content\/uploads\/sites\/56\/2025\/05\/WhatsApp-Image-2025-05-19-at-10.11.44-2-1024x768.jpeg 1024w, https:\/\/goias.gov.br\/seguranca\/wp-content\/uploads\/sites\/56\/2025\/05\/WhatsApp-Image-2025-05-19-at-10.11.44-2-768x576.jpeg 768w, https:\/\/goias.gov.br\/seguranca\/wp-content\/uploads\/sites\/56\/2025\/05\/WhatsApp-Image-2025-05-19-at-10.11.44-2-600x450.jpeg 600w\" sizes=\"(max-width: 617px) 100vw, 617px\" \/><\/p>\n<p data-sourcepos=\"18:1-18:314\"><strong>Fotos: Divulga\u00e7\u00e3o\/PMGO<\/strong><\/p>\n<p data-sourcepos=\"18:1-18:314\"><strong>Comunica\u00e7\u00e3o Setorial &#8211; Secretaria de Seguran\u00e7a P\u00fablica &#8211; Governo de Goi\u00e1s<\/strong><\/p>\n","protected":false},"excerpt":{"rendered":"<p>Policiais encontraram uma grande quantidade de aparelhos celulares &#8220;smartphones&#8221; e produtos eletr\u00f4nicos diversos sem a devida documenta\u00e7\u00e3o fiscal caracterizando o crime de descaminho\u00a0 Uma opera\u00e7\u00e3o conjunta entre o Comando de Opera\u00e7\u00f5es de Divisas (COD) e a Pol\u00edcia Rodovi\u00e1ria Federal (PRF) resultou na apreens\u00e3o de uma significativa carga de aparelhos celulares smartphones e diversos produtos eletr\u00f4nicos. [&hellip;]<\/p>\n","protected":false},"author":484,"featured_media":272455,"comment_status":"closed","ping_status":"open","sticky":false,"template":"","format":"standard","meta":{"footnotes":"","_links_to":"","_links_to_target":""},"categories":[3,10,11],"tags":[2378,2332,652],"class_list":["post-272452","post","type-post","status-publish","format-standard","has-post-thumbnail","hentry","category-noticias","category-noticias-da-ssp","category-ultimo-segundo","tag-forcas-de-seguranca","tag-integracao","tag-seguranca-publica"],"rttpg_featured_image_url":{"full":["https:\/\/goias.gov.br\/seguranca\/wp-content\/uploads\/sites\/56\/2025\/05\/WhatsApp-Image-2025-05-19-at-10.11.44-1.jpeg",960,1280,false],"landscape":["https:\/\/goias.gov.br\/seguranca\/wp-content\/uploads\/sites\/56\/2025\/05\/WhatsApp-Image-2025-05-19-at-10.11.44-1.jpeg",960,1280,false],"portraits":["https:\/\/goias.gov.br\/seguranca\/wp-content\/uploads\/sites\/56\/2025\/05\/WhatsApp-Image-2025-05-19-at-10.11.44-1.jpeg",960,1280,false],"thumbnail":["https:\/\/goias.gov.br\/seguranca\/wp-content\/uploads\/sites\/56\/2025\/05\/WhatsApp-Image-2025-05-19-at-10.11.44-1-150x150.jpeg",150,150,true],"medium":["https:\/\/goias.gov.br\/seguranca\/wp-content\/uploads\/sites\/56\/2025\/05\/WhatsApp-Image-2025-05-19-at-10.11.44-1-225x300.jpeg",225,300,true],"large":["https:\/\/goias.gov.br\/seguranca\/wp-content\/uploads\/sites\/56\/2025\/05\/WhatsApp-Image-2025-05-19-at-10.11.44-1-768x1024.jpeg",768,1024,true],"1536x1536":["https:\/\/goias.gov.br\/seguranca\/wp-content\/uploads\/sites\/56\/2025\/05\/WhatsApp-Image-2025-05-19-at-10.11.44-1.jpeg",960,1280,false],"2048x2048":["https:\/\/goias.gov.br\/seguranca\/wp-content\/uploads\/sites\/56\/2025\/05\/WhatsApp-Image-2025-05-19-at-10.11.44-1.jpeg",960,1280,false]},"rttpg_author":{"display_name":"isabeloliveira","author_link":"https:\/\/goias.gov.br\/seguranca\/author\/isabeloliveira\/"},"rttpg_comment":0,"rttpg_category":"<a href=\"https:\/\/goias.gov.br\/seguranca\/categoria\/noticias\/\" rel=\"category tag\">Not\u00edcias<\/a> <a href=\"https:\/\/goias.gov.br\/seguranca\/categoria\/noticias-da-ssp\/\" rel=\"category tag\">Not\u00edcias da SSP<\/a> <a href=\"https:\/\/goias.gov.br\/seguranca\/categoria\/ultimo-segundo\/\" rel=\"category tag\">\u00daltimo Segundo<\/a>","rttpg_excerpt":"Policiais encontraram uma grande quantidade de aparelhos celulares &#8220;smartphones&#8221; e produtos eletr\u00f4nicos diversos sem a devida documenta\u00e7\u00e3o fiscal caracterizando o crime de descaminho\u00a0 Uma opera\u00e7\u00e3o conjunta entre o Comando de Opera\u00e7\u00f5es de Divisas (COD) e a Pol\u00edcia Rodovi\u00e1ria Federal (PRF) resultou na apreens\u00e3o de uma significativa carga de aparelhos celulares smartphones e diversos produtos eletr\u00f4nicos.&hellip;","_links":{"self":[{"href":"https:\/\/goias.gov.br\/seguranca\/wp-json\/wp\/v2\/posts\/272452","targetHints":{"allow":["GET"]}}],"collection":[{"href":"https:\/\/goias.gov.br\/seguranca\/wp-json\/wp\/v2\/posts"}],"about":[{"href":"https:\/\/goias.gov.br\/seguranca\/wp-json\/wp\/v2\/types\/post"}],"author":[{"embeddable":true,"href":"https:\/\/goias.gov.br\/seguranca\/wp-json\/wp\/v2\/users\/484"}],"replies":[{"embeddable":true,"href":"https:\/\/goias.gov.br\/seguranca\/wp-json\/wp\/v2\/comments?post=272452"}],"version-history":[{"count":2,"href":"https:\/\/goias.gov.br\/seguranca\/wp-json\/wp\/v2\/posts\/272452\/revisions"}],"predecessor-version":[{"id":272472,"href":"https:\/\/goias.gov.br\/seguranca\/wp-json\/wp\/v2\/posts\/272452\/revisions\/272472"}],"wp:featuredmedia":[{"embeddable":true,"href":"https:\/\/goias.gov.br\/seguranca\/wp-json\/wp\/v2\/media\/272455"}],"wp:attachment":[{"href":"https:\/\/goias.gov.br\/seguranca\/wp-json\/wp\/v2\/media?parent=272452"}],"wp:term":[{"taxonomy":"category","embeddable":true,"href":"https:\/\/goias.gov.br\/seguranca\/wp-json\/wp\/v2\/categories?post=272452"},{"taxonomy":"post_tag","embeddable":true,"href":"https:\/\/goias.gov.br\/seguranca\/wp-json\/wp\/v2\/tags?post=272452"}],"curies":[{"name":"wp","href":"https:\/\/api.w.org\/{rel}","templated":true}]}}