

{"id":270519,"date":"2025-04-09T08:52:00","date_gmt":"2025-04-09T11:52:00","guid":{"rendered":"https:\/\/goias.gov.br\/seguranca\/?p=270519"},"modified":"2025-04-09T08:52:00","modified_gmt":"2025-04-09T11:52:00","slug":"notificacao-no-14-2025-ssp-ceap-22678","status":"publish","type":"post","link":"https:\/\/goias.gov.br\/seguranca\/notificacao-no-14-2025-ssp-ceap-22678\/","title":{"rendered":"Notifica\u00e7\u00e3o\u00a0n\u00ba 14 \/ 2025 SSP\/CEAP-22678"},"content":{"rendered":"<p class=\"Texto_Centralizado_Maiusculas\"><strong>Notifica\u00e7\u00e3o n\u00ba 14 \/ 2025 SSP\/CEAP-22678<\/strong><\/p>\n<p class=\"Tabela_Texto_Alinhado_Esquerda\">Sra. K\u00e9rima Ferreira Sobrinho, Gerente em Substitui\u00e7\u00e3o<\/p>\n<p class=\"Tabela_Texto_Alinhado_Esquerda\">da Ger\u00eancia de Gest\u00e3o e Desenvolvimento de Pessoas<\/p>\n<p class=\"Tabela_Texto_Alinhado_Esquerda\">da Superintendente de Gest\u00e3o Integrada, da Secretaria de<\/p>\n<p class=\"Tabela_Texto_Alinhado_Esquerda\">Estado da Seguran\u00e7a P\u00fablica, no uso de suas atribui\u00e7\u00f5es legais.<\/p>\n<p>&nbsp;<\/p>\n<p class=\"Tabela_Texto_Alinhado_Esquerda\">Refer\u00eancia: Processo Administrativo:\u00a0202300016040985<\/p>\n<p class=\"Texto_Justificado_Recuo_Primeira_Linha_Esp15\">Notifica o senhor\u00a0<strong>PEDRO PINTO DAS GRA\u00c7AS<\/strong>, inscrito no CPF sob o n\u00ba **.814.481-**, residente e domiciliado na Rua 74, Edif\u00edcio Valeria, n\u00ba 260, CEP: 74.045-020, Setor Central,\u00a0Goi\u00e2nia-GO para tomar conhecimento a acerca da irregularidade no recebimento em duplicidade de benef\u00edcio especial de anistiado pol\u00edtico pago pelo Estado de Goi\u00e1s e pela Uni\u00e3o, com fundamento na Lei n\u00ba 14.067, de 26 de Dezembro de 2001, que veda a concess\u00e3o do benef\u00edcio fundada em iguais motivos, situa\u00e7\u00e3o que restou demonstrada no\u00a0DESPACHO DECIS\u00d3RIO N\u00ba 21\/2025\/SSP, processo administrativo 202300016040985, que realizou auditorias nos benef\u00edcios concedidos aos anistiados pol\u00edticos no \u00e2mbito Estadual e Federal, regulamentados pelas seguintes Leis:<\/p>\n<p class=\"Texto_Justificado_Recuo_Primeira_Linha_Esp15\"><a href=\"https:\/\/legisla.casacivil.go.gov.br\/api\/v2\/pesquisa\/legislacoes\/81633\/pdf\" target=\"_blank\" rel=\"noopener\">Lei n\u00ba 14.067, de 26 de dezembro de 2001<\/a>:<\/p>\n<p class=\"Texto_Cita\u00e7\u00e3o\">Art. 3\u00b0. A concess\u00e3o de eventual repara\u00e7\u00e3o econ\u00f4mica pela Uni\u00e3o, fundada em iguais motivos, impede a repara\u00e7\u00e3o estabelecida nesta lei, facultando-se, por\u00e9m, a op\u00e7\u00e3o mais favor\u00e1vel.<\/p>\n<p class=\"Texto_Justificado_Recuo_Primeira_Linha_Esp15\">Lei\u00a0<a href=\"http:\/\/legislacao.planalto.gov.br\/legisla\/legislacao.nsf\/Viw_Identificacao\/lei%2010.559-2002?OpenDocument\" target=\"_blank\" rel=\"noopener\"><strong>n<sup>o<\/sup>\u00a010.559, de 13 de Novembro de 2002<\/strong><\/a>:<\/p>\n<p class=\"Texto_Cita\u00e7\u00e3o\">Art. 16. Os direitos expressos nesta Lei n\u00e3o excluem os conferidos por outras normas legais ou constitucionais, vedada a acumula\u00e7\u00e3o de quaisquer pagamentos ou benef\u00edcios ou indeniza\u00e7\u00e3o com o mesmo fundamento, facultando-se a op\u00e7\u00e3o mais favor\u00e1vel\u201d.<\/p>\n<p class=\"Texto_Justificado_Recuo_Primeira_Linha_Esp15\">Caso permane\u00e7a inerte, \u00e9 de se entender a sua des\u00eddia e o seu desinteresse pela pens\u00e3o estadual e, portanto, o seu desejo impl\u00edcito de continuar a perceber apenas a pens\u00e3o federal, implicando na suspens\u00e3o do benef\u00edcio pago pelo Estado e no subsequente ressarcimento ao er\u00e1rio.<\/p>\n<p class=\"Texto_Justificado_Recuo_Primeira_Linha_Esp15\">Fica o senhor\u00a0<strong>PEDRO PINTO DAS GRA\u00c7AS<\/strong>, notificado (a) a apresentar defesa, no prazo de 10 (dez) dias a partir do recebimento desta. A defesa dever\u00e1 ser apresentada por escrito e encaminhada atrav\u00e9s do e-mail: cfp@ssp.go.go.br, ou pessoalmente na Ger\u00eancia de Gest\u00e3o e Desenvolvimento de Pessoas da Secretaria de Estado da Seguran\u00e7a P\u00fablica, na Rua 17, Qd. 01, lote 01, St. Aerovi\u00e1rio, Goi\u00e2nia, CEP: 74.435-300.<\/p>\n<p class=\"Texto_Justificado_Recuo_Primeira_Linha_Esp15\">A n\u00e3o apresenta\u00e7\u00e3o de defesa no prazo estabelecido, n\u00e3o impede a continuidade do andamento processual.<\/p>\n<p class=\"Texto_Alinhado_Direita\">GOIANIA, 07 de abril de\u00a02025.<\/p>\n<p><strong><a href=\"https:\/\/goias.gov.br\/seguranca\/wp-content\/uploads\/sites\/56\/2025\/04\/SEI_202300016040985.pdf\">Notifica\u00e7\u00e3o &#8211; 202300016040985<\/a><\/strong><\/p>\n","protected":false},"excerpt":{"rendered":"<p>Notifica\u00e7\u00e3o n\u00ba 14 \/ 2025 SSP\/CEAP-22678 Sra. K\u00e9rima Ferreira Sobrinho, Gerente em Substitui\u00e7\u00e3o da Ger\u00eancia de Gest\u00e3o e Desenvolvimento de Pessoas da Superintendente de Gest\u00e3o Integrada, da Secretaria de Estado da Seguran\u00e7a P\u00fablica, no uso de suas atribui\u00e7\u00f5es legais. &nbsp; Refer\u00eancia: Processo Administrativo:\u00a0202300016040985 Notifica o senhor\u00a0PEDRO PINTO DAS GRA\u00c7AS, inscrito no CPF sob o n\u00ba [&hellip;]<\/p>\n","protected":false},"author":489,"featured_media":0,"comment_status":"closed","ping_status":"open","sticky":false,"template":"","format":"standard","meta":{"footnotes":"","_links_to":"","_links_to_target":""},"categories":[2303],"tags":[],"class_list":["post-270519","post","type-post","status-publish","format-standard","hentry","category-erratas"],"rttpg_featured_image_url":null,"rttpg_author":{"display_name":"mauritaniaprado","author_link":"https:\/\/goias.gov.br\/seguranca\/author\/mauritaniaprado\/"},"rttpg_comment":0,"rttpg_category":"<a href=\"https:\/\/goias.gov.br\/seguranca\/categoria\/erratas\/\" rel=\"category tag\">Erratas<\/a>","rttpg_excerpt":"Notifica\u00e7\u00e3o n\u00ba 14 \/ 2025 SSP\/CEAP-22678 Sra. K\u00e9rima Ferreira Sobrinho, Gerente em Substitui\u00e7\u00e3o da Ger\u00eancia de Gest\u00e3o e Desenvolvimento de Pessoas da Superintendente de Gest\u00e3o Integrada, da Secretaria de Estado da Seguran\u00e7a P\u00fablica, no uso de suas atribui\u00e7\u00f5es legais. &nbsp; Refer\u00eancia: Processo Administrativo:\u00a0202300016040985 Notifica o senhor\u00a0PEDRO PINTO DAS GRA\u00c7AS, inscrito no CPF sob o n\u00ba&hellip;","_links":{"self":[{"href":"https:\/\/goias.gov.br\/seguranca\/wp-json\/wp\/v2\/posts\/270519","targetHints":{"allow":["GET"]}}],"collection":[{"href":"https:\/\/goias.gov.br\/seguranca\/wp-json\/wp\/v2\/posts"}],"about":[{"href":"https:\/\/goias.gov.br\/seguranca\/wp-json\/wp\/v2\/types\/post"}],"author":[{"embeddable":true,"href":"https:\/\/goias.gov.br\/seguranca\/wp-json\/wp\/v2\/users\/489"}],"replies":[{"embeddable":true,"href":"https:\/\/goias.gov.br\/seguranca\/wp-json\/wp\/v2\/comments?post=270519"}],"version-history":[{"count":2,"href":"https:\/\/goias.gov.br\/seguranca\/wp-json\/wp\/v2\/posts\/270519\/revisions"}],"predecessor-version":[{"id":270522,"href":"https:\/\/goias.gov.br\/seguranca\/wp-json\/wp\/v2\/posts\/270519\/revisions\/270522"}],"wp:attachment":[{"href":"https:\/\/goias.gov.br\/seguranca\/wp-json\/wp\/v2\/media?parent=270519"}],"wp:term":[{"taxonomy":"category","embeddable":true,"href":"https:\/\/goias.gov.br\/seguranca\/wp-json\/wp\/v2\/categories?post=270519"},{"taxonomy":"post_tag","embeddable":true,"href":"https:\/\/goias.gov.br\/seguranca\/wp-json\/wp\/v2\/tags?post=270519"}],"curies":[{"name":"wp","href":"https:\/\/api.w.org\/{rel}","templated":true}]}}