

{"id":27037,"date":"2017-10-19T15:42:55","date_gmt":"2017-10-19T17:42:55","guid":{"rendered":"http:\/\/www.ssp.go.gov.br\/?p=27037"},"modified":"2017-10-19T15:42:55","modified_gmt":"2017-10-19T17:42:55","slug":"em-rio-verde-balestreri-anuncia-aumento-no-efetivo-para-policias-civil-e-tecnico-cientifica","status":"publish","type":"post","link":"https:\/\/goias.gov.br\/seguranca\/em-rio-verde-balestreri-anuncia-aumento-no-efetivo-para-policias-civil-e-tecnico-cientifica\/","title":{"rendered":"Em Rio Verde, Balestreri anuncia aumento no  efetivo para pol\u00edcias Civil e T\u00e9cnico-Cient\u00edfica"},"content":{"rendered":"<p><img fetchpriority=\"high\" decoding=\"async\" class=\"wp-image-27039 size-large aligncenter\" src=\"https:\/\/goias.gov.br\/seguranca\/wp-content\/uploads\/sites\/56\/2017\/10\/whatsapp-image-2017-10-18-at-11.41.14-2-710x473.jpeg\" alt=\"WhatsApp Image 2017 10 18 At 11.41.14 (2)\" width=\"710\" height=\"473\" \/><strong>Durante audi\u00eancia p\u00fablica na C\u00e2mara Municipal, secret\u00e1rio de Seguran\u00e7a P\u00fablica e Administra\u00e7\u00e3o Penitenci\u00e1ria cita estat\u00edsticas que comprovam queda nos \u00edndices de criminalidade na regi\u00e3o e novos investimentos para as for\u00e7as policiais<\/strong><\/p>\n<p>O secret\u00e1rio de Seguran\u00e7a P\u00fablica e Administra\u00e7\u00e3o Penitenci\u00e1ria (SSPAP), Ricardo Balestreri, anunciou nesta quarta-feira (18\/10), ao lado do governador Marconi Perillo e do vice-governador Z\u00e9 Eliton, aumento no efetivo para as Pol\u00edcias Civil e T\u00e9cnico-Cient\u00edfica de Rio Verde. O pronunciamento foi realizado durante audi\u00eancia p\u00fablica na C\u00e2mara Municipal, em que reuniu lideran\u00e7as da regi\u00e3o.<\/p>\n<p>\u00c0 popula\u00e7\u00e3o, ele repassou dados que comprovam queda no \u00edndice de criminalidade na regi\u00e3o e investimentos nas diversas for\u00e7as policiais, a exemplo do refor\u00e7o no quantitativo da tropa e aquisi\u00e7\u00e3o de equipamentos. &#8220;Tivemos um decr\u00e9scimo significativo em 11 de 14 \u00e1reas de \u00edndices de criminalidade em Rio Verde&#8221;, afirma.<\/p>\n<p>Balestreri destacou que, nos primeiros seis meses deste ano, houve um decr\u00e9scimo de 100% no n\u00famero de latroc\u00ednios, em rela\u00e7\u00e3o ao ano passado. \u201cEste \u00e9, talvez, o crime mais ofensivo que exista porque \u00e9 o roubo seguido de morte\u201d, explica.<\/p>\n<p>Ele tamb\u00e9m completa que caiu 58% os crimes de roubo de resid\u00eancia, 27% de roubo em com\u00e9rcios e 46,65% de roubo em ve\u00edculos. \u201cEsta pesquisa \u00e9 coordenada por profissionais de gabarito nacional\u201d, analisa. \u201cMas, apesar de termos grandes progressos, temos como meta reduzir todos os 14 \u00edndices de taxa de criminalidade\u201d, diz.<\/p>\n<p>O secret\u00e1rio tamb\u00e9m enumerou a queda nos n\u00fameros em roubo a transeunte (67,10%), roubo na zona rural (58,62%), furtos de ve\u00edculos (23,69%), furto a transeunte (65,57%) e furto na zona rural (58,57%).<\/p>\n<p><strong>FOTOS: ANDR\u00c9 SADDI<\/strong><\/p>\n\n<p>&nbsp;<\/p>\n","protected":false},"excerpt":{"rendered":"<p>Durante audi\u00eancia p\u00fablica na C\u00e2mara Municipal, secret\u00e1rio de Seguran\u00e7a P\u00fablica e Administra\u00e7\u00e3o Penitenci\u00e1ria cita estat\u00edsticas que comprovam queda nos \u00edndices de criminalidade na regi\u00e3o e novos investimentos para as for\u00e7as policiais O secret\u00e1rio de Seguran\u00e7a P\u00fablica e Administra\u00e7\u00e3o Penitenci\u00e1ria (SSPAP), Ricardo Balestreri, anunciou nesta quarta-feira (18\/10), ao lado do governador Marconi Perillo e do vice-governador [&hellip;]<\/p>\n","protected":false},"author":3,"featured_media":27041,"comment_status":"closed","ping_status":"closed","sticky":false,"template":"","format":"standard","meta":{"footnotes":"","_links_to":"","_links_to_target":""},"categories":[11],"tags":[],"class_list":["post-27037","post","type-post","status-publish","format-standard","has-post-thumbnail","hentry","category-ultimo-segundo"],"rttpg_featured_image_url":null,"rttpg_author":{"display_name":"joanaredator","author_link":"https:\/\/goias.gov.br\/seguranca\/author\/joanaredator\/"},"rttpg_comment":0,"rttpg_category":"<a href=\"https:\/\/goias.gov.br\/seguranca\/categoria\/ultimo-segundo\/\" rel=\"category tag\">\u00daltimo Segundo<\/a>","rttpg_excerpt":"Durante audi\u00eancia p\u00fablica na C\u00e2mara Municipal, secret\u00e1rio de Seguran\u00e7a P\u00fablica e Administra\u00e7\u00e3o Penitenci\u00e1ria cita estat\u00edsticas que comprovam queda nos \u00edndices de criminalidade na regi\u00e3o e novos investimentos para as for\u00e7as policiais O secret\u00e1rio de Seguran\u00e7a P\u00fablica e Administra\u00e7\u00e3o Penitenci\u00e1ria (SSPAP), Ricardo Balestreri, anunciou nesta quarta-feira (18\/10), ao lado do governador Marconi Perillo e do vice-governador&hellip;","_links":{"self":[{"href":"https:\/\/goias.gov.br\/seguranca\/wp-json\/wp\/v2\/posts\/27037","targetHints":{"allow":["GET"]}}],"collection":[{"href":"https:\/\/goias.gov.br\/seguranca\/wp-json\/wp\/v2\/posts"}],"about":[{"href":"https:\/\/goias.gov.br\/seguranca\/wp-json\/wp\/v2\/types\/post"}],"author":[{"embeddable":true,"href":"https:\/\/goias.gov.br\/seguranca\/wp-json\/wp\/v2\/users\/3"}],"replies":[{"embeddable":true,"href":"https:\/\/goias.gov.br\/seguranca\/wp-json\/wp\/v2\/comments?post=27037"}],"version-history":[{"count":0,"href":"https:\/\/goias.gov.br\/seguranca\/wp-json\/wp\/v2\/posts\/27037\/revisions"}],"wp:featuredmedia":[{"embeddable":true,"href":"https:\/\/goias.gov.br\/seguranca\/wp-json\/"}],"wp:attachment":[{"href":"https:\/\/goias.gov.br\/seguranca\/wp-json\/wp\/v2\/media?parent=27037"}],"wp:term":[{"taxonomy":"category","embeddable":true,"href":"https:\/\/goias.gov.br\/seguranca\/wp-json\/wp\/v2\/categories?post=27037"},{"taxonomy":"post_tag","embeddable":true,"href":"https:\/\/goias.gov.br\/seguranca\/wp-json\/wp\/v2\/tags?post=27037"}],"curies":[{"name":"wp","href":"https:\/\/api.w.org\/{rel}","templated":true}]}}