

{"id":26818,"date":"2017-10-10T08:35:07","date_gmt":"2017-10-10T11:35:07","guid":{"rendered":"http:\/\/www.ssp.go.gov.br\/?p=26818"},"modified":"2017-10-10T08:35:07","modified_gmt":"2017-10-10T11:35:07","slug":"extrato-de-despacho-de-errata-no-00317-2","status":"publish","type":"post","link":"https:\/\/goias.gov.br\/seguranca\/extrato-de-despacho-de-errata-no-00317-2\/","title":{"rendered":"EXTRATO DE DESPACHO DE ERRATA n\u00ba 003\/17"},"content":{"rendered":"<p style=\"text-align: center\"><strong><span style=\"text-decoration: underline\">EXTRATO DE DESPACHO DE ERRATA n\u00ba 003\/17<\/span><\/strong><\/p>\n<p style=\"text-align: center\">Primeiro Aditivo ao Contrato n\u00ba 116\/14<\/p>\n<p style=\"text-align: justify\">Errata da retifica\u00e7\u00e3o da reda\u00e7\u00e3o consignada no I termo aditivo ao contrato n\u00ba 116\/14, o qual constou primeiro aditivo ao passo que deveria ter constado segundo aditivo, al\u00e9m da retifica\u00e7\u00e3o quanto \u00e0 denomina\u00e7\u00e3o e CNPJ da Contratada, veiculado no Di\u00e1rio Oficial\/GO n\u00ba 22.616, de 27\/07\/17, pg. 13, conforme segue:<\/p>\n<p style=\"text-align: justify\">Onde se l\u00ea: \u201cPRIMEIRO TERMO ADITIVO \u2013 CONTRATO N\u00ba 116\/14\u201d<\/p>\n<p style=\"text-align: justify\">Leia-se: \u201cSEGUNDO TERMO ADITIVO \u2013 CONTRATO N\u00ba 116\/14\u201d<\/p>\n<p style=\"text-align: justify\">Onde se l\u00ea: \u201cContratada: Empresa Brasileira de Telecomunica\u00e7\u00e3o S\/A &#8211; EMBRATEL, CNPJ: 33.530.486\/0001-29.\u201d<\/p>\n<p style=\"text-align: justify\">Leia-se: \u201cContratada: Claro S.A., CNPJ: 40.432.544\/0001-47.\u201d<\/p>\n<p style=\"text-align: justify\">Data: 04\/10\/17.<\/p>\n<p style=\"text-align: center\">Ricardo Brisolla Balestreri<br \/>\nSecret\u00e1rio da Seguran\u00e7a P\u00fablica e Administra\u00e7\u00e3o Penitenci\u00e1ria<\/p>\n","protected":false},"excerpt":{"rendered":"<p>Errata da retifica\u00e7\u00e3o da reda\u00e7\u00e3o consignada no I termo aditivo ao contrato n\u00ba 116\/14<\/p>\n","protected":false},"author":3,"featured_media":0,"comment_status":"closed","ping_status":"closed","sticky":false,"template":"","format":"standard","meta":{"footnotes":"","_links_to":"","_links_to_target":""},"categories":[16],"tags":[237,363],"class_list":["post-26818","post","type-post","status-publish","format-standard","hentry","category-extratos","tag-errata","tag-extrato"],"rttpg_featured_image_url":null,"rttpg_author":{"display_name":"joanaredator","author_link":"https:\/\/goias.gov.br\/seguranca\/author\/joanaredator\/"},"rttpg_comment":0,"rttpg_category":"<a href=\"https:\/\/goias.gov.br\/seguranca\/categoria\/extratos\/\" rel=\"category tag\">Extratos<\/a>","rttpg_excerpt":"Errata da retifica\u00e7\u00e3o da reda\u00e7\u00e3o consignada no I termo aditivo ao contrato n\u00ba 116\/14","_links":{"self":[{"href":"https:\/\/goias.gov.br\/seguranca\/wp-json\/wp\/v2\/posts\/26818","targetHints":{"allow":["GET"]}}],"collection":[{"href":"https:\/\/goias.gov.br\/seguranca\/wp-json\/wp\/v2\/posts"}],"about":[{"href":"https:\/\/goias.gov.br\/seguranca\/wp-json\/wp\/v2\/types\/post"}],"author":[{"embeddable":true,"href":"https:\/\/goias.gov.br\/seguranca\/wp-json\/wp\/v2\/users\/3"}],"replies":[{"embeddable":true,"href":"https:\/\/goias.gov.br\/seguranca\/wp-json\/wp\/v2\/comments?post=26818"}],"version-history":[{"count":0,"href":"https:\/\/goias.gov.br\/seguranca\/wp-json\/wp\/v2\/posts\/26818\/revisions"}],"wp:attachment":[{"href":"https:\/\/goias.gov.br\/seguranca\/wp-json\/wp\/v2\/media?parent=26818"}],"wp:term":[{"taxonomy":"category","embeddable":true,"href":"https:\/\/goias.gov.br\/seguranca\/wp-json\/wp\/v2\/categories?post=26818"},{"taxonomy":"post_tag","embeddable":true,"href":"https:\/\/goias.gov.br\/seguranca\/wp-json\/wp\/v2\/tags?post=26818"}],"curies":[{"name":"wp","href":"https:\/\/api.w.org\/{rel}","templated":true}]}}