

{"id":26382,"date":"2017-09-27T08:06:31","date_gmt":"2017-09-27T11:06:31","guid":{"rendered":"http:\/\/www.ssp.go.gov.br\/?p=26382"},"modified":"2017-09-27T08:06:31","modified_gmt":"2017-09-27T11:06:31","slug":"chamamento-publico-02-17-errata","status":"publish","type":"post","link":"https:\/\/goias.gov.br\/seguranca\/chamamento-publico-02-17-errata\/","title":{"rendered":"CHAMAMENTO P\u00daBLICO 02-17 &#8211; ERRATA"},"content":{"rendered":"<p style=\"text-align: center\"><strong><span style=\"text-decoration: underline\">CHAMAMENTO P\u00daBLICO 02-17 &#8211; ERRATA<\/span><\/strong><\/p>\n<p style=\"text-align: justify\">Processo: 201600016003847. Solicitante: SEAP. Objeto: cess\u00e3o de uso de espa\u00e7o na unidade prisional de Senador Canedo.<\/p>\n<p style=\"text-align: justify\">A Comiss\u00e3o Permanente de Licita\u00e7\u00f5es comunica aos interessados a seguinte altera\u00e7\u00e3o na mat\u00e9ria veiculada no dia 26\/09\/2017, no Di\u00e1rio Oficial\/GO n\u00ba 22.657, p\u00e1gina 09.<\/p>\n<p style=\"text-align: justify\">Onde se l\u00ea: 07\/10\/2017;<\/p>\n<p style=\"text-align: justify\">Leia-se: 09\/10\/2017.<\/p>\n<p style=\"text-align: center\">Germino Alexandre de Oliveira<br \/>\nComiss\u00e3o Permanente de Licita\u00e7\u00f5es<\/p>\n","protected":false},"excerpt":{"rendered":"<p>Cess\u00e3o de uso de espa\u00e7o na unidade prisional de Senador Canedo.<\/p>\n","protected":false},"author":3,"featured_media":0,"comment_status":"closed","ping_status":"closed","sticky":false,"template":"","format":"standard","meta":{"footnotes":"","_links_to":"","_links_to_target":""},"categories":[21],"tags":[22],"class_list":["post-26382","post","type-post","status-publish","format-standard","hentry","category-editais-em-aberto","tag-edital"],"rttpg_featured_image_url":null,"rttpg_author":{"display_name":"joanaredator","author_link":"https:\/\/goias.gov.br\/seguranca\/author\/joanaredator\/"},"rttpg_comment":0,"rttpg_category":"<a href=\"https:\/\/goias.gov.br\/seguranca\/categoria\/editais-em-aberto\/\" rel=\"category tag\">Editais em Aberto<\/a>","rttpg_excerpt":"Cess\u00e3o de uso de espa\u00e7o na unidade prisional de Senador Canedo.","_links":{"self":[{"href":"https:\/\/goias.gov.br\/seguranca\/wp-json\/wp\/v2\/posts\/26382","targetHints":{"allow":["GET"]}}],"collection":[{"href":"https:\/\/goias.gov.br\/seguranca\/wp-json\/wp\/v2\/posts"}],"about":[{"href":"https:\/\/goias.gov.br\/seguranca\/wp-json\/wp\/v2\/types\/post"}],"author":[{"embeddable":true,"href":"https:\/\/goias.gov.br\/seguranca\/wp-json\/wp\/v2\/users\/3"}],"replies":[{"embeddable":true,"href":"https:\/\/goias.gov.br\/seguranca\/wp-json\/wp\/v2\/comments?post=26382"}],"version-history":[{"count":0,"href":"https:\/\/goias.gov.br\/seguranca\/wp-json\/wp\/v2\/posts\/26382\/revisions"}],"wp:attachment":[{"href":"https:\/\/goias.gov.br\/seguranca\/wp-json\/wp\/v2\/media?parent=26382"}],"wp:term":[{"taxonomy":"category","embeddable":true,"href":"https:\/\/goias.gov.br\/seguranca\/wp-json\/wp\/v2\/categories?post=26382"},{"taxonomy":"post_tag","embeddable":true,"href":"https:\/\/goias.gov.br\/seguranca\/wp-json\/wp\/v2\/tags?post=26382"}],"curies":[{"name":"wp","href":"https:\/\/api.w.org\/{rel}","templated":true}]}}