

{"id":263586,"date":"2024-11-26T13:58:55","date_gmt":"2024-11-26T16:58:55","guid":{"rendered":"https:\/\/goias.gov.br\/seguranca\/?p=263586"},"modified":"2024-11-26T15:22:20","modified_gmt":"2024-11-26T18:22:20","slug":"ssp-go-inicia-semana-interna-de-prevencao-de-acidentes-do-trabalho-com-foco-em-saude-mental","status":"publish","type":"post","link":"https:\/\/goias.gov.br\/seguranca\/ssp-go-inicia-semana-interna-de-prevencao-de-acidentes-do-trabalho-com-foco-em-saude-mental\/","title":{"rendered":"SSP-GO inicia Semana Interna de Preven\u00e7\u00e3o de Acidentes do Trabalho com foco em sa\u00fade mental"},"content":{"rendered":"<p style=\"text-align: center\"><em>Servidores participam de atividades ao longo da semana; veja programa\u00e7\u00e3o<\/em><\/p>\n<p><img fetchpriority=\"high\" decoding=\"async\" class=\"wp-image-263587 aligncenter\" src=\"https:\/\/goias.gov.br\/seguranca\/wp-content\/uploads\/sites\/56\/2024\/11\/WhatsApp-Image-2024-11-26-at-13.43.28-1024x768.jpeg\" alt=\"\" width=\"609\" height=\"457\" srcset=\"https:\/\/goias.gov.br\/seguranca\/wp-content\/uploads\/sites\/56\/2024\/11\/WhatsApp-Image-2024-11-26-at-13.43.28-1024x768.jpeg 1024w, https:\/\/goias.gov.br\/seguranca\/wp-content\/uploads\/sites\/56\/2024\/11\/WhatsApp-Image-2024-11-26-at-13.43.28-300x225.jpeg 300w, https:\/\/goias.gov.br\/seguranca\/wp-content\/uploads\/sites\/56\/2024\/11\/WhatsApp-Image-2024-11-26-at-13.43.28-768x576.jpeg 768w, https:\/\/goias.gov.br\/seguranca\/wp-content\/uploads\/sites\/56\/2024\/11\/WhatsApp-Image-2024-11-26-at-13.43.28-1536x1152.jpeg 1536w, https:\/\/goias.gov.br\/seguranca\/wp-content\/uploads\/sites\/56\/2024\/11\/WhatsApp-Image-2024-11-26-at-13.43.28-2048x1536.jpeg 2048w, https:\/\/goias.gov.br\/seguranca\/wp-content\/uploads\/sites\/56\/2024\/11\/WhatsApp-Image-2024-11-26-at-13.43.28-600x450.jpeg 600w\" sizes=\"(max-width: 609px) 100vw, 609px\" \/><\/p>\n<p style=\"text-align: justify\">A Secretaria de Seguran\u00e7a P\u00fablica de Goi\u00e1s (SSP-GO) deu in\u00edcio, nesta ter\u00e7a-feira (26), \u00e0s atividades da Semana Interna de Preven\u00e7\u00e3o de Acidentes do Trabalho (SIPAT) 2024. O evento foi aberto com uma palestra do Tenente-Coronel Fl\u00e1vio Augusto de Morais, m\u00e9dico psiquiatra do Corpo de Bombeiros Militar de Goi\u00e1s (CBMGO), que abordou o tema &#8220;Sa\u00fade Mental e Qualidade de Vida&#8221;.<\/p>\n<p style=\"text-align: justify\">O palestrante ressaltou a import\u00e2ncia do autoconhecimento no cuidado com a sa\u00fade mental. &#8220;Temos que entender nossas potencialidades e as nossas limita\u00e7\u00f5es. Todos temos as nossas atividades di\u00e1rias, que demandam de n\u00f3s um esfor\u00e7o muito grande. Por isso, para se cuidar, \u00e9 importante primeiro que voc\u00ea saiba o que \u00e9 prioridade pra voc\u00ea e quais s\u00e3o as suas necessidades como indiv\u00edduo&#8221;, destaca.<\/p>\n<p style=\"text-align: justify\">Organizada pela Comiss\u00e3o Interna de Preven\u00e7\u00e3o de Acidentes (CIPA) e pelo Servi\u00e7o Especializado em Engenharia de Seguran\u00e7a e em Medicina do Trabalho (SESMT) da SSP, a SIPAT oferece tr\u00eas dias de programa\u00e7\u00e3o voltada aos servidores da institui\u00e7\u00e3o. As atividades incluem palestras, oficinas e a\u00e7\u00f5es educativas, com foco na conscientiza\u00e7\u00e3o sobre a import\u00e2ncia da preven\u00e7\u00e3o de acidentes e doen\u00e7as relacionadas ao trabalho.<\/p>\n<p style=\"text-align: justify\">O subsecret\u00e1rio de seguran\u00e7a P\u00fablica, Gustavo Carlos Ferreira, refor\u00e7ou a necessidade de, cada vez mais, se debater o tema sobre a sa\u00fade mental. &#8220;\u00c9 fundamental reconhecer que a sa\u00fade mental \u00e9 t\u00e3o importante quanto a sa\u00fade f\u00edsica no ambiente de trabalho, especialmente em institui\u00e7\u00f5es como a nossa, onde a press\u00e3o e a responsabilidade s\u00e3o constantes. Abordar a sa\u00fade mental nos ambientes profissionais n\u00e3o \u00e9 apenas uma quest\u00e3o de bem-estar individual, mas de efici\u00eancia coletiva. Um servidor mentalmente saud\u00e1vel desempenha suas fun\u00e7\u00f5es com mais equil\u00edbrio, foco e motiva\u00e7\u00e3o, o que se reflete diretamente na qualidade dos servi\u00e7os prestados \u00e0 sociedade&#8221;, disse.<\/p>\n<figure id=\"attachment_263588\" aria-describedby=\"caption-attachment-263588\" style=\"width: 575px\" class=\"wp-caption aligncenter\"><img decoding=\"async\" class=\"wp-image-263588 size-large\" src=\"https:\/\/goias.gov.br\/seguranca\/wp-content\/uploads\/sites\/56\/2024\/11\/WhatsApp-Image-2024-11-26-at-13.49.30-575x1024.jpeg\" alt=\"\" width=\"575\" height=\"1024\" srcset=\"https:\/\/goias.gov.br\/seguranca\/wp-content\/uploads\/sites\/56\/2024\/11\/WhatsApp-Image-2024-11-26-at-13.49.30-575x1024.jpeg 575w, https:\/\/goias.gov.br\/seguranca\/wp-content\/uploads\/sites\/56\/2024\/11\/WhatsApp-Image-2024-11-26-at-13.49.30-168x300.jpeg 168w, https:\/\/goias.gov.br\/seguranca\/wp-content\/uploads\/sites\/56\/2024\/11\/WhatsApp-Image-2024-11-26-at-13.49.30-768x1368.jpeg 768w, https:\/\/goias.gov.br\/seguranca\/wp-content\/uploads\/sites\/56\/2024\/11\/WhatsApp-Image-2024-11-26-at-13.49.30-863x1536.jpeg 863w, https:\/\/goias.gov.br\/seguranca\/wp-content\/uploads\/sites\/56\/2024\/11\/WhatsApp-Image-2024-11-26-at-13.49.30-1150x2048.jpeg 1150w, https:\/\/goias.gov.br\/seguranca\/wp-content\/uploads\/sites\/56\/2024\/11\/WhatsApp-Image-2024-11-26-at-13.49.30-scaled.jpeg 1438w\" sizes=\"(max-width: 575px) 100vw, 575px\" \/><figcaption id=\"caption-attachment-263588\" class=\"wp-caption-text\"><em>Palestrante TC Fl\u00e1vio Augusto de Morais recebe homenagens da SSP<\/em><\/figcaption><\/figure>\n<p style=\"text-align: justify\">Ferreira tamb\u00e9m pontuou a precis\u00e3o da equipe do Servi\u00e7o Especializado em Engenharia de Seguran\u00e7a e Medicina do Trabalho (SESMT\/SSP), em abordar o tema. &#8220;Iniciativas como a SIPAT s\u00e3o essenciais para quebrar estigmas e abrir espa\u00e7os de di\u00e1logo sobre esse tema, al\u00e9m de fornecer ferramentas pr\u00e1ticas para que cada servidor possa cuidar melhor de si e dos colegas. Investir na sa\u00fade mental dos colaboradores n\u00e3o \u00e9 um custo, \u00e9 um investimento em um ambiente de trabalho mais seguro, produtivo e humano&#8221;, completou.<\/p>\n<p style=\"text-align: justify\">A edi\u00e7\u00e3o de 2024 da SIPAT tem como principal objetivo promover a valoriza\u00e7\u00e3o da sa\u00fade e seguran\u00e7a dos colaboradores, destacando a necessidade do cuidado com o bem-estar f\u00edsico e mental no ambiente de trabalho. Ao fomentar a cultura de preven\u00e7\u00e3o, a SSP-GO busca reduzir riscos, garantir a seguran\u00e7a e fortalecer a qualidade de vida dos servidores p\u00fablicos.<\/p>\n<p><img decoding=\"async\" class=\"aligncenter wp-image-263590 size-large\" src=\"https:\/\/goias.gov.br\/seguranca\/wp-content\/uploads\/sites\/56\/2024\/11\/Programacao-SIPAT-SSP-2024-1920-x-1080-px-1024x576.jpg\" alt=\"\" width=\"1024\" height=\"576\" srcset=\"https:\/\/goias.gov.br\/seguranca\/wp-content\/uploads\/sites\/56\/2024\/11\/Programacao-SIPAT-SSP-2024-1920-x-1080-px-1024x576.jpg 1024w, https:\/\/goias.gov.br\/seguranca\/wp-content\/uploads\/sites\/56\/2024\/11\/Programacao-SIPAT-SSP-2024-1920-x-1080-px-300x169.jpg 300w, https:\/\/goias.gov.br\/seguranca\/wp-content\/uploads\/sites\/56\/2024\/11\/Programacao-SIPAT-SSP-2024-1920-x-1080-px-768x432.jpg 768w, https:\/\/goias.gov.br\/seguranca\/wp-content\/uploads\/sites\/56\/2024\/11\/Programacao-SIPAT-SSP-2024-1920-x-1080-px-1536x864.jpg 1536w, https:\/\/goias.gov.br\/seguranca\/wp-content\/uploads\/sites\/56\/2024\/11\/Programacao-SIPAT-SSP-2024-1920-x-1080-px.jpg 1920w\" sizes=\"(max-width: 1024px) 100vw, 1024px\" \/><\/p>\n<p><strong>Fotos: Comunica\u00e7\u00e3o Setorial\/SSP<\/strong><\/p>\n<p><strong>Comunica\u00e7\u00e3o Setorial &#8211; Secretaria de Seguran\u00e7a P\u00fablica &#8211; Governo de Goi\u00e1s\u00a0<\/strong><\/p>\n","protected":false},"excerpt":{"rendered":"<p>Servidores participam de atividades ao longo da semana; veja programa\u00e7\u00e3o A Secretaria de Seguran\u00e7a P\u00fablica de Goi\u00e1s (SSP-GO) deu in\u00edcio, nesta ter\u00e7a-feira (26), \u00e0s atividades da Semana Interna de Preven\u00e7\u00e3o de Acidentes do Trabalho (SIPAT) 2024. O evento foi aberto com uma palestra do Tenente-Coronel Fl\u00e1vio Augusto de Morais, m\u00e9dico psiquiatra do Corpo de Bombeiros [&hellip;]<\/p>\n","protected":false},"author":503,"featured_media":263587,"comment_status":"closed","ping_status":"open","sticky":false,"template":"","format":"standard","meta":{"footnotes":"","_links_to":"","_links_to_target":""},"categories":[3,10,11],"tags":[2745,2378,2747,2677,2416,2746,2744],"class_list":["post-263586","post","type-post","status-publish","format-standard","has-post-thumbnail","hentry","category-noticias","category-noticias-da-ssp","category-ultimo-segundo","tag-cipa","tag-forcas-de-seguranca","tag-gestao-de-pessoas","tag-ggdp","tag-secretaria-de-seguranca-publica","tag-sesmt","tag-sipat"],"rttpg_featured_image_url":{"full":["https:\/\/goias.gov.br\/seguranca\/wp-content\/uploads\/sites\/56\/2024\/11\/WhatsApp-Image-2024-11-26-at-13.43.28-scaled.jpeg",2560,1920,false],"landscape":["https:\/\/goias.gov.br\/seguranca\/wp-content\/uploads\/sites\/56\/2024\/11\/WhatsApp-Image-2024-11-26-at-13.43.28-scaled.jpeg",2560,1920,false],"portraits":["https:\/\/goias.gov.br\/seguranca\/wp-content\/uploads\/sites\/56\/2024\/11\/WhatsApp-Image-2024-11-26-at-13.43.28-scaled.jpeg",2560,1920,false],"thumbnail":["https:\/\/goias.gov.br\/seguranca\/wp-content\/uploads\/sites\/56\/2024\/11\/WhatsApp-Image-2024-11-26-at-13.43.28-150x150.jpeg",150,150,true],"medium":["https:\/\/goias.gov.br\/seguranca\/wp-content\/uploads\/sites\/56\/2024\/11\/WhatsApp-Image-2024-11-26-at-13.43.28-300x225.jpeg",300,225,true],"large":["https:\/\/goias.gov.br\/seguranca\/wp-content\/uploads\/sites\/56\/2024\/11\/WhatsApp-Image-2024-11-26-at-13.43.28-1024x768.jpeg",1024,768,true],"1536x1536":["https:\/\/goias.gov.br\/seguranca\/wp-content\/uploads\/sites\/56\/2024\/11\/WhatsApp-Image-2024-11-26-at-13.43.28-1536x1152.jpeg",1536,1152,true],"2048x2048":["https:\/\/goias.gov.br\/seguranca\/wp-content\/uploads\/sites\/56\/2024\/11\/WhatsApp-Image-2024-11-26-at-13.43.28-2048x1536.jpeg",2048,1536,true]},"rttpg_author":{"display_name":"luizsleao","author_link":"https:\/\/goias.gov.br\/seguranca\/author\/luizsleao\/"},"rttpg_comment":0,"rttpg_category":"<a href=\"https:\/\/goias.gov.br\/seguranca\/categoria\/noticias\/\" rel=\"category tag\">Not\u00edcias<\/a> <a href=\"https:\/\/goias.gov.br\/seguranca\/categoria\/noticias-da-ssp\/\" rel=\"category tag\">Not\u00edcias da SSP<\/a> <a href=\"https:\/\/goias.gov.br\/seguranca\/categoria\/ultimo-segundo\/\" rel=\"category tag\">\u00daltimo Segundo<\/a>","rttpg_excerpt":"Servidores participam de atividades ao longo da semana; veja programa\u00e7\u00e3o A Secretaria de Seguran\u00e7a P\u00fablica de Goi\u00e1s (SSP-GO) deu in\u00edcio, nesta ter\u00e7a-feira (26), \u00e0s atividades da Semana Interna de Preven\u00e7\u00e3o de Acidentes do Trabalho (SIPAT) 2024. O evento foi aberto com uma palestra do Tenente-Coronel Fl\u00e1vio Augusto de Morais, m\u00e9dico psiquiatra do Corpo de Bombeiros&hellip;","_links":{"self":[{"href":"https:\/\/goias.gov.br\/seguranca\/wp-json\/wp\/v2\/posts\/263586","targetHints":{"allow":["GET"]}}],"collection":[{"href":"https:\/\/goias.gov.br\/seguranca\/wp-json\/wp\/v2\/posts"}],"about":[{"href":"https:\/\/goias.gov.br\/seguranca\/wp-json\/wp\/v2\/types\/post"}],"author":[{"embeddable":true,"href":"https:\/\/goias.gov.br\/seguranca\/wp-json\/wp\/v2\/users\/503"}],"replies":[{"embeddable":true,"href":"https:\/\/goias.gov.br\/seguranca\/wp-json\/wp\/v2\/comments?post=263586"}],"version-history":[{"count":3,"href":"https:\/\/goias.gov.br\/seguranca\/wp-json\/wp\/v2\/posts\/263586\/revisions"}],"predecessor-version":[{"id":263606,"href":"https:\/\/goias.gov.br\/seguranca\/wp-json\/wp\/v2\/posts\/263586\/revisions\/263606"}],"wp:featuredmedia":[{"embeddable":true,"href":"https:\/\/goias.gov.br\/seguranca\/wp-json\/wp\/v2\/media\/263587"}],"wp:attachment":[{"href":"https:\/\/goias.gov.br\/seguranca\/wp-json\/wp\/v2\/media?parent=263586"}],"wp:term":[{"taxonomy":"category","embeddable":true,"href":"https:\/\/goias.gov.br\/seguranca\/wp-json\/wp\/v2\/categories?post=263586"},{"taxonomy":"post_tag","embeddable":true,"href":"https:\/\/goias.gov.br\/seguranca\/wp-json\/wp\/v2\/tags?post=263586"}],"curies":[{"name":"wp","href":"https:\/\/api.w.org\/{rel}","templated":true}]}}