

{"id":259565,"date":"2024-09-27T08:24:26","date_gmt":"2024-09-27T11:24:26","guid":{"rendered":"https:\/\/goias.gov.br\/seguranca\/?p=259565"},"modified":"2024-09-27T11:57:33","modified_gmt":"2024-09-27T14:57:33","slug":"pmgo-deflagra-operacao-dergo","status":"publish","type":"post","link":"https:\/\/goias.gov.br\/seguranca\/pmgo-deflagra-operacao-dergo\/","title":{"rendered":"PMGO deflagra Opera\u00e7\u00e3o Dergo"},"content":{"rendered":"<p style=\"text-align: center\"><em>A\u00e7\u00e3o tem como objetivo refor\u00e7ar a seguran\u00e7a nos terminais e regi\u00f5es adjacentes<\/em><\/p>\n<p><img fetchpriority=\"high\" decoding=\"async\" class=\"aligncenter wp-image-259576 size-full\" src=\"https:\/\/goias.gov.br\/seguranca\/wp-content\/uploads\/sites\/56\/2024\/09\/WhatsApp-Image-2024-09-27-at-10.16.45-2.jpeg\" alt=\"\" width=\"1200\" height=\"815\" srcset=\"https:\/\/goias.gov.br\/seguranca\/wp-content\/uploads\/sites\/56\/2024\/09\/WhatsApp-Image-2024-09-27-at-10.16.45-2.jpeg 1200w, https:\/\/goias.gov.br\/seguranca\/wp-content\/uploads\/sites\/56\/2024\/09\/WhatsApp-Image-2024-09-27-at-10.16.45-2-300x204.jpeg 300w, https:\/\/goias.gov.br\/seguranca\/wp-content\/uploads\/sites\/56\/2024\/09\/WhatsApp-Image-2024-09-27-at-10.16.45-2-1024x695.jpeg 1024w, https:\/\/goias.gov.br\/seguranca\/wp-content\/uploads\/sites\/56\/2024\/09\/WhatsApp-Image-2024-09-27-at-10.16.45-2-768x522.jpeg 768w\" sizes=\"(max-width: 1200px) 100vw, 1200px\" \/><\/p>\n<p style=\"text-align: justify\">A Pol\u00edcia Militar de Goi\u00e1s, por meio do comando do Policiamento da Capital em conjunto com o Comando de Policiamento Rodovi\u00e1rio deflagrou nesta semana, (25\/09) a Opera\u00e7\u00e3o Dergo, visando refor\u00e7ar a seguran\u00e7a na regi\u00e3o central de Goi\u00e2nia, nos terminais e regi\u00f5es adjacentes, garantindo mais seguran\u00e7a para os usu\u00e1rios do transporte coletivo e tamb\u00e9m a popula\u00e7\u00e3o local.<\/p>\n<p>De acordo com o Comando de Policiamento da Capital, o foco principal da a\u00e7\u00e3o \u00e9 reduzir a criminalidade na regi\u00e3o do Dergo, visto que na regi\u00e3o h\u00e1 uma concentra\u00e7\u00e3o maior de pessoas em situa\u00e7\u00e3o de rua e que acabam cometendo furtos e outros crimes, como amea\u00e7a e perturba\u00e7\u00e3o.<\/p>\n<p style=\"text-align: justify\">A opera\u00e7\u00e3o contou com o apoio operacional de diversas unidades especializadas, entre elas 38\u00ba BPM, 7\u00baBPM, BPM Escolar, COPOM, BPM Terminal, ROTAM, GIRO. A Opera\u00e7\u00e3o Dergo refor\u00e7a o compromisso da Pol\u00edcia Militar em promover a seguran\u00e7a p\u00fablica, garantindo tranquilidade para a popula\u00e7\u00e3o e a preven\u00e7\u00e3o de crimes.<\/p>\n<p><strong>Fotos: Divulga\u00e7\u00e3o\/PMGO<\/strong><\/p>\n<p><strong>Comunica\u00e7\u00e3o Setorial \u2013 Secretaria de Seguran\u00e7a P\u00fablica \u2013 Governo de Goi\u00e1s\u00a0<\/strong><\/p>\n<div id='gallery-1' class='gallery galleryid-259565 gallery-columns-3 gallery-size-medium'><figure class='gallery-item'>\n\t\t\t<div class='gallery-icon portrait'>\n\t\t\t\t<a href='https:\/\/goias.gov.br\/seguranca\/pmgo-deflagra-operacao-dergo\/whatsapp-image-2024-09-27-at-10-16-44\/'><img decoding=\"async\" width=\"225\" height=\"300\" src=\"https:\/\/goias.gov.br\/seguranca\/wp-content\/uploads\/sites\/56\/2024\/09\/WhatsApp-Image-2024-09-27-at-10.16.44-225x300.jpeg\" class=\"attachment-medium size-medium\" alt=\"\" srcset=\"https:\/\/goias.gov.br\/seguranca\/wp-content\/uploads\/sites\/56\/2024\/09\/WhatsApp-Image-2024-09-27-at-10.16.44-225x300.jpeg 225w, https:\/\/goias.gov.br\/seguranca\/wp-content\/uploads\/sites\/56\/2024\/09\/WhatsApp-Image-2024-09-27-at-10.16.44-768x1024.jpeg 768w, https:\/\/goias.gov.br\/seguranca\/wp-content\/uploads\/sites\/56\/2024\/09\/WhatsApp-Image-2024-09-27-at-10.16.44-1152x1536.jpeg 1152w, https:\/\/goias.gov.br\/seguranca\/wp-content\/uploads\/sites\/56\/2024\/09\/WhatsApp-Image-2024-09-27-at-10.16.44.jpeg 1200w\" sizes=\"(max-width: 225px) 100vw, 225px\" \/><\/a>\n\t\t\t<\/div><\/figure><figure class='gallery-item'>\n\t\t\t<div class='gallery-icon portrait'>\n\t\t\t\t<a href='https:\/\/goias.gov.br\/seguranca\/pmgo-deflagra-operacao-dergo\/whatsapp-image-2024-09-27-at-10-16-45-1\/'><img decoding=\"async\" width=\"225\" height=\"300\" src=\"https:\/\/goias.gov.br\/seguranca\/wp-content\/uploads\/sites\/56\/2024\/09\/WhatsApp-Image-2024-09-27-at-10.16.45-1-225x300.jpeg\" class=\"attachment-medium size-medium\" alt=\"\" srcset=\"https:\/\/goias.gov.br\/seguranca\/wp-content\/uploads\/sites\/56\/2024\/09\/WhatsApp-Image-2024-09-27-at-10.16.45-1-225x300.jpeg 225w, https:\/\/goias.gov.br\/seguranca\/wp-content\/uploads\/sites\/56\/2024\/09\/WhatsApp-Image-2024-09-27-at-10.16.45-1-768x1024.jpeg 768w, https:\/\/goias.gov.br\/seguranca\/wp-content\/uploads\/sites\/56\/2024\/09\/WhatsApp-Image-2024-09-27-at-10.16.45-1-1152x1536.jpeg 1152w, https:\/\/goias.gov.br\/seguranca\/wp-content\/uploads\/sites\/56\/2024\/09\/WhatsApp-Image-2024-09-27-at-10.16.45-1.jpeg 1200w\" sizes=\"(max-width: 225px) 100vw, 225px\" \/><\/a>\n\t\t\t<\/div><\/figure><figure class='gallery-item'>\n\t\t\t<div class='gallery-icon portrait'>\n\t\t\t\t<a href='https:\/\/goias.gov.br\/seguranca\/pmgo-deflagra-operacao-dergo\/whatsapp-image-2024-09-27-at-10-18-51\/'><img loading=\"lazy\" decoding=\"async\" width=\"225\" height=\"300\" src=\"https:\/\/goias.gov.br\/seguranca\/wp-content\/uploads\/sites\/56\/2024\/09\/WhatsApp-Image-2024-09-27-at-10.18.51-225x300.jpeg\" class=\"attachment-medium size-medium\" alt=\"\" srcset=\"https:\/\/goias.gov.br\/seguranca\/wp-content\/uploads\/sites\/56\/2024\/09\/WhatsApp-Image-2024-09-27-at-10.18.51-225x300.jpeg 225w, https:\/\/goias.gov.br\/seguranca\/wp-content\/uploads\/sites\/56\/2024\/09\/WhatsApp-Image-2024-09-27-at-10.18.51-768x1024.jpeg 768w, https:\/\/goias.gov.br\/seguranca\/wp-content\/uploads\/sites\/56\/2024\/09\/WhatsApp-Image-2024-09-27-at-10.18.51-1152x1536.jpeg 1152w, https:\/\/goias.gov.br\/seguranca\/wp-content\/uploads\/sites\/56\/2024\/09\/WhatsApp-Image-2024-09-27-at-10.18.51.jpeg 1200w\" sizes=\"(max-width: 225px) 100vw, 225px\" \/><\/a>\n\t\t\t<\/div><\/figure>\n\t\t<\/div>\n\n<p>&nbsp;<\/p>\n","protected":false},"excerpt":{"rendered":"<p>A\u00e7\u00e3o tem como objetivo refor\u00e7ar a seguran\u00e7a nos terminais e regi\u00f5es adjacentes A Pol\u00edcia Militar de Goi\u00e1s, por meio do comando do Policiamento da Capital em conjunto com o Comando de Policiamento Rodovi\u00e1rio deflagrou nesta semana, (25\/09) a Opera\u00e7\u00e3o Dergo, visando refor\u00e7ar a seguran\u00e7a na regi\u00e3o central de Goi\u00e2nia, nos terminais e regi\u00f5es adjacentes, garantindo [&hellip;]<\/p>\n","protected":false},"author":485,"featured_media":259576,"comment_status":"closed","ping_status":"open","sticky":false,"template":"","format":"standard","meta":{"footnotes":"","_links_to":"","_links_to_target":""},"categories":[3,10,11],"tags":[2632,186,652],"class_list":["post-259565","post","type-post","status-publish","format-standard","has-post-thumbnail","hentry","category-noticias","category-noticias-da-ssp","category-ultimo-segundo","tag-cpc","tag-pmgo","tag-seguranca-publica"],"rttpg_featured_image_url":{"full":["https:\/\/goias.gov.br\/seguranca\/wp-content\/uploads\/sites\/56\/2024\/09\/WhatsApp-Image-2024-09-27-at-10.16.45-2.jpeg",1200,815,false],"landscape":["https:\/\/goias.gov.br\/seguranca\/wp-content\/uploads\/sites\/56\/2024\/09\/WhatsApp-Image-2024-09-27-at-10.16.45-2.jpeg",1200,815,false],"portraits":["https:\/\/goias.gov.br\/seguranca\/wp-content\/uploads\/sites\/56\/2024\/09\/WhatsApp-Image-2024-09-27-at-10.16.45-2.jpeg",1200,815,false],"thumbnail":["https:\/\/goias.gov.br\/seguranca\/wp-content\/uploads\/sites\/56\/2024\/09\/WhatsApp-Image-2024-09-27-at-10.16.45-2-150x150.jpeg",150,150,true],"medium":["https:\/\/goias.gov.br\/seguranca\/wp-content\/uploads\/sites\/56\/2024\/09\/WhatsApp-Image-2024-09-27-at-10.16.45-2-300x204.jpeg",300,204,true],"large":["https:\/\/goias.gov.br\/seguranca\/wp-content\/uploads\/sites\/56\/2024\/09\/WhatsApp-Image-2024-09-27-at-10.16.45-2-1024x695.jpeg",1024,695,true],"1536x1536":["https:\/\/goias.gov.br\/seguranca\/wp-content\/uploads\/sites\/56\/2024\/09\/WhatsApp-Image-2024-09-27-at-10.16.45-2.jpeg",1200,815,false],"2048x2048":["https:\/\/goias.gov.br\/seguranca\/wp-content\/uploads\/sites\/56\/2024\/09\/WhatsApp-Image-2024-09-27-at-10.16.45-2.jpeg",1200,815,false]},"rttpg_author":{"display_name":"giovanamarcos","author_link":"https:\/\/goias.gov.br\/seguranca\/author\/giovanamarcos\/"},"rttpg_comment":0,"rttpg_category":"<a href=\"https:\/\/goias.gov.br\/seguranca\/categoria\/noticias\/\" rel=\"category tag\">Not\u00edcias<\/a> <a href=\"https:\/\/goias.gov.br\/seguranca\/categoria\/noticias-da-ssp\/\" rel=\"category tag\">Not\u00edcias da SSP<\/a> <a href=\"https:\/\/goias.gov.br\/seguranca\/categoria\/ultimo-segundo\/\" rel=\"category tag\">\u00daltimo Segundo<\/a>","rttpg_excerpt":"A\u00e7\u00e3o tem como objetivo refor\u00e7ar a seguran\u00e7a nos terminais e regi\u00f5es adjacentes A Pol\u00edcia Militar de Goi\u00e1s, por meio do comando do Policiamento da Capital em conjunto com o Comando de Policiamento Rodovi\u00e1rio deflagrou nesta semana, (25\/09) a Opera\u00e7\u00e3o Dergo, visando refor\u00e7ar a seguran\u00e7a na regi\u00e3o central de Goi\u00e2nia, nos terminais e regi\u00f5es adjacentes, garantindo&hellip;","_links":{"self":[{"href":"https:\/\/goias.gov.br\/seguranca\/wp-json\/wp\/v2\/posts\/259565","targetHints":{"allow":["GET"]}}],"collection":[{"href":"https:\/\/goias.gov.br\/seguranca\/wp-json\/wp\/v2\/posts"}],"about":[{"href":"https:\/\/goias.gov.br\/seguranca\/wp-json\/wp\/v2\/types\/post"}],"author":[{"embeddable":true,"href":"https:\/\/goias.gov.br\/seguranca\/wp-json\/wp\/v2\/users\/485"}],"replies":[{"embeddable":true,"href":"https:\/\/goias.gov.br\/seguranca\/wp-json\/wp\/v2\/comments?post=259565"}],"version-history":[{"count":2,"href":"https:\/\/goias.gov.br\/seguranca\/wp-json\/wp\/v2\/posts\/259565\/revisions"}],"predecessor-version":[{"id":259605,"href":"https:\/\/goias.gov.br\/seguranca\/wp-json\/wp\/v2\/posts\/259565\/revisions\/259605"}],"wp:featuredmedia":[{"embeddable":true,"href":"https:\/\/goias.gov.br\/seguranca\/wp-json\/wp\/v2\/media\/259576"}],"wp:attachment":[{"href":"https:\/\/goias.gov.br\/seguranca\/wp-json\/wp\/v2\/media?parent=259565"}],"wp:term":[{"taxonomy":"category","embeddable":true,"href":"https:\/\/goias.gov.br\/seguranca\/wp-json\/wp\/v2\/categories?post=259565"},{"taxonomy":"post_tag","embeddable":true,"href":"https:\/\/goias.gov.br\/seguranca\/wp-json\/wp\/v2\/tags?post=259565"}],"curies":[{"name":"wp","href":"https:\/\/api.w.org\/{rel}","templated":true}]}}