

{"id":25705,"date":"2017-08-24T08:00:09","date_gmt":"2017-08-24T11:00:09","guid":{"rendered":"http:\/\/www.ssp.go.gov.br\/?p=25705"},"modified":"2017-08-24T08:00:09","modified_gmt":"2017-08-24T11:00:09","slug":"24-08-regulamenta-inteligencia-da-sptc-17","status":"publish","type":"post","link":"https:\/\/goias.gov.br\/seguranca\/24-08-regulamenta-inteligencia-da-sptc-17\/","title":{"rendered":"24.08 &#8211; Regulamenta Intelig\u00eancia da SPTC-17"},"content":{"rendered":"<p style=\"text-align: justify\"><a href=\"https:\/\/goias.gov.br\/seguranca\/wp-content\/uploads\/sites\/56\/2017\/08\/regulamenta-inteligencia-da-sptc-17.pdf\" target=\"_blank\" rel=\"noopener\">Regulamenta Intelig\u00eancia Da SPTC 17<\/a><\/p>\n<p style=\"text-align: center\">Portaria N\u00ba. 112\/2017-GAB\/SPTC<\/p>\n<p style=\"text-align: justify\"><em>Institui, no \u00e2mbito da Superintend\u00eancia de Pol\u00edcia T\u00e9cnico-Cient\u00edfica (SPTC), o N\u00facleo de Intelig\u00eancia Estrat\u00e9gica e d\u00e1 outra provid\u00eancias.<\/em><\/p>\n<p style=\"text-align: justify\">CONSIDERANDO, a publica\u00e7\u00e3o do Decreto n\u00ba 8.869, de 12 de janeiro de 2017, que institui o Sistema de Intelig\u00eancia de Seguran\u00e7a P\u00fablica do Estado de Goi\u00e1s (SISP\/GO), sistema cooperativo e colegiado voltado para o exerc\u00edcio permanente e sistem\u00e1tico de a\u00e7\u00f5es especializadas na produ\u00e7\u00e3o e salvaguarda de conhecimentos necess\u00e1rios para prever, prevenir, neutralizar e reprimir atos criminosos de qualquer natureza ou relativos a outros temas de interesse da seguran\u00e7a da sociedade e do Estado;<\/p>\n<p style=\"text-align: justify\">CONSIDERANDO, que o artigo 3\u00ba, inciso VI, do referido decreto, inclui a Superintend\u00eancia de Pol\u00edcia T\u00e9cnico-Cient\u00edfica (SPTC) como parte integrante do Sistema de Intelig\u00eancia de Seguran\u00e7a P\u00fablica do Estado de Goi\u00e1s (SISP\/GO);<\/p>\n<p style=\"text-align: justify\">CONSIDERANDO, que incumbe a esta Superintend\u00eancia planejar, orientar, coordenar, controlar, fiscalizar e corrigir as atividades desenvolvidas no \u00e2mbito da Pol\u00edcia T\u00e9cnico-Cient\u00edfica;<\/p>\n<p style=\"text-align: justify\">A Dra. Rejane da Silva Sena Barcelos, Superintendente de Pol\u00edcia T\u00e9cnico-Cient\u00edfica, no uso de suas atribui\u00e7\u00f5es e na forma da lei, resolve:<\/p>\n<p style=\"text-align: justify\">Art. 1\u00ba \u2013 Instituir o N\u00facleo de Intelig\u00eancia Estrat\u00e9gica na estrutura organizacional da SPTC, subordinado diretamente a Superintend\u00eancia, destinado a executar, coordenar, dirigir, orientar, produzir, difundir e integrar as atividades de intelig\u00eancia, nos \u00e2mbitos estadual e nacional, visando subsidiar as a\u00e7\u00f5es dos gestores da Pol\u00edcia T\u00e9cnico-Cient\u00edfica.<\/p>\n<p style=\"text-align: justify\">PAR\u00c1GRAFO \u00daNICO \u2013 O N\u00facleo de Intelig\u00eancia Estrat\u00e9gica \u00e9 formado pelo conjunto de \u00f3rg\u00e3os, recursos humanos, financeiros, instala\u00e7\u00f5es, m\u00e9todos e procedimentos destinados a atividade de Intelig\u00eancia Pericial Criminal da SPTC.<\/p>\n<p style=\"text-align: justify\">Art. 2\u00ba \u2013 Conceitua-se para fins desta Portaria:<\/p>\n<p style=\"text-align: justify\">I \u2013 Intelig\u00eancia Pericial Criminal \u00e9 o exerc\u00edcio permanente e sistem\u00e1tico de a\u00e7\u00f5es especializadas para identificar, avaliar e acompanhar amea\u00e7as reais ou potenciais na esfera de seguran\u00e7a p\u00fablica, orientadas para a produ\u00e7\u00e3o e salvaguarda de conhecimentos necess\u00e1rios para subsidiar o processo decis\u00f3rio; para o planejamento, a execu\u00e7\u00e3o e o acompanhamento de assuntos de seguran\u00e7a p\u00fablica e, particularmente, das atividades periciais e forenses de criminal\u00edstica e medicina legal; nas a\u00e7\u00f5es de materializa\u00e7\u00e3o de crimes e defini\u00e7\u00f5es de autoria; na salvaguarda da prova material, bem como nos assuntos de interesse institucional e na prote\u00e7\u00e3o dos seus ativos corporativos, sendo exercida pelas ag\u00eancias de intelig\u00eancia no \u00e2mbito da Pol\u00edcia T\u00e9cnico-Cient\u00edfica;<\/p>\n<p style=\"text-align: justify\">II \u2013 Sistema de Intelig\u00eancia de Seguran\u00e7a P\u00fablica do Estado de Goi\u00e1s (SISP\/GO) \u00e9 o conjunto formal de subsistemas e de ag\u00eancias de intelig\u00eancia distribu\u00eddas em todo o territ\u00f3rio estadual, com atua\u00e7\u00e3o harm\u00f4nica, integrada e ordenada, que busca os mesmos objetivos e s\u00e3o orientados por uma padroniza\u00e7\u00e3o de doutrina, procedimentos e rotinas, estabelecendo-se, dentre elas, o compromisso pela colabora\u00e7\u00e3o, pelo uso de dados e de conhecimentos, por interm\u00e9dio do canal t\u00e9cnico;<\/p>\n<p style=\"text-align: justify\">III \u2013 Atividade de Intelig\u00eancia de Seguran\u00e7a P\u00fablica \u00e9 o exerc\u00edcio permanente e sistem\u00e1tico de a\u00e7\u00f5es especializadas para identificar, avaliar e acompanhar amea\u00e7as reais ou potenciais na esfera de seguran\u00e7a p\u00fablica, basicamente orientadas para produ\u00e7\u00e3o e salvaguarda de conhecimentos necess\u00e1rios para subsidiar os tomadores de decis\u00e3o, para o planejamento e a execu\u00e7\u00e3o de uma pol\u00edtica de seguran\u00e7a p\u00fablica e das a\u00e7\u00f5es para prever, prevenir, neutralizar e reprimir atos criminosos de qualquer natureza que atentem \u00e0 ordem p\u00fablica, \u00e0 incolumidade das pessoas e do patrim\u00f4nio;<\/p>\n<p style=\"text-align: justify\">IV \u2013 Contraintelig\u00eancia se destina a proteger a atividade de intelig\u00eancia e a institui\u00e7\u00e3o a que pertence, mediante a produ\u00e7\u00e3o de conhecimento e implementa\u00e7\u00e3o de a\u00e7\u00f5es voltadas \u00e0 salvaguarda de dados e conhecimentos sigilosos, al\u00e9m da identifica\u00e7\u00e3o e neutraliza\u00e7\u00e3o das a\u00e7\u00f5es adversas de qualquer natureza.<\/p>\n<p style=\"text-align: justify\">Art. 3\u00ba \u2013 O N\u00facleo de Intelig\u00eancia Estrat\u00e9gica possui as seguintes compet\u00eancias:<\/p>\n<p style=\"text-align: justify\">I \u2013 Planejar, supervisionar, coordenar, controlar, executar e fiscalizar as a\u00e7\u00f5es da atividade de Intelig\u00eancia Pericial Criminal;<\/p>\n<p style=\"text-align: justify\">II \u2013 Congregar os recursos para o exerc\u00edcio da atividade de Intelig\u00eancia Pericial Criminal;<\/p>\n<p style=\"text-align: justify\">III \u2013 Desenvolver estudos para formular e aperfei\u00e7oar a doutrina de Intelig\u00eancia Pericial Criminal;<\/p>\n<p style=\"text-align: justify\">IV \u2013 Produzir conhecimento com a finalidade de assessorar a Superintend\u00eancia de Pol\u00edcia T\u00e9cnico-Cient\u00edfica, incluindo seus gestores, a Superintend\u00eancia de Intelig\u00eancia Integrada, a Secretaria de Seguran\u00e7a P\u00fablica e Administra\u00e7\u00e3o Penitenci\u00e1ria e a Governadoria do Estado;<\/p>\n<p style=\"text-align: justify\">V \u2013 Integrar o Sistema de Intelig\u00eancia de Seguran\u00e7a P\u00fablica do Estado de Goi\u00e1s;<\/p>\n<p style=\"text-align: justify\">VI \u2013 Cumprir com as diretrizes doutrin\u00e1rias da atividade de Intelig\u00eancia, estabelecidas pelo Sistema de Intelig\u00eancia de Seguran\u00e7a P\u00fablica do Estado de Goi\u00e1s e pela Doutrina Nacional de Intelig\u00eancia de Seguran\u00e7a P\u00fablica.<\/p>\n<p style=\"text-align: justify\">Art. 4\u00ba \u2013 O N\u00facleo de Intelig\u00eancia Estrat\u00e9gica \u00e9 composto pela seguinte estrutura b\u00e1sica:<\/p>\n<p style=\"text-align: justify\">I \u2013 Coordena\u00e7\u00e3o-Geral;<\/p>\n<p style=\"text-align: justify\">II \u2013 Coordena\u00e7\u00e3o de Intelig\u00eancia e Opera\u00e7\u00f5es;<\/p>\n<p style=\"text-align: justify\">III \u2013 Coordena\u00e7\u00e3o de Contraintelig\u00eancia;<\/p>\n<p style=\"text-align: justify\">IV \u2013 Coordena\u00e7\u00e3o de Integra\u00e7\u00e3o.<\/p>\n<p style=\"text-align: justify\">Art. 5\u00ba \u2013 A Coordena\u00e7\u00e3o-Geral compete gerir, definir e planejar a execu\u00e7\u00e3o das pol\u00edticas de intelig\u00eancia de compet\u00eancia da SPTC, em conson\u00e2ncia aos interesses do SISP\/GO. Compete ainda as seguintes atividades:<\/p>\n<p style=\"text-align: justify\">I \u2013 Assessoramento a n\u00edvel pol\u00edtico-estrat\u00e9gico da Superintend\u00eancia de Pol\u00edcia T\u00e9cnico-Cient\u00edfica;<\/p>\n<p style=\"text-align: justify\">II \u2013 Classifica\u00e7\u00e3o e desclassifica\u00e7\u00e3o de documentos no \u00e2mbito da SPTC, sob delega\u00e7\u00e3o da Superintendente;<\/p>\n<p style=\"text-align: justify\">III \u2013 Compila\u00e7\u00e3o dos dados produzidos pelos integrantes da intelig\u00eancia da Pol\u00edcia T\u00e9cnico-Cient\u00edfica;<\/p>\n<p style=\"text-align: justify\">IV \u2013 Monitorar todas as atividades de intelig\u00eancia no \u00e2mbito da SPTC;<\/p>\n<p style=\"text-align: justify\">V \u2013 Monitorar as informa\u00e7\u00f5es de intelig\u00eancia referente aos assuntos internos da SPTC;<\/p>\n<p style=\"text-align: justify\">VI \u2013 Garantir o correto arquivamento de documentos de natureza sigilosa e reservada;<\/p>\n<p style=\"text-align: justify\">VII \u2013 Quando necess\u00e1rio, contribuir e produzir as respostas a Lei de Acesso a Informa\u00e7\u00e3o.<\/p>\n<p style=\"text-align: justify\">VIII \u2013 Avaliar e autorizar que servidor seja lotado sob sua gest\u00e3o, incluindo quando necess\u00e1rio, avalia\u00e7\u00e3o de vida pregressa.<\/p>\n<ul style=\"text-align: justify\">\n<li>1\u00ba \u2013 O gestor ocupante do cargo de Coordenador-Geral \u00e9 de livre nomea\u00e7\u00e3o da Superintend\u00eancia.<\/li>\n<li>2\u00ba \u2013 Em n\u00e3o havendo servidor ocupando as coordena\u00e7\u00f5es citadas no artigo anterior, pode a Coordena\u00e7\u00e3o-Geral avocar as fun\u00e7\u00f5es a estes designadas.<\/li>\n<li>3\u00ba \u2013 Compete ao servidor respons\u00e1vel pela Coordena\u00e7\u00e3o-Geral a representa\u00e7\u00e3o da SPTC junto ao Conselho Superior de Intelig\u00eancia, \u00f3rg\u00e3o de delibera\u00e7\u00e3o colegiada, presidido pelo Secret\u00e1rio de Seguran\u00e7a P\u00fablica e Administra\u00e7\u00e3o Penitenci\u00e1ria, composto por representantes dos \u00f3rg\u00e3os e das entidades previstas no art. 3\u00ba do decreto 8.869.<\/li>\n<\/ul>\n<p style=\"text-align: justify\">Art. 6\u00ba \u2013 Compete a Coordena\u00e7\u00e3o de Intelig\u00eancia:<\/p>\n<p style=\"text-align: justify\">I \u2013 Produzir e difundir, atrav\u00e9s dos canais competentes, os documentos de intelig\u00eancia, bem como produzir estat\u00edsticas e an\u00e1lises de interesse da atividade de Intelig\u00eancia Pericial Criminal;<\/p>\n<p style=\"text-align: justify\">II \u2013 A gest\u00e3o dos indicadores institucionais;<\/p>\n<p style=\"text-align: justify\">III \u2013 A integra\u00e7\u00e3o com o Sistema de Intelig\u00eancia de Seguran\u00e7a P\u00fablica do Estado de Goi\u00e1s;<\/p>\n<p style=\"text-align: justify\">IV \u2013 Produzir e executar as opera\u00e7\u00f5es de Intelig\u00eancia;<\/p>\n<p style=\"text-align: justify\">V \u2013 Produzir os Relat\u00f3rios de Intelig\u00eancia e os Pedidos de Busca.<\/p>\n<p style=\"text-align: justify\">Art. 7\u00ba \u2013 Compete a Coordena\u00e7\u00e3o de Contraintelig\u00eancia:<\/p>\n<p style=\"text-align: justify\">I \u2013 Gest\u00e3o da Seguran\u00e7a Org\u00e2nica, incluindo a produ\u00e7\u00e3o do Plano de Seguran\u00e7a Organizacional (PSO);<\/p>\n<p style=\"text-align: justify\">II \u2013 Gest\u00e3o dos Sistemas Informacionais, incluindo as atividades de Gest\u00e3o das libera\u00e7\u00f5es de acesso e perfis de usu\u00e1rio;<\/p>\n<p style=\"text-align: justify\">III \u2013 Monitoramento do ambiente externo organizacional;<\/p>\n<p style=\"text-align: justify\">IV \u2013 Monitoramento de m\u00eddias e redes sociais.<\/p>\n<p style=\"text-align: justify\">Art. 8\u00ba &#8211; Compete a Coordena\u00e7\u00e3o de Integra\u00e7\u00e3o:<\/p>\n<p style=\"text-align: justify\">I \u2013 Atividade de Integra\u00e7\u00e3o junto a Superintend\u00eancia Executiva de A\u00e7\u00f5es e Opera\u00e7\u00f5es Integradas;<\/p>\n<p style=\"text-align: justify\">II \u2013 Planejamento das Opera\u00e7\u00f5es Integradas.<\/p>\n<p style=\"text-align: justify\">Art. 9\u00ba \u2013 \u00c9 expressamente vedada, sob qualquer hip\u00f3tese, a entrada de visitantes ou servidores n\u00e3o credenciados nas depend\u00eancias do N\u00facleo de Intelig\u00eancia Estrat\u00e9gica.<\/p>\n<p style=\"text-align: justify\">PAR\u00c1GRAFO \u00daNICO \u2013 Ser\u00e1 responsabilizado administrativa e criminalmente o servidor que adentrar com pessoa n\u00e3o autorizada nas depend\u00eancias do N\u00facleo de Intelig\u00eancia Estrat\u00e9gica da SPTC.<\/p>\n<p style=\"text-align: justify\">Art. 10 \u2013 As pessoas que tiverem acesso ao N\u00facleo de Intelig\u00eancia Estrat\u00e9gica ser\u00e3o respons\u00e1veis pela manuten\u00e7\u00e3o do sigilo e compartimenta\u00e7\u00e3o dos assuntos que tiverem conhecimento.<\/p>\n<p style=\"text-align: justify\">PAR\u00c1GRAFO \u00daNICO \u2013 A difus\u00e3o n\u00e3o autorizada de conhecimento caracteriza viola\u00e7\u00e3o de sigilo funcional, crime capitulado no art. 325 do C\u00f3digo Penal Brasileiro.<\/p>\n<p style=\"text-align: justify\">Art. 11 \u2013 As instala\u00e7\u00f5es f\u00edsicas do N\u00facleo de Intelig\u00eancia Estrat\u00e9gica dever\u00e3o situar-se em local adequado ao desenvolvimento de suas atividades com discri\u00e7\u00e3o e seguran\u00e7a, isolado do contato com o p\u00fablico externo.<\/p>\n<p style=\"text-align: justify\">Art. 12 \u2013 Caber\u00e1 a Superintend\u00eancia de Pol\u00edcia T\u00e9cnico-Cient\u00edfica, e subsidiariamente ao servidor respons\u00e1vel pelo N\u00facleo de Intelig\u00eancia Estrat\u00e9gica, atrav\u00e9s da Coordena\u00e7\u00e3o-Geral, esclarecer os casos omissos desta portaria.<\/p>\n<p style=\"text-align: justify\">Art. 13 \u2013 Esta portaria entre em vigor na data de sua publica\u00e7\u00e3o no Di\u00e1rio Oficial do Estado de Goi\u00e1s (DOE).<\/p>\n<p style=\"text-align: justify\">CUMPRA-SE e PUBLIQUE-SE<\/p>\n<p style=\"text-align: justify\">Superintend\u00eancia de Pol\u00edcia T\u00e9cnico-Cient\u00edfica, em Goi\u00e2nia-GO, aos 17 dias do m\u00eas de maio de 2017.<\/p>\n<p style=\"text-align: justify\">Dra. Rejane da Silva Sena Barcelos<\/p>\n<p style=\"text-align: justify\">\u00a0\u00a0\u00a0\u00a0\u00a0\u00a0\u00a0\u00a0\u00a0\u00a0\u00a0\u00a0\u00a0\u00a0\u00a0\u00a0\u00a0\u00a0\u00a0\u00a0 Superintendente de Pol\u00edcia T\u00e9cnico-Cient\u00edfica<\/p>\n","protected":false},"excerpt":{"rendered":"<p>Regulamenta Intelig\u00eancia Da SPTC 17 Portaria N\u00ba. 112\/2017-GAB\/SPTC Institui, no \u00e2mbito da Superintend\u00eancia de Pol\u00edcia T\u00e9cnico-Cient\u00edfica (SPTC), o N\u00facleo de Intelig\u00eancia Estrat\u00e9gica e d\u00e1 outra provid\u00eancias. CONSIDERANDO, a publica\u00e7\u00e3o do Decreto n\u00ba 8.869, de 12 de janeiro de 2017, que institui o Sistema de Intelig\u00eancia de Seguran\u00e7a P\u00fablica do Estado de Goi\u00e1s (SISP\/GO), sistema cooperativo [&hellip;]<\/p>\n","protected":false},"author":3,"featured_media":0,"comment_status":"closed","ping_status":"closed","sticky":false,"template":"","format":"standard","meta":{"footnotes":"","_links_to":"","_links_to_target":""},"categories":[12],"tags":[],"class_list":["post-25705","post","type-post","status-publish","format-standard","hentry","category-portarias"],"rttpg_featured_image_url":null,"rttpg_author":{"display_name":"joanaredator","author_link":"https:\/\/goias.gov.br\/seguranca\/author\/joanaredator\/"},"rttpg_comment":0,"rttpg_category":"<a href=\"https:\/\/goias.gov.br\/seguranca\/categoria\/portarias\/\" rel=\"category tag\">Portarias<\/a>","rttpg_excerpt":"Regulamenta Intelig\u00eancia Da SPTC 17 Portaria N\u00ba. 112\/2017-GAB\/SPTC Institui, no \u00e2mbito da Superintend\u00eancia de Pol\u00edcia T\u00e9cnico-Cient\u00edfica (SPTC), o N\u00facleo de Intelig\u00eancia Estrat\u00e9gica e d\u00e1 outra provid\u00eancias. CONSIDERANDO, a publica\u00e7\u00e3o do Decreto n\u00ba 8.869, de 12 de janeiro de 2017, que institui o Sistema de Intelig\u00eancia de Seguran\u00e7a P\u00fablica do Estado de Goi\u00e1s (SISP\/GO), sistema cooperativo&hellip;","_links":{"self":[{"href":"https:\/\/goias.gov.br\/seguranca\/wp-json\/wp\/v2\/posts\/25705","targetHints":{"allow":["GET"]}}],"collection":[{"href":"https:\/\/goias.gov.br\/seguranca\/wp-json\/wp\/v2\/posts"}],"about":[{"href":"https:\/\/goias.gov.br\/seguranca\/wp-json\/wp\/v2\/types\/post"}],"author":[{"embeddable":true,"href":"https:\/\/goias.gov.br\/seguranca\/wp-json\/wp\/v2\/users\/3"}],"replies":[{"embeddable":true,"href":"https:\/\/goias.gov.br\/seguranca\/wp-json\/wp\/v2\/comments?post=25705"}],"version-history":[{"count":0,"href":"https:\/\/goias.gov.br\/seguranca\/wp-json\/wp\/v2\/posts\/25705\/revisions"}],"wp:attachment":[{"href":"https:\/\/goias.gov.br\/seguranca\/wp-json\/wp\/v2\/media?parent=25705"}],"wp:term":[{"taxonomy":"category","embeddable":true,"href":"https:\/\/goias.gov.br\/seguranca\/wp-json\/wp\/v2\/categories?post=25705"},{"taxonomy":"post_tag","embeddable":true,"href":"https:\/\/goias.gov.br\/seguranca\/wp-json\/wp\/v2\/tags?post=25705"}],"curies":[{"name":"wp","href":"https:\/\/api.w.org\/{rel}","templated":true}]}}