

{"id":25542,"date":"2017-08-16T14:19:52","date_gmt":"2017-08-16T17:19:52","guid":{"rendered":"http:\/\/www.ssp.go.gov.br\/?p=25542"},"modified":"2017-08-16T14:19:52","modified_gmt":"2017-08-16T17:19:52","slug":"ata-de-conclusao-ciesp-cap-reis","status":"publish","type":"post","link":"https:\/\/goias.gov.br\/seguranca\/ata-de-conclusao-ciesp-cap-reis\/","title":{"rendered":"ATA DE CONCLUSAO CIESP &#8211; CAP REIS"},"content":{"rendered":"<p style=\"text-align: justify\"><a href=\"https:\/\/goias.gov.br\/seguranca\/wp-content\/uploads\/sites\/56\/2017\/08\/ata-no-03-2017-ciesp-ssp.pdf\" target=\"_blank\" rel=\"noopener\">Ata N\u00ba 03 2017 CIESP SSP<\/a><\/p>\n<p style=\"text-align: justify\"><strong>ATA DE CONCLUS\u00c3O DO CURSO DE P\u00d3S-GRADUA\u00c7\u00c3O EM CI\u00caNCIAS DE SEGURAN\u00c7A P\u00daBLICA (CIESP)<\/strong><\/p>\n<p style=\"text-align: justify\"><strong>\u00a0<\/strong><\/p>\n<p style=\"text-align: center\"><u>Ata n<\/u><u>\u00ba<\/u><u>.\u00a0 00<\/u><u>3<\/u><u>\/201<\/u><u>7<\/u><u> \u2013 SAESP<\/u><\/p>\n<p style=\"text-align: justify\">\n<p style=\"text-align: justify\">Ata da reuni\u00e3o realizada \u00e0s 10h00min, do dia 11 de agosto de 2017, na sala da Superintend\u00eancia da Academia Estadual de Seguran\u00e7a P\u00fablica. Presente, a Comiss\u00e3o composta pelo Senhor Superintendente da Academia Estadual de Seguran\u00e7a P\u00fablica, JULIO ALEJANDRO QUEZADA JELVEZ, pelo Gerente de Ensino SAESP \u2013 Major QOPM Anderson de Oliveira, pelo Coordenador do Curso CIESP o Capit\u00e3o PM JOS\u00c9 DOS REIS JUNIOR e pela Capit\u00e3 PM Kamila Fernandes de Freitas \u2013 Secret\u00e1ria Administrativa da SAESP registrou a formaliza\u00e7\u00e3o da conclus\u00e3o do CURSO DE P\u00d3S-GRADUA\u00c7\u00c3O EM CI\u00caNCIAS DE SEGURAN\u00c7A P\u00daBLICA (CIESP \u2013 2016\/2017), homologado pela Portaria n \u00ba 030\/2016. \u2013 SAESP\/SSPAP. Verificou-se que o curso teve in\u00edcio e t\u00e9rmino no per\u00edodo de 09 de maio de 2016 a 11 de agosto de 2017, com a carga hor\u00e1ria de 360h\/a (trezentos e sessenta horas) resultando um total de quarenta e cinco alunos aprovados conforme rela\u00e7\u00e3o abaixo.<\/p>\n<p style=\"text-align: justify\">\n<table width=\"716\">\n<tbody>\n<tr>\n<td width=\"716\"><strong>ALUNOS APROVADOS NO CURSO DE P\u00d3S-GRADUA\u00c7\u00c3O EM CI\u00caNCIAS DA SEGURAN\u00c7A P\u00daBLICA<\/strong><\/td>\n<\/tr>\n<tr>\n<td width=\"716\"><strong>ALISSON BATISTA DE OLIVEIRA<\/strong><\/td>\n<\/tr>\n<tr>\n<td width=\"716\"><strong>ANA L\u00daCIA DANTAS PACHECO<\/strong><\/td>\n<\/tr>\n<tr>\n<td width=\"716\"><strong>ANDERSON LUIZ BRASIL SILVA<\/strong><\/td>\n<\/tr>\n<tr>\n<td width=\"716\"><strong>CRISTIANO BOTELHO HONOST\u00d3RIO<\/strong><\/td>\n<\/tr>\n<tr>\n<td width=\"716\"><strong>DANIELA BENIGNO CHAGAS<\/strong><\/td>\n<\/tr>\n<tr>\n<td width=\"716\"><strong>DORACI BATISTA DE TOL\u00caDO MANGUCI<\/strong><\/td>\n<\/tr>\n<tr>\n<td width=\"716\"><strong>D\u00d3RIS DE F\u00c1TIMA REIS MENDES<\/strong><\/td>\n<\/tr>\n<tr>\n<td width=\"716\"><strong>EDSON FERNANDO MARTINS<\/strong><\/td>\n<\/tr>\n<tr>\n<td width=\"716\"><strong>ELTON RIBEIRO DE MAGALH\u00c3ES<\/strong><\/td>\n<\/tr>\n<tr>\n<td width=\"716\"><strong>ENIUZA PAULA DE CASTRO<\/strong><\/td>\n<\/tr>\n<tr>\n<td width=\"716\"><strong>FABR\u00cdCIO BONFIM DE SOUSA<\/strong><\/td>\n<\/tr>\n<tr>\n<td width=\"716\"><strong>FERNANDA JORGE DE SOUZA<\/strong><\/td>\n<\/tr>\n<tr>\n<td width=\"716\"><strong>FERNANDO ROLD\u00c3O DE MENEZES<\/strong><\/td>\n<\/tr>\n<tr>\n<td width=\"716\"><strong>HROVEN SOARES SANTANA<\/strong><\/td>\n<\/tr>\n<tr>\n<td width=\"716\"><strong>JOSELENO BORGES SALES<\/strong><\/td>\n<\/tr>\n<tr>\n<td width=\"716\"><strong>J\u00daLIO CESAR DA SILVA<\/strong><\/td>\n<\/tr>\n<tr>\n<td width=\"716\"><strong>KARINA ANG\u00c9LICA RODRIGUES DE LIMA<\/strong><\/td>\n<\/tr>\n<tr>\n<td width=\"716\">KEILLA FAB\u00cdOLA DOS SANTOS<\/td>\n<\/tr>\n<tr>\n<td width=\"716\">KELLY SOUZA DE ALENCAR<\/td>\n<\/tr>\n<tr>\n<td width=\"716\">KENYDA CRISTINA ALVES DE SOUSA<\/td>\n<\/tr>\n<tr>\n<td width=\"716\">LARISSA ROSA DOS SANTOS<\/td>\n<\/tr>\n<tr>\n<td width=\"716\">LEILA TRINDADE COSTA POVOA<\/td>\n<\/tr>\n<tr>\n<td width=\"716\">LEONARDO MENDON\u00c7A<\/td>\n<\/tr>\n<tr>\n<td width=\"716\">LUCIANA DE AZEVEDO COUTO<\/td>\n<\/tr>\n<tr>\n<td width=\"716\">M\u00c1RCIA SIM\u00c3O DO VALE MORAIS<\/td>\n<\/tr>\n<tr>\n<td width=\"716\">M\u00c1RCIO ANT\u00d4NIO SIQUEIRA NEVES<\/td>\n<\/tr>\n<tr>\n<td width=\"716\">M\u00c1RCIO JUNQUEIRA DA SILVA<\/td>\n<\/tr>\n<tr>\n<td width=\"716\">MARCO AUR\u00c9LIO ANACLETO DE TOL\u00caDO<\/td>\n<\/tr>\n<tr>\n<td width=\"716\">MARCOS RABELO HOLANDA CAMARANO<\/td>\n<\/tr>\n<tr>\n<td width=\"716\">MARTHA BATISTA DA PAIX\u00c3O<\/td>\n<\/tr>\n<tr>\n<td width=\"716\">MUNILDO GON\u00c7ALVES DE MIRANDA<\/td>\n<\/tr>\n<tr>\n<td width=\"716\">OROESSE MARQUES DA SILVA<\/td>\n<\/tr>\n<tr>\n<td width=\"716\">PATR\u00cdCIA BARBOSA DE SOUZA FERNANDES<\/td>\n<\/tr>\n<tr>\n<td width=\"716\">PAULO VENTURA SILVA BERNARDES<\/td>\n<\/tr>\n<tr>\n<td width=\"716\">RAFAEL BARREIRA ALVES<\/td>\n<\/tr>\n<tr>\n<td width=\"716\">RICARDO BARBOSA DA SILVA<\/td>\n<\/tr>\n<tr>\n<td width=\"716\">RICARDO FLORENTINO<\/td>\n<\/tr>\n<tr>\n<td width=\"716\">RICARDO JOS\u00c9 RAMOS ARRUDA<\/td>\n<\/tr>\n<tr>\n<td width=\"716\">ROBSON ALVES DE OLIVEIRA<\/td>\n<\/tr>\n<tr>\n<td width=\"716\">ROSELY MARIA DOS SANTOS<\/td>\n<\/tr>\n<tr>\n<td width=\"716\">ROSEMBERG GON\u00c7ALVES ROCHA<\/td>\n<\/tr>\n<tr>\n<td width=\"716\">S\u00c9RGIO IZAIAS DA COSTA<\/td>\n<\/tr>\n<tr>\n<td width=\"716\">THIAGO DE OLIVEIRA ROCHA SIFFERMAN<\/td>\n<\/tr>\n<tr>\n<td width=\"716\">VALDEMAR MEIRA DE OLIVEIRA<\/td>\n<\/tr>\n<tr>\n<td width=\"716\">VALQUIRIA MARIA DUARTE<\/td>\n<\/tr>\n<\/tbody>\n<\/table>\n<p style=\"text-align: justify\">\n<p style=\"text-align: justify\">\n<p style=\"text-align: justify\">Nada mais a ser tratado, o Senhor Superintendente deu por encerrada a reuni\u00e3o mandando que lavrasse o presente Ata e que a divulgasse, junto aos \u00f3rg\u00e3os componentes da estrutura organizacional da SSP, bem como nos portais oficiais, para as provid\u00eancias legais e regulamentares.<\/p>\n<p style=\"text-align: justify\">\n<p style=\"text-align: justify\">SAESP, em Goi\u00e2nia, GO, 11 de agosto de 2017<\/p>\n<p style=\"text-align: justify\">\n<p style=\"text-align: justify\">\n<table width=\"721\">\n<tbody>\n<tr>\n<td width=\"721\">\n<p style=\"text-align: justify\"><strong>Julio Alejandro Quezada Jelvez<\/strong><\/p>\n<p style=\"text-align: justify\">Superintendente da Academia Estadual de Seguran\u00e7a P\u00fablica da SSPAP -GO<\/p>\n<p style=\"text-align: justify\"><strong>\u00a0<\/strong><\/p>\n<p style=\"text-align: justify\"><strong>\u00a0<\/strong><\/p>\n<p style=\"text-align: justify\"><strong>\u00a0<\/strong><\/p>\n<p style=\"text-align: justify\"><strong>Anderson de Oliveira \u2013 MAJ QOPM<br \/>\n<\/strong>Gerente de Ensino SAESP\/SSPAP<\/p>\n<p style=\"text-align: justify\"><strong>\u00a0<\/strong><\/p>\n<p style=\"text-align: justify\"><strong>\u00a0<\/strong><\/p>\n<p style=\"text-align: justify\"><strong>\u00a0<\/strong><\/p>\n<p style=\"text-align: justify\"><strong>Jos\u00e9 dos Reis Junior \u2013 CAP PM<\/strong><\/p>\n<p style=\"text-align: justify\">Coordenador do Curso CIESP<\/p>\n<p style=\"text-align: justify\">\n<p style=\"text-align: justify\">\n<p style=\"text-align: justify\">\n<p style=\"text-align: justify\"><strong>Kamila Fernandes de Freitas \u2013 CAP QOPM<\/strong><\/p>\n<p style=\"text-align: justify\">Secret\u00e1ria de Apoio Administrativo da SAESP<\/p>\n<\/td>\n<\/tr>\n<\/tbody>\n<\/table>\n<p>&nbsp;<\/p>\n","protected":false},"excerpt":{"rendered":"<p>Ata N\u00ba 03 2017 CIESP SSP ATA DE CONCLUS\u00c3O DO CURSO DE P\u00d3S-GRADUA\u00c7\u00c3O EM CI\u00caNCIAS DE SEGURAN\u00c7A P\u00daBLICA (CIESP) \u00a0 Ata n\u00ba.\u00a0 003\/2017 \u2013 SAESP Ata da reuni\u00e3o realizada \u00e0s 10h00min, do dia 11 de agosto de 2017, na sala da Superintend\u00eancia da Academia Estadual de Seguran\u00e7a P\u00fablica. Presente, a Comiss\u00e3o composta pelo Senhor Superintendente [&hellip;]<\/p>\n","protected":false},"author":3,"featured_media":0,"comment_status":"closed","ping_status":"closed","sticky":false,"template":"","format":"standard","meta":{"footnotes":"","_links_to":"","_links_to_target":""},"categories":[12],"tags":[],"class_list":["post-25542","post","type-post","status-publish","format-standard","hentry","category-portarias"],"rttpg_featured_image_url":null,"rttpg_author":{"display_name":"joanaredator","author_link":"https:\/\/goias.gov.br\/seguranca\/author\/joanaredator\/"},"rttpg_comment":0,"rttpg_category":"<a href=\"https:\/\/goias.gov.br\/seguranca\/categoria\/portarias\/\" rel=\"category tag\">Portarias<\/a>","rttpg_excerpt":"Ata N\u00ba 03 2017 CIESP SSP ATA DE CONCLUS\u00c3O DO CURSO DE P\u00d3S-GRADUA\u00c7\u00c3O EM CI\u00caNCIAS DE SEGURAN\u00c7A P\u00daBLICA (CIESP) \u00a0 Ata n\u00ba.\u00a0 003\/2017 \u2013 SAESP Ata da reuni\u00e3o realizada \u00e0s 10h00min, do dia 11 de agosto de 2017, na sala da Superintend\u00eancia da Academia Estadual de Seguran\u00e7a P\u00fablica. Presente, a Comiss\u00e3o composta pelo Senhor Superintendente&hellip;","_links":{"self":[{"href":"https:\/\/goias.gov.br\/seguranca\/wp-json\/wp\/v2\/posts\/25542","targetHints":{"allow":["GET"]}}],"collection":[{"href":"https:\/\/goias.gov.br\/seguranca\/wp-json\/wp\/v2\/posts"}],"about":[{"href":"https:\/\/goias.gov.br\/seguranca\/wp-json\/wp\/v2\/types\/post"}],"author":[{"embeddable":true,"href":"https:\/\/goias.gov.br\/seguranca\/wp-json\/wp\/v2\/users\/3"}],"replies":[{"embeddable":true,"href":"https:\/\/goias.gov.br\/seguranca\/wp-json\/wp\/v2\/comments?post=25542"}],"version-history":[{"count":0,"href":"https:\/\/goias.gov.br\/seguranca\/wp-json\/wp\/v2\/posts\/25542\/revisions"}],"wp:attachment":[{"href":"https:\/\/goias.gov.br\/seguranca\/wp-json\/wp\/v2\/media?parent=25542"}],"wp:term":[{"taxonomy":"category","embeddable":true,"href":"https:\/\/goias.gov.br\/seguranca\/wp-json\/wp\/v2\/categories?post=25542"},{"taxonomy":"post_tag","embeddable":true,"href":"https:\/\/goias.gov.br\/seguranca\/wp-json\/wp\/v2\/tags?post=25542"}],"curies":[{"name":"wp","href":"https:\/\/api.w.org\/{rel}","templated":true}]}}