

{"id":253233,"date":"2024-06-27T11:03:11","date_gmt":"2024-06-27T14:03:11","guid":{"rendered":"https:\/\/goias.gov.br\/seguranca\/?p=253233"},"modified":"2024-06-28T14:06:12","modified_gmt":"2024-06-28T17:06:12","slug":"reeducandos-concluem-curso-de-eletricista-predial","status":"publish","type":"post","link":"https:\/\/goias.gov.br\/seguranca\/reeducandos-concluem-curso-de-eletricista-predial\/","title":{"rendered":"Reeducandos concluem curso de eletricista predial"},"content":{"rendered":"<p class=\"entry-sub-title\" style=\"text-align: center\"><em>Capacita\u00e7\u00e3o foi ministrada pelo Senai Goi\u00e1s, em parceria com a Diretoria-Geral de Pol\u00edcia Penal e o Minist\u00e9rio P\u00fablico do Trabalho\u00a0<\/em><\/p>\n<p><img fetchpriority=\"high\" decoding=\"async\" class=\" wp-image-253235 aligncenter\" src=\"https:\/\/goias.gov.br\/seguranca\/wp-content\/uploads\/sites\/56\/2024\/06\/Formatura-Resgatar-POG-60.jpg\" alt=\"\" width=\"695\" height=\"391\" \/><\/p>\n<p style=\"text-align: justify\">20 reeducandos da Penitenci\u00e1ria Coronel Odenir Guimar\u00e3es, integrantes do Projeto Resgatar, receberam o diploma de eletricista predial na quarta-feira (26\/06), no Col\u00e9gio Dona Lourdes Estivalete Teixeira, que fica dentro da POG. O curso foi ministrado pelo Servi\u00e7o Nacional da Ind\u00fastria (Senai), em parceria com a Diretoria-Geral de Pol\u00edcia Penal e o Minist\u00e9rio P\u00fablico do Trabalho em Goi\u00e1s. Durante 28 dias, os custodiados aprenderam sobre tecnologias e pr\u00e1ticas profissionais do eletricista, riscos el\u00e9tricos, medidas das grandezas el\u00e9tricas e no\u00e7\u00f5es b\u00e1sicas da \u00e1rea, al\u00e9m de conhecimentos no que tangem a interpreta\u00e7\u00e3o de projetos el\u00e9tricos.<\/p>\n<p style=\"text-align: justify\">\u201cOs senhores hoje t\u00eam uma profiss\u00e3o, profiss\u00e3o esta que tem procura imensa no mercado l\u00e1 fora, especialmente na constru\u00e7\u00e3o civil. Voc\u00eas t\u00eam uma oportunidade. Abracem esta oportunidade\u201d, discursou o diretor-geral adjunto de Pol\u00edcia Penal, Firmino Jos\u00e9 Alves, durante a solenidade na escola. \u201cN\u00f3s fizemos um levantamento na DGPP sobre os egressos do sistema penitenci\u00e1rio em 2023. Nenhum reeducando que tenha participado de programas da educa\u00e7\u00e3o ou de trabalho, naquele ano, dentro das unidades prisionais, retornou para a pris\u00e3o\u201d, emendou.<\/p>\n<p style=\"text-align: justify\">O Projeto Resgatar \u00e9 financiado com recursos do MPT-GO. Atualmente, 1.035 custodiados de unidades prisionais de Aparecida de Goi\u00e2nia, Catal\u00e3o, Itumbiara e \u00c1guas Lindas de Goi\u00e1s participam de cursos profissionalizantes, com custo de aproximadamente R$ 4 milh\u00f5es. Os apenados s\u00e3o capacitados pelo Senai em cursos de qualifica\u00e7\u00e3o profissional voltados para a empregabilidade, como nas \u00e1reas de constru\u00e7\u00e3o civil e corte e costura. S\u00e3o beneficiados pelo Resgatar presos que estejam ao final do cumprimento da pena em regime fechado \u2013 nos \u00faltimos seis meses.<\/p>\n<p style=\"text-align: justify\">\u201cA qualifica\u00e7\u00e3o \u00e9 o primeiro passo para que o reeducando possa retomar seu conv\u00edvio social fora do sistema prisional. O segundo passo, e que estamos realizando em parceria com o Poder Judici\u00e1rio, \u00e9 fazer com que as empresas, especialmente da constru\u00e7\u00e3o civil, contratem reeducandos que tenham feito estes cursos pelo Senai. A empresas precisam exercer sua fun\u00e7\u00e3o social\u201d, afirmou o procurador-chefe do MPT-GO, Alpiniano Lopes.<\/p>\n<p><strong>Foto: DGPP<\/strong><\/p>\n<p><strong>Diretoria-Geral de Pol\u00edcia Penal \u2013 Secretaria de Seguran\u00e7a P\u00fablica \u2013 Governo de Goi\u00e1s<\/strong><\/p>\n","protected":false},"excerpt":{"rendered":"<p>Capacita\u00e7\u00e3o foi ministrada pelo Senai Goi\u00e1s, em parceria com a Diretoria-Geral de Pol\u00edcia Penal e o Minist\u00e9rio P\u00fablico do Trabalho\u00a0 20 reeducandos da Penitenci\u00e1ria Coronel Odenir Guimar\u00e3es, integrantes do Projeto Resgatar, receberam o diploma de eletricista predial na quarta-feira (26\/06), no Col\u00e9gio Dona Lourdes Estivalete Teixeira, que fica dentro da POG. O curso foi ministrado [&hellip;]<\/p>\n","protected":false},"author":484,"featured_media":253235,"comment_status":"closed","ping_status":"open","sticky":false,"template":"","format":"standard","meta":{"footnotes":"","_links_to":"","_links_to_target":""},"categories":[3,10,11],"tags":[8,2317,652],"class_list":["post-253233","post","type-post","status-publish","format-standard","has-post-thumbnail","hentry","category-noticias","category-noticias-da-ssp","category-ultimo-segundo","tag-goias","tag-policia-penal","tag-seguranca-publica"],"rttpg_featured_image_url":{"full":["https:\/\/goias.gov.br\/seguranca\/wp-content\/uploads\/sites\/56\/2024\/06\/Formatura-Resgatar-POG-60.jpg",1068,601,false],"landscape":["https:\/\/goias.gov.br\/seguranca\/wp-content\/uploads\/sites\/56\/2024\/06\/Formatura-Resgatar-POG-60.jpg",1068,601,false],"portraits":["https:\/\/goias.gov.br\/seguranca\/wp-content\/uploads\/sites\/56\/2024\/06\/Formatura-Resgatar-POG-60.jpg",1068,601,false],"thumbnail":["https:\/\/goias.gov.br\/seguranca\/wp-content\/uploads\/sites\/56\/2024\/06\/Formatura-Resgatar-POG-60.jpg",150,84,false],"medium":["https:\/\/goias.gov.br\/seguranca\/wp-content\/uploads\/sites\/56\/2024\/06\/Formatura-Resgatar-POG-60.jpg",300,169,false],"large":["https:\/\/goias.gov.br\/seguranca\/wp-content\/uploads\/sites\/56\/2024\/06\/Formatura-Resgatar-POG-60.jpg",1024,576,false],"1536x1536":["https:\/\/goias.gov.br\/seguranca\/wp-content\/uploads\/sites\/56\/2024\/06\/Formatura-Resgatar-POG-60.jpg",1068,601,false],"2048x2048":["https:\/\/goias.gov.br\/seguranca\/wp-content\/uploads\/sites\/56\/2024\/06\/Formatura-Resgatar-POG-60.jpg",1068,601,false]},"rttpg_author":{"display_name":"isabeloliveira","author_link":"https:\/\/goias.gov.br\/seguranca\/author\/isabeloliveira\/"},"rttpg_comment":0,"rttpg_category":"<a href=\"https:\/\/goias.gov.br\/seguranca\/categoria\/noticias\/\" rel=\"category tag\">Not\u00edcias<\/a> <a href=\"https:\/\/goias.gov.br\/seguranca\/categoria\/noticias-da-ssp\/\" rel=\"category tag\">Not\u00edcias da SSP<\/a> <a href=\"https:\/\/goias.gov.br\/seguranca\/categoria\/ultimo-segundo\/\" rel=\"category tag\">\u00daltimo Segundo<\/a>","rttpg_excerpt":"Capacita\u00e7\u00e3o foi ministrada pelo Senai Goi\u00e1s, em parceria com a Diretoria-Geral de Pol\u00edcia Penal e o Minist\u00e9rio P\u00fablico do Trabalho\u00a0 20 reeducandos da Penitenci\u00e1ria Coronel Odenir Guimar\u00e3es, integrantes do Projeto Resgatar, receberam o diploma de eletricista predial na quarta-feira (26\/06), no Col\u00e9gio Dona Lourdes Estivalete Teixeira, que fica dentro da POG. O curso foi ministrado&hellip;","_links":{"self":[{"href":"https:\/\/goias.gov.br\/seguranca\/wp-json\/wp\/v2\/posts\/253233","targetHints":{"allow":["GET"]}}],"collection":[{"href":"https:\/\/goias.gov.br\/seguranca\/wp-json\/wp\/v2\/posts"}],"about":[{"href":"https:\/\/goias.gov.br\/seguranca\/wp-json\/wp\/v2\/types\/post"}],"author":[{"embeddable":true,"href":"https:\/\/goias.gov.br\/seguranca\/wp-json\/wp\/v2\/users\/484"}],"replies":[{"embeddable":true,"href":"https:\/\/goias.gov.br\/seguranca\/wp-json\/wp\/v2\/comments?post=253233"}],"version-history":[{"count":2,"href":"https:\/\/goias.gov.br\/seguranca\/wp-json\/wp\/v2\/posts\/253233\/revisions"}],"predecessor-version":[{"id":253238,"href":"https:\/\/goias.gov.br\/seguranca\/wp-json\/wp\/v2\/posts\/253233\/revisions\/253238"}],"wp:featuredmedia":[{"embeddable":true,"href":"https:\/\/goias.gov.br\/seguranca\/wp-json\/wp\/v2\/media\/253235"}],"wp:attachment":[{"href":"https:\/\/goias.gov.br\/seguranca\/wp-json\/wp\/v2\/media?parent=253233"}],"wp:term":[{"taxonomy":"category","embeddable":true,"href":"https:\/\/goias.gov.br\/seguranca\/wp-json\/wp\/v2\/categories?post=253233"},{"taxonomy":"post_tag","embeddable":true,"href":"https:\/\/goias.gov.br\/seguranca\/wp-json\/wp\/v2\/tags?post=253233"}],"curies":[{"name":"wp","href":"https:\/\/api.w.org\/{rel}","templated":true}]}}