

{"id":25323,"date":"2017-08-10T08:00:07","date_gmt":"2017-08-10T11:00:07","guid":{"rendered":"http:\/\/www.ssp.go.gov.br\/?p=25323"},"modified":"2017-08-10T08:00:07","modified_gmt":"2017-08-10T11:00:07","slug":"10-08-portaria-no-0881-17-retifica-portaria-n-0851-2017-valter-bomfim-oliveira-junior-designa-gerente-de-transportes","status":"publish","type":"post","link":"https:\/\/goias.gov.br\/seguranca\/10-08-portaria-no-0881-17-retifica-portaria-n-0851-2017-valter-bomfim-oliveira-junior-designa-gerente-de-transportes\/","title":{"rendered":"10.08 &#8211; PORTARIA N\u00ba 0881-17 &#8211; Retifica Portaria n. 0851-2017  &#8211; Valter Bomfim Oliveira J\u00fanior &#8211; Designa Gerente de Transportes"},"content":{"rendered":"<p style=\"text-align: justify\"><a href=\"https:\/\/goias.gov.br\/seguranca\/wp-content\/uploads\/sites\/56\/2017\/08\/www.ssp.go.gov.br-publicacao-jornal-de-grande-circulacao.pdf\">PUBLICA\u00c7\u00c3O JORNAL DE GRANDE CIRCULA\u00c7\u00c3O<\/a><\/p>\n<p style=\"text-align: center\">Portaria n\u00ba 0881\/2017\/SSP<\/p>\n<p style=\"text-align: justify\">O Secret\u00e1rio da Seguran\u00e7a P\u00fablica e Administra\u00e7\u00e3o Penitenci\u00e1ria do Estado de Goi\u00e1s nos termos do Art. 1\u00b0, inciso I do Decreto n\u00b0 8.927, de 04 de abril de 2017, publicado no Di\u00e1rio Oficial do Estado n\u00ba 22.542, no uso de suas atribui\u00e7\u00f5es legais e tendo em vista os servi\u00e7os afetos a esta Pasta,<\/p>\n<p style=\"text-align: justify\">RESOLVE:<\/p>\n<p style=\"text-align: justify\">Art. 1\u00b0 Retificar a Portaria n\u00b0 0851\/2017\/SSP, de 27 de julho 2017, publicada no Di\u00e1rio Oficial n\u00b0 22. , que designou o servidor VALTER BOMFIM OLIVEIRA J\u00daNIOR, somente na parte que se refere ao n\u00famero do CPF.<\/p>\n<p style=\"text-align: justify\"><strong>I \u2013 onde se l\u00ea:<\/strong><\/p>\n<p style=\"text-align: justify\"><strong><u>CPF n. 532.868.981-04<\/u><\/strong><\/p>\n<p style=\"text-align: justify\"><strong>II \u2013 leia-se:<\/strong><\/p>\n<p style=\"text-align: justify\"><strong><u>CPF n. 011.608.275-59<\/u><\/strong><\/p>\n<p style=\"text-align: justify\">PUBLIQUE-SE.<\/p>\n<p style=\"text-align: justify\">Gabinete do Secret\u00e1rio da Seguran\u00e7a P\u00fablica e Administra\u00e7\u00e3o Penitenci\u00e1ria do Estado de Goi\u00e1s, em Goi\u00e2nia, aos 03 dias do m\u00eas de agosto de 2017.<\/p>\n<p style=\"text-align: justify\"><strong>RICARDO BRISOLLA BALESTRERI\u00a0 <\/strong><\/p>\n<p style=\"text-align: justify\">Secret\u00e1rio da Seguran\u00e7a P\u00fablica e Administra\u00e7\u00e3o Penitenci\u00e1ria<\/p>\n","protected":false},"excerpt":{"rendered":"<p>PUBLICA\u00c7\u00c3O JORNAL DE GRANDE CIRCULA\u00c7\u00c3O Portaria n\u00ba 0881\/2017\/SSP O Secret\u00e1rio da Seguran\u00e7a P\u00fablica e Administra\u00e7\u00e3o Penitenci\u00e1ria do Estado de Goi\u00e1s nos termos do Art. 1\u00b0, inciso I do Decreto n\u00b0 8.927, de 04 de abril de 2017, publicado no Di\u00e1rio Oficial do Estado n\u00ba 22.542, no uso de suas atribui\u00e7\u00f5es legais e tendo em vista [&hellip;]<\/p>\n","protected":false},"author":3,"featured_media":0,"comment_status":"closed","ping_status":"closed","sticky":false,"template":"","format":"standard","meta":{"footnotes":"","_links_to":"","_links_to_target":""},"categories":[12],"tags":[],"class_list":["post-25323","post","type-post","status-publish","format-standard","hentry","category-portarias"],"rttpg_featured_image_url":null,"rttpg_author":{"display_name":"joanaredator","author_link":"https:\/\/goias.gov.br\/seguranca\/author\/joanaredator\/"},"rttpg_comment":0,"rttpg_category":"<a href=\"https:\/\/goias.gov.br\/seguranca\/categoria\/portarias\/\" rel=\"category tag\">Portarias<\/a>","rttpg_excerpt":"PUBLICA\u00c7\u00c3O JORNAL DE GRANDE CIRCULA\u00c7\u00c3O Portaria n\u00ba 0881\/2017\/SSP O Secret\u00e1rio da Seguran\u00e7a P\u00fablica e Administra\u00e7\u00e3o Penitenci\u00e1ria do Estado de Goi\u00e1s nos termos do Art. 1\u00b0, inciso I do Decreto n\u00b0 8.927, de 04 de abril de 2017, publicado no Di\u00e1rio Oficial do Estado n\u00ba 22.542, no uso de suas atribui\u00e7\u00f5es legais e tendo em vista&hellip;","_links":{"self":[{"href":"https:\/\/goias.gov.br\/seguranca\/wp-json\/wp\/v2\/posts\/25323","targetHints":{"allow":["GET"]}}],"collection":[{"href":"https:\/\/goias.gov.br\/seguranca\/wp-json\/wp\/v2\/posts"}],"about":[{"href":"https:\/\/goias.gov.br\/seguranca\/wp-json\/wp\/v2\/types\/post"}],"author":[{"embeddable":true,"href":"https:\/\/goias.gov.br\/seguranca\/wp-json\/wp\/v2\/users\/3"}],"replies":[{"embeddable":true,"href":"https:\/\/goias.gov.br\/seguranca\/wp-json\/wp\/v2\/comments?post=25323"}],"version-history":[{"count":0,"href":"https:\/\/goias.gov.br\/seguranca\/wp-json\/wp\/v2\/posts\/25323\/revisions"}],"wp:attachment":[{"href":"https:\/\/goias.gov.br\/seguranca\/wp-json\/wp\/v2\/media?parent=25323"}],"wp:term":[{"taxonomy":"category","embeddable":true,"href":"https:\/\/goias.gov.br\/seguranca\/wp-json\/wp\/v2\/categories?post=25323"},{"taxonomy":"post_tag","embeddable":true,"href":"https:\/\/goias.gov.br\/seguranca\/wp-json\/wp\/v2\/tags?post=25323"}],"curies":[{"name":"wp","href":"https:\/\/api.w.org\/{rel}","templated":true}]}}