

{"id":251902,"date":"2024-06-10T18:01:07","date_gmt":"2024-06-10T21:01:07","guid":{"rendered":"https:\/\/goias.gov.br\/seguranca\/?p=251902"},"modified":"2024-06-11T09:21:15","modified_gmt":"2024-06-11T12:21:15","slug":"batalhao-rural-da-pmgo-completa-5-anos","status":"publish","type":"post","link":"https:\/\/goias.gov.br\/seguranca\/batalhao-rural-da-pmgo-completa-5-anos\/","title":{"rendered":"Batalh\u00e3o Rural da PMGO completa 5 anos"},"content":{"rendered":"<p style=\"text-align: center\"><em>Servi\u00e7o de seguran\u00e7a \u00e9 destaque no estado de Goi\u00e1s<\/em><\/p>\n<p><img fetchpriority=\"high\" decoding=\"async\" class=\"wp-image-251907 aligncenter\" src=\"https:\/\/goias.gov.br\/seguranca\/wp-content\/uploads\/sites\/56\/2024\/06\/WhatsApp-Image-2024-06-10-at-17.20.25-1.jpeg\" alt=\"\" width=\"855\" height=\"641\" \/><\/p>\n<p style=\"text-align: justify\">A Policia Militar de Goi\u00e1s promoveu, nesta segunda-feira (10\/06), a solenidade de comemora\u00e7\u00e3o aos 5 anos do Batalh\u00e3o Rural da Policia Militar de Goi\u00e1s. O evento contou com a presen\u00e7a do secret\u00e1rio de Seguran\u00e7a P\u00fablica, Renato Brum, do comandante de Opera\u00e7\u00f5es de Cerrado, Alexandre Saliba, do comandante-geral da PMGO, coronel Marcelo Granja, do subcomandante, coronel \u00canio Jos\u00e9 Carlos Hans, entre outras autoridades civis e militares.<\/p>\n<p style=\"text-align: justify\">O comandante de Opera\u00e7\u00f5es de Cerrado (COC), Alexandre Saliba destacou a efici\u00eancia do trabalho do Batalh\u00e3o Rural durante sua exist\u00eancia. \u201cS\u00e3o 5 anos de uma unidade que desenvolveu um novo formato de policiamento que construiu resultados exorbitantes positivamente e acima de tudo, hoje, \u00e9 refer\u00eancia nacional\u201d, comentou.<\/p>\n<p style=\"text-align: justify\">\u201cOs senhores fazem parte da hist\u00f3ria, n\u00e3o s\u00f3 a hist\u00f3ria do estado de Goi\u00e1s, mas principalmente do Brasil. Com essa nova modalidade de policiamento, voc\u00eas levam seguran\u00e7a ao homem do campo, n\u00e3o s\u00f3 a sensa\u00e7\u00e3o de seguran\u00e7a, mas uma seguran\u00e7a real, para aqueles que tanto necessitavam\u201d, destacou o comandante-geral da PMGO, Marcelo Granja.<\/p>\n<p style=\"text-align: justify\">O secretario Renato Brum frisou a import\u00e2ncia do Batalh\u00e3o Rural para a seguran\u00e7a no Estado. \u201cEm 2019, nosso governador Ronaldo Caiado determinou que fosse feito a seguran\u00e7a no campo, pois era quase inexistente, foi um grande desafio e hoje o Batalh\u00e3o Rural \u00e9 uma realidade, completando 5\u00a0anos e \u00e9 refer\u00eancia em todo o pa\u00eds, e hoje, traz a paz e a seguran\u00e7a ao homem do campo\u201d, finalizou.<\/p>\n<p style=\"text-align: justify\"><strong>Hist\u00f3ria<\/strong><\/p>\n<p style=\"text-align: justify\">Nesses 5 anos, o batalh\u00e3o rural tem desempenhado um papel fundamental na prote\u00e7\u00e3o e seguran\u00e7a das \u00e1reas rurais de nosso estado, fortalecendo a confian\u00e7a da popula\u00e7\u00e3o no trabalho incans\u00e1vel da Pol\u00edcia Militar. Desde sua cria\u00e7\u00e3o, o Batalh\u00e3o Rural foi concebido com a miss\u00e3o de combater a criminalidade nas regi\u00f5es rurais, onde a dist\u00e2ncia e a dispers\u00e3o das propriedades muitas vezes dificultam a atua\u00e7\u00e3o das For\u00e7as de Seguran\u00e7a. Com um planejamento estrat\u00e9gico e o emprego de tecnologias avan\u00e7adas, a unidade tem se destacado pela efic\u00e1cia nas opera\u00e7\u00f5es, promovendo a paz e a ordem nas comunidades do campo.<\/p>\n<p style=\"text-align: justify\"><strong>Investimentos<\/strong><\/p>\n<p style=\"text-align: justify\">Na oportunidade, com um marco significativo o Batalh\u00e3o Rural apresentou seu novo fardamento, desenvolvido para oferecer maior conforto e praticidade aos policiais em servi\u00e7o. Al\u00e9m disso, as viaturas receberam novas plotagens, que n\u00e3o apenas modernizam a apar\u00eancia, mas tamb\u00e9m aumentam a visibilidade e o reconhecimento das equipes em campo.<\/p>\n<p style=\"text-align: justify\">Tamb\u00e9m foram implementadas inova\u00e7\u00f5es tecnol\u00f3gicas como \u00e9 o uso de r\u00e1dios sat\u00e9lites, esses dispositivos permitem a comunica\u00e7\u00e3o eficiente em locais remotos, onde a cobertura de telefonia celular \u00e9 limitada ou inexistente. A tecnologia garante que os policiais possam coordenar opera\u00e7\u00f5es e solicitar apoio rapidamente, independentemente da localiza\u00e7\u00e3o.<\/p>\n<p style=\"text-align: justify\">Para aumentar ainda mais a efic\u00e1cia no combate ao crime, o Batalh\u00e3o Rural adquiriu novos armamentos de fabrica\u00e7\u00e3o israelense, equipando os policiais com ferramentas modernas e de alta precis\u00e3o. Os novos equipamentos ser\u00e3o essenciais para enfrentar os desafios espec\u00edficos das \u00e1reas rurais e garantir a seguran\u00e7a dos cidad\u00e3os e dos pr\u00f3prios policiais.<\/p>\n<p style=\"text-align: justify\">Outro marco importante nesses cinco anos \u00e9 o cadastro de 100 mil propriedades em \u00e1reas rurais do estado de Goi\u00e1s. Esse esfor\u00e7o de mapeamento e registro \u00e9 fundamental para a atua\u00e7\u00e3o preventiva e r\u00e1pida das for\u00e7as de seguran\u00e7a, permitindo um conhecimento detalhado das \u00e1reas de atua\u00e7\u00e3o e facilitando o contato com os propriet\u00e1rios em situa\u00e7\u00f5es de emerg\u00eancia.<\/p>\n<p><strong>Fotos: Magno Le\u00e3o\/SSP e PM5<\/strong><\/p>\n<p><strong>Comunica\u00e7\u00e3o Setorial \u2013\u00a0 Secretaria de Seguran\u00e7a de P\u00fablica \u2013 Governo de Goi\u00e1s<\/strong><\/p>\n<div id='gallery-1' class='gallery galleryid-251902 gallery-columns-3 gallery-size-thumbnail'><figure class='gallery-item'>\n\t\t\t<div class='gallery-icon landscape'>\n\t\t\t\t<a href='https:\/\/goias.gov.br\/seguranca\/batalhao-rural-da-pmgo-completa-5-anos\/snapinsta-app_448108437_18437819563004134_1522210587711648456_n_1080\/'><img decoding=\"async\" width=\"150\" height=\"150\" src=\"https:\/\/goias.gov.br\/seguranca\/wp-content\/uploads\/sites\/56\/2024\/06\/Snapinsta.app_448108437_18437819563004134_1522210587711648456_n_1080.jpg\" class=\"attachment-thumbnail size-thumbnail\" alt=\"\" \/><\/a>\n\t\t\t<\/div><\/figure><figure class='gallery-item'>\n\t\t\t<div class='gallery-icon landscape'>\n\t\t\t\t<a href='https:\/\/goias.gov.br\/seguranca\/batalhao-rural-da-pmgo-completa-5-anos\/snapinsta-app_428679281_18437819506004134_8880893780931251886_n_1080\/'><img decoding=\"async\" width=\"150\" height=\"150\" src=\"https:\/\/goias.gov.br\/seguranca\/wp-content\/uploads\/sites\/56\/2024\/06\/Snapinsta.app_428679281_18437819506004134_8880893780931251886_n_1080.jpg\" class=\"attachment-thumbnail size-thumbnail\" alt=\"\" \/><\/a>\n\t\t\t<\/div><\/figure><figure class='gallery-item'>\n\t\t\t<div class='gallery-icon landscape'>\n\t\t\t\t<a href='https:\/\/goias.gov.br\/seguranca\/batalhao-rural-da-pmgo-completa-5-anos\/snapinsta-app_448153339_18437819515004134_328770285437958909_n_1080\/'><img loading=\"lazy\" decoding=\"async\" width=\"150\" height=\"150\" src=\"https:\/\/goias.gov.br\/seguranca\/wp-content\/uploads\/sites\/56\/2024\/06\/Snapinsta.app_448153339_18437819515004134_328770285437958909_n_1080.jpg\" class=\"attachment-thumbnail size-thumbnail\" alt=\"\" \/><\/a>\n\t\t\t<\/div><\/figure><figure class='gallery-item'>\n\t\t\t<div class='gallery-icon landscape'>\n\t\t\t\t<a href='https:\/\/goias.gov.br\/seguranca\/batalhao-rural-da-pmgo-completa-5-anos\/snapinsta-app_447966071_18437819533004134_2070578006493548659_n_1080\/'><img loading=\"lazy\" decoding=\"async\" width=\"150\" height=\"150\" src=\"https:\/\/goias.gov.br\/seguranca\/wp-content\/uploads\/sites\/56\/2024\/06\/Snapinsta.app_447966071_18437819533004134_2070578006493548659_n_1080.jpg\" class=\"attachment-thumbnail size-thumbnail\" alt=\"\" \/><\/a>\n\t\t\t<\/div><\/figure><figure class='gallery-item'>\n\t\t\t<div class='gallery-icon landscape'>\n\t\t\t\t<a href='https:\/\/goias.gov.br\/seguranca\/batalhao-rural-da-pmgo-completa-5-anos\/snapinsta-app_447836575_18437819524004134_895248235805323601_n_1080\/'><img loading=\"lazy\" decoding=\"async\" width=\"150\" height=\"150\" src=\"https:\/\/goias.gov.br\/seguranca\/wp-content\/uploads\/sites\/56\/2024\/06\/Snapinsta.app_447836575_18437819524004134_895248235805323601_n_1080.jpg\" class=\"attachment-thumbnail size-thumbnail\" alt=\"\" \/><\/a>\n\t\t\t<\/div><\/figure><figure class='gallery-item'>\n\t\t\t<div class='gallery-icon landscape'>\n\t\t\t\t<a href='https:\/\/goias.gov.br\/seguranca\/batalhao-rural-da-pmgo-completa-5-anos\/snapinsta-app_448218958_18437819590004134_1625764262118185830_n_1080\/'><img loading=\"lazy\" decoding=\"async\" width=\"150\" height=\"150\" src=\"https:\/\/goias.gov.br\/seguranca\/wp-content\/uploads\/sites\/56\/2024\/06\/Snapinsta.app_448218958_18437819590004134_1625764262118185830_n_1080.jpg\" class=\"attachment-thumbnail size-thumbnail\" alt=\"\" \/><\/a>\n\t\t\t<\/div><\/figure><figure class='gallery-item'>\n\t\t\t<div class='gallery-icon landscape'>\n\t\t\t\t<a href='https:\/\/goias.gov.br\/seguranca\/batalhao-rural-da-pmgo-completa-5-anos\/snapinsta-app_447787093_18437819551004134_3523537994101816799_n_1080\/'><img loading=\"lazy\" decoding=\"async\" width=\"150\" height=\"150\" src=\"https:\/\/goias.gov.br\/seguranca\/wp-content\/uploads\/sites\/56\/2024\/06\/Snapinsta.app_447787093_18437819551004134_3523537994101816799_n_1080.jpg\" class=\"attachment-thumbnail size-thumbnail\" alt=\"\" \/><\/a>\n\t\t\t<\/div><\/figure><figure class='gallery-item'>\n\t\t\t<div class='gallery-icon landscape'>\n\t\t\t\t<a href='https:\/\/goias.gov.br\/seguranca\/batalhao-rural-da-pmgo-completa-5-anos\/snapinsta-app_447748828_18437819581004134_1758759229711251880_n_1080\/'><img loading=\"lazy\" decoding=\"async\" width=\"150\" height=\"150\" src=\"https:\/\/goias.gov.br\/seguranca\/wp-content\/uploads\/sites\/56\/2024\/06\/Snapinsta.app_447748828_18437819581004134_1758759229711251880_n_1080.jpg\" class=\"attachment-thumbnail size-thumbnail\" alt=\"\" \/><\/a>\n\t\t\t<\/div><\/figure><figure class='gallery-item'>\n\t\t\t<div class='gallery-icon landscape'>\n\t\t\t\t<a href='https:\/\/goias.gov.br\/seguranca\/batalhao-rural-da-pmgo-completa-5-anos\/snapinsta-app_447822912_18437819572004134_1061374226057706198_n_1080\/'><img loading=\"lazy\" decoding=\"async\" width=\"150\" height=\"150\" src=\"https:\/\/goias.gov.br\/seguranca\/wp-content\/uploads\/sites\/56\/2024\/06\/Snapinsta.app_447822912_18437819572004134_1061374226057706198_n_1080.jpg\" class=\"attachment-thumbnail size-thumbnail\" alt=\"\" \/><\/a>\n\t\t\t<\/div><\/figure><figure class='gallery-item'>\n\t\t\t<div class='gallery-icon landscape'>\n\t\t\t\t<a href='https:\/\/goias.gov.br\/seguranca\/batalhao-rural-da-pmgo-completa-5-anos\/snapinsta-app_447905337_18437819542004134_6535880174999235650_n_1080\/'><img loading=\"lazy\" decoding=\"async\" width=\"150\" height=\"150\" src=\"https:\/\/goias.gov.br\/seguranca\/wp-content\/uploads\/sites\/56\/2024\/06\/Snapinsta.app_447905337_18437819542004134_6535880174999235650_n_1080.jpg\" class=\"attachment-thumbnail size-thumbnail\" alt=\"\" \/><\/a>\n\t\t\t<\/div><\/figure>\n\t\t<\/div>\n\n","protected":false},"excerpt":{"rendered":"<p>Servi\u00e7o de seguran\u00e7a \u00e9 destaque no estado de Goi\u00e1s A Policia Militar de Goi\u00e1s promoveu, nesta segunda-feira (10\/06), a solenidade de comemora\u00e7\u00e3o aos 5 anos do Batalh\u00e3o Rural da Policia Militar de Goi\u00e1s. O evento contou com a presen\u00e7a do secret\u00e1rio de Seguran\u00e7a P\u00fablica, Renato Brum, do comandante de Opera\u00e7\u00f5es de Cerrado, Alexandre Saliba, do [&hellip;]<\/p>\n","protected":false},"author":485,"featured_media":251922,"comment_status":"closed","ping_status":"open","sticky":false,"template":"","format":"standard","meta":{"footnotes":"","_links_to":"","_links_to_target":""},"categories":[3,10,11],"tags":[2159,98,282],"class_list":["post-251902","post","type-post","status-publish","format-standard","has-post-thumbnail","hentry","category-noticias","category-noticias-da-ssp","category-ultimo-segundo","tag-batalhao-rural","tag-policia-militar","tag-seguranca"],"rttpg_featured_image_url":{"full":["https:\/\/goias.gov.br\/seguranca\/wp-content\/uploads\/sites\/56\/2024\/06\/WhatsApp-Image-2024-06-10-at-17.01.11.jpeg",4032,3024,false],"landscape":["https:\/\/goias.gov.br\/seguranca\/wp-content\/uploads\/sites\/56\/2024\/06\/WhatsApp-Image-2024-06-10-at-17.01.11.jpeg",4032,3024,false],"portraits":["https:\/\/goias.gov.br\/seguranca\/wp-content\/uploads\/sites\/56\/2024\/06\/WhatsApp-Image-2024-06-10-at-17.01.11.jpeg",4032,3024,false],"thumbnail":["https:\/\/goias.gov.br\/seguranca\/wp-content\/uploads\/sites\/56\/2024\/06\/WhatsApp-Image-2024-06-10-at-17.01.11.jpeg",150,113,false],"medium":["https:\/\/goias.gov.br\/seguranca\/wp-content\/uploads\/sites\/56\/2024\/06\/WhatsApp-Image-2024-06-10-at-17.01.11.jpeg",300,225,false],"large":["https:\/\/goias.gov.br\/seguranca\/wp-content\/uploads\/sites\/56\/2024\/06\/WhatsApp-Image-2024-06-10-at-17.01.11.jpeg",1024,768,false],"1536x1536":["https:\/\/goias.gov.br\/seguranca\/wp-content\/uploads\/sites\/56\/2024\/06\/WhatsApp-Image-2024-06-10-at-17.01.11.jpeg",1536,1152,false],"2048x2048":["https:\/\/goias.gov.br\/seguranca\/wp-content\/uploads\/sites\/56\/2024\/06\/WhatsApp-Image-2024-06-10-at-17.01.11.jpeg",2048,1536,false]},"rttpg_author":{"display_name":"giovanamarcos","author_link":"https:\/\/goias.gov.br\/seguranca\/author\/giovanamarcos\/"},"rttpg_comment":0,"rttpg_category":"<a href=\"https:\/\/goias.gov.br\/seguranca\/categoria\/noticias\/\" rel=\"category tag\">Not\u00edcias<\/a> <a href=\"https:\/\/goias.gov.br\/seguranca\/categoria\/noticias-da-ssp\/\" rel=\"category tag\">Not\u00edcias da SSP<\/a> <a href=\"https:\/\/goias.gov.br\/seguranca\/categoria\/ultimo-segundo\/\" rel=\"category tag\">\u00daltimo Segundo<\/a>","rttpg_excerpt":"Servi\u00e7o de seguran\u00e7a \u00e9 destaque no estado de Goi\u00e1s A Policia Militar de Goi\u00e1s promoveu, nesta segunda-feira (10\/06), a solenidade de comemora\u00e7\u00e3o aos 5 anos do Batalh\u00e3o Rural da Policia Militar de Goi\u00e1s. O evento contou com a presen\u00e7a do secret\u00e1rio de Seguran\u00e7a P\u00fablica, Renato Brum, do comandante de Opera\u00e7\u00f5es de Cerrado, Alexandre Saliba, do&hellip;","_links":{"self":[{"href":"https:\/\/goias.gov.br\/seguranca\/wp-json\/wp\/v2\/posts\/251902","targetHints":{"allow":["GET"]}}],"collection":[{"href":"https:\/\/goias.gov.br\/seguranca\/wp-json\/wp\/v2\/posts"}],"about":[{"href":"https:\/\/goias.gov.br\/seguranca\/wp-json\/wp\/v2\/types\/post"}],"author":[{"embeddable":true,"href":"https:\/\/goias.gov.br\/seguranca\/wp-json\/wp\/v2\/users\/485"}],"replies":[{"embeddable":true,"href":"https:\/\/goias.gov.br\/seguranca\/wp-json\/wp\/v2\/comments?post=251902"}],"version-history":[{"count":3,"href":"https:\/\/goias.gov.br\/seguranca\/wp-json\/wp\/v2\/posts\/251902\/revisions"}],"predecessor-version":[{"id":251939,"href":"https:\/\/goias.gov.br\/seguranca\/wp-json\/wp\/v2\/posts\/251902\/revisions\/251939"}],"wp:featuredmedia":[{"embeddable":true,"href":"https:\/\/goias.gov.br\/seguranca\/wp-json\/wp\/v2\/media\/251922"}],"wp:attachment":[{"href":"https:\/\/goias.gov.br\/seguranca\/wp-json\/wp\/v2\/media?parent=251902"}],"wp:term":[{"taxonomy":"category","embeddable":true,"href":"https:\/\/goias.gov.br\/seguranca\/wp-json\/wp\/v2\/categories?post=251902"},{"taxonomy":"post_tag","embeddable":true,"href":"https:\/\/goias.gov.br\/seguranca\/wp-json\/wp\/v2\/tags?post=251902"}],"curies":[{"name":"wp","href":"https:\/\/api.w.org\/{rel}","templated":true}]}}